{"id":1024,"date":"2024-08-19T22:24:08","date_gmt":"2024-08-20T02:24:08","guid":{"rendered":"https:\/\/koncevisiontv.cl\/web\/?p=1024"},"modified":"2024-08-19T22:28:54","modified_gmt":"2024-08-20T02:28:54","slug":"jose-luis-el-puma-rodriguez-se-despide-en-chile","status":"publish","type":"post","link":"https:\/\/www.koncevisiontv.cl\/web\/jose-luis-el-puma-rodriguez-se-despide-en-chile\/","title":{"rendered":"Jos\u00e9 Luis &#8220;El Puma&#8221; Rodr\u00edguez se despide en Chile"},"content":{"rendered":"<p><img loading=\"lazy\" decoding=\"async\" class=\"alignleft size-full wp-image-1025\" src=\"https:\/\/koncevisiontv.cl\/web\/wp-content\/uploads\/2024\/08\/Jose-Luis_rodriguez.jpg\" alt=\"Jos\u00e9 Luis &quot;El Puma&quot; Rodr\u00edguez se despide con gira en Chile\" width=\"1200\" height=\"800\" title=\"\" srcset=\"https:\/\/www.koncevisiontv.cl\/web\/wp-content\/uploads\/2024\/08\/Jose-Luis_rodriguez.jpg 1200w, https:\/\/www.koncevisiontv.cl\/web\/wp-content\/uploads\/2024\/08\/Jose-Luis_rodriguez-300x200.jpg 300w, https:\/\/www.koncevisiontv.cl\/web\/wp-content\/uploads\/2024\/08\/Jose-Luis_rodriguez-1024x683.jpg 1024w, https:\/\/www.koncevisiontv.cl\/web\/wp-content\/uploads\/2024\/08\/Jose-Luis_rodriguez-768x512.jpg 768w\" sizes=\"auto, (max-width: 1200px) 100vw, 1200px\" \/><\/p>\n<p>&nbsp;<\/p>\n<h2><strong>Jos\u00e9 Luis &#8220;El Puma&#8221; Rodr\u00edguez se despide de los escenarios con gira en Chile y apunta al Festival de Vi\u00f1a 2025<\/strong><\/h2>\n<p>El reconocido cantante venezolano Jos\u00e9 Luis Rodr\u00edguez, mejor conocido como &#8220;El Puma&#8221;, ha anunciado su retiro de los escenarios despu\u00e9s de una destacada carrera art\u00edstica que abarca 62 a\u00f1os. Su despedida ser\u00e1 marcada por el tour &#8220;Gracias y adi\u00f3s&#8221;, el cual comenzar\u00e1 en Chile y podr\u00eda incluir una participaci\u00f3n especial en el Festival de Vi\u00f1a del Mar 2025.<\/p>\n<p>La gira de despedida iniciar\u00e1 el 17 de mayo de 2025 en el Movistar Arena de Santiago, ofreciendo a sus fan\u00e1ticos la \u00faltima oportunidad de ver al ic\u00f3nico artista en vivo. Rodr\u00edguez, de 81 a\u00f1os, expres\u00f3 su gratitud hacia el p\u00fablico chileno, destacando la importancia de Chile en su carrera. &#8220;Chile es el comienzo de todo y por lo tanto es aqu\u00ed, en su bello pa\u00eds, donde quiero decir &#8216;gracias y adi\u00f3s'&#8221;, afirm\u00f3 el cantante.<\/p>\n<p>Adem\u00e1s, <strong>Jos\u00e9 Luis &#8220;El Puma&#8221; Rodr\u00edguez\u00a0 <\/strong>manifest\u00f3 su deseo de cerrar su carrera en el prestigioso Festival de Vi\u00f1a del Mar, un escenario que siempre ha considerado especial. &#8220;Espero tener la oportunidad de cerrar un maravilloso ciclo en el pr\u00f3ximo Festival de Vi\u00f1a del Mar y el 17 de mayo en Movistar Arena. Los veo a todos ah\u00ed. Su amigo de siempre, Jos\u00e9 Luis Rodr\u00edguez &#8216;El Puma'&#8221;, a\u00f1adi\u00f3.<\/p>\n<p>Las entradas para el esperado show en el Movistar Arena ya est\u00e1n disponibles a trav\u00e9s del sistema Puntoticket, con precios que oscilan entre $35.000 y $90.000 (sin cargo por servicio).<\/p>\n","protected":false},"excerpt":{"rendered":"<p>&nbsp; Jos\u00e9 Luis &#8220;El Puma&#8221; Rodr\u00edguez se despide de los escenarios con gira en Chile y apunta al<\/p>\n","protected":false},"author":5,"featured_media":1025,"comment_status":"open","ping_status":"open","sticky":false,"template":"","format":"standard","meta":{"_crdt_document":"","_uag_custom_page_level_css":"","_sitemap_exclude":false,"_sitemap_priority":"","_sitemap_frequency":"","_joinchat":[],"footnotes":""},"categories":[161,202],"tags":[],"class_list":["post-1024","post","type-post","status-publish","format-standard","has-post-thumbnail","hentry","category-internacional","category-espectaculo"],"featured_image_urls":{"full":["https:\/\/www.koncevisiontv.cl\/web\/wp-content\/uploads\/2024\/08\/Jose-Luis_rodriguez.jpg",1200,800,false],"thumbnail":["https:\/\/www.koncevisiontv.cl\/web\/wp-content\/uploads\/2024\/08\/Jose-Luis_rodriguez-150x150.jpg",150,150,true],"medium":["https:\/\/www.koncevisiontv.cl\/web\/wp-content\/uploads\/2024\/08\/Jose-Luis_rodriguez-300x200.jpg",300,200,true],"medium_large":["https:\/\/www.koncevisiontv.cl\/web\/wp-content\/uploads\/2024\/08\/Jose-Luis_rodriguez-768x512.jpg",640,427,true],"large":["https:\/\/www.koncevisiontv.cl\/web\/wp-content\/uploads\/2024\/08\/Jose-Luis_rodriguez-1024x683.jpg",640,427,true],"1536x1536":["https:\/\/www.koncevisiontv.cl\/web\/wp-content\/uploads\/2024\/08\/Jose-Luis_rodriguez.jpg",1200,800,false],"2048x2048":["https:\/\/www.koncevisiontv.cl\/web\/wp-content\/uploads\/2024\/08\/Jose-Luis_rodriguez.jpg",1200,800,false],"darknews-featured":["https:\/\/www.koncevisiontv.cl\/web\/wp-content\/uploads\/2024\/08\/Jose-Luis_rodriguez-1024x683.jpg",1024,683,true],"darknews-large":["https:\/\/www.koncevisiontv.cl\/web\/wp-content\/uploads\/2024\/08\/Jose-Luis_rodriguez-825x575.jpg",825,575,true],"darknews-medium":["https:\/\/www.koncevisiontv.cl\/web\/wp-content\/uploads\/2024\/08\/Jose-Luis_rodriguez-590x410.jpg",590,410,true]},"author_info":{"info":["Web-Master"]},"category_info":"<a href=\"https:\/\/www.koncevisiontv.cl\/web\/category\/internacional\/\" rel=\"category tag\">Internacional<\/a> <a href=\"https:\/\/www.koncevisiontv.cl\/web\/category\/espectaculo\/\" rel=\"category tag\">Espectaculo<\/a>","tag_info":"Espectaculo","comment_count":"0","uagb_featured_image_src":{"full":["https:\/\/www.koncevisiontv.cl\/web\/wp-content\/uploads\/2024\/08\/Jose-Luis_rodriguez.jpg",1200,800,false],"thumbnail":["https:\/\/www.koncevisiontv.cl\/web\/wp-content\/uploads\/2024\/08\/Jose-Luis_rodriguez-150x150.jpg",150,150,true],"medium":["https:\/\/www.koncevisiontv.cl\/web\/wp-content\/uploads\/2024\/08\/Jose-Luis_rodriguez-300x200.jpg",300,200,true],"medium_large":["https:\/\/www.koncevisiontv.cl\/web\/wp-content\/uploads\/2024\/08\/Jose-Luis_rodriguez-768x512.jpg",640,427,true],"large":["https:\/\/www.koncevisiontv.cl\/web\/wp-content\/uploads\/2024\/08\/Jose-Luis_rodriguez-1024x683.jpg",640,427,true],"1536x1536":["https:\/\/www.koncevisiontv.cl\/web\/wp-content\/uploads\/2024\/08\/Jose-Luis_rodriguez.jpg",1200,800,false],"2048x2048":["https:\/\/www.koncevisiontv.cl\/web\/wp-content\/uploads\/2024\/08\/Jose-Luis_rodriguez.jpg",1200,800,false],"darknews-featured":["https:\/\/www.koncevisiontv.cl\/web\/wp-content\/uploads\/2024\/08\/Jose-Luis_rodriguez-1024x683.jpg",1024,683,true],"darknews-large":["https:\/\/www.koncevisiontv.cl\/web\/wp-content\/uploads\/2024\/08\/Jose-Luis_rodriguez-825x575.jpg",825,575,true],"darknews-medium":["https:\/\/www.koncevisiontv.cl\/web\/wp-content\/uploads\/2024\/08\/Jose-Luis_rodriguez-590x410.jpg",590,410,true]},"uagb_author_info":{"display_name":"Web-Master","author_link":"https:\/\/www.koncevisiontv.cl\/web\/author\/koncevision\/"},"uagb_comment_info":0,"uagb_excerpt":"&nbsp; Jos\u00e9 Luis &#8220;El Puma&#8221; Rodr\u00edguez se despide de los escenarios con gira en Chile y apunta al","_links":{"self":[{"href":"https:\/\/www.koncevisiontv.cl\/web\/wp-json\/wp\/v2\/posts\/1024","targetHints":{"allow":["GET"]}}],"collection":[{"href":"https:\/\/www.koncevisiontv.cl\/web\/wp-json\/wp\/v2\/posts"}],"about":[{"href":"https:\/\/www.koncevisiontv.cl\/web\/wp-json\/wp\/v2\/types\/post"}],"author":[{"embeddable":true,"href":"https:\/\/www.koncevisiontv.cl\/web\/wp-json\/wp\/v2\/users\/5"}],"replies":[{"embeddable":true,"href":"https:\/\/www.koncevisiontv.cl\/web\/wp-json\/wp\/v2\/comments?post=1024"}],"version-history":[{"count":3,"href":"https:\/\/www.koncevisiontv.cl\/web\/wp-json\/wp\/v2\/posts\/1024\/revisions"}],"predecessor-version":[{"id":1029,"href":"https:\/\/www.koncevisiontv.cl\/web\/wp-json\/wp\/v2\/posts\/1024\/revisions\/1029"}],"wp:featuredmedia":[{"embeddable":true,"href":"https:\/\/www.koncevisiontv.cl\/web\/wp-json\/wp\/v2\/media\/1025"}],"wp:attachment":[{"href":"https:\/\/www.koncevisiontv.cl\/web\/wp-json\/wp\/v2\/media?parent=1024"}],"wp:term":[{"taxonomy":"category","embeddable":true,"href":"https:\/\/www.koncevisiontv.cl\/web\/wp-json\/wp\/v2\/categories?post=1024"},{"taxonomy":"post_tag","embeddable":true,"href":"https:\/\/www.koncevisiontv.cl\/web\/wp-json\/wp\/v2\/tags?post=1024"}],"curies":[{"name":"wp","href":"https:\/\/api.w.org\/{rel}","templated":true}]}}