{"id":10781,"date":"2025-08-28T12:56:56","date_gmt":"2025-08-28T16:56:56","guid":{"rendered":"https:\/\/www.koncevisiontv.cl\/web\/?p=10781"},"modified":"2025-08-28T12:56:59","modified_gmt":"2025-08-28T16:56:59","slug":"fatal-accidente-motociclista-fallece-biobio","status":"publish","type":"post","link":"https:\/\/www.koncevisiontv.cl\/web\/fatal-accidente-motociclista-fallece-biobio\/","title":{"rendered":"Motociclista fallece en Laja tras colisi\u00f3n de alta energ\u00eda"},"content":{"rendered":"\n<p class=\"wp-block-paragraph\">Motociclista fallece: Un tr\u00e1gico accidente de tr\u00e1nsito se registr\u00f3 durante la noche de este mi\u00e9rcoles en la comuna de Laja, donde un motociclista perdi\u00f3 la vida tras impactar a alta velocidad con un veh\u00edculo menor. Pese a la r\u00e1pida llegada de los equipos de emergencia, la gravedad de sus lesiones le provoc\u00f3 la muerte en el mismo lugar del suceso.<\/p>\n\n\n\n<p class=\"wp-block-paragraph\">El accidente oblig\u00f3 a la interrupci\u00f3n del tr\u00e1nsito en la ruta y activ\u00f3 un amplio operativo de Bomberos, SAMU y Carabineros para atender la emergencia y realizar las primeras diligencias investigativas.<\/p>\n\n\n\n<h2 class=\"wp-block-heading\">## Colisi\u00f3n de alta energ\u00eda en la Ruta Q-90<\/h2>\n\n\n\n<p class=\"wp-block-paragraph\">El fatal incidente ocurri\u00f3 en la <strong>Ruta Q-90<\/strong>, a la altura de la poblaci\u00f3n Altos del Laja. Por causas que ahora son materia de investigaci\u00f3n, el conductor de la motocicleta colision\u00f3 violentamente contra un autom\u00f3vil que se encontraba en el lugar.<\/p>\n\n\n\n<p class=\"wp-block-paragraph\">La fuerza del impacto, calificado como de &#8220;alta energ\u00eda&#8221;, dej\u00f3 al motociclista con lesiones de extrema gravedad. Aunque el personal del SAMU lleg\u00f3 prontamente para brindarle los primeros auxilios, no fue posible reanimarlo, constatando su fallecimiento en el sitio.<\/p>\n\n\n\n<h2 class=\"wp-block-heading\">## Amplio despliegue de emergencia e investigaci\u00f3n en curso<\/h2>\n\n\n\n<p class=\"wp-block-paragraph\">El lugar del accidente se convirti\u00f3 en el centro de un gran despliegue de emergencia. Voluntarios de Bomberos, personal del SAMU y funcionarios de <strong>Carabineros<\/strong> trabajaron coordinadamente en la escena, lo que oblig\u00f3 a mantener cortado el tr\u00e1nsito hacia el sector de Altos del Laja durante varias horas.<\/p>\n\n\n\n<p class=\"wp-block-paragraph\">La investigaci\u00f3n para determinar las responsabilidades en este fatal accidente qued\u00f3 a cargo de personal de la <strong>Subcomisar\u00eda de Laja<\/strong>. Los funcionarios policiales realizaron el levantamiento de evidencia y los peritajes correspondientes para ser remitidos al Ministerio P\u00fablico.<\/p>\n\n\n\n<p class=\"wp-block-paragraph\">Tras el t\u00e9rmino de los procedimientos de emergencia, el tr\u00e1nsito en la ruta fue normalizado. Las autoridades reiteran el llamado a la conducci\u00f3n prudente, especialmente en rutas con menor iluminaci\u00f3n. Para m\u00e1s informaci\u00f3n sobre prevenci\u00f3n, se puede consultar el sitio de la <strong><a target=\"_blank\" rel=\"noreferrer noopener\" href=\"https:\/\/www.conaset.cl\/\">Comisi\u00f3n Nacional de Seguridad de Tr\u00e1nsito (CONASET)<\/a><\/strong>.<\/p>\n\n\n\n<p class=\"wp-block-paragraph\"><\/p>\n","protected":false},"excerpt":{"rendered":"<p>Motociclista fallece: Un tr\u00e1gico accidente de tr\u00e1nsito se registr\u00f3 durante la noche de este mi\u00e9rcoles en la comuna<\/p>\n","protected":false},"author":5,"featured_media":10782,"comment_status":"open","ping_status":"open","sticky":false,"template":"","format":"standard","meta":{"_crdt_document":"","_uag_custom_page_level_css":"","_sitemap_exclude":false,"_sitemap_priority":"","_sitemap_frequency":"","_joinchat":[],"footnotes":""},"categories":[14],"tags":[],"class_list":["post-10781","post","type-post","status-publish","format-standard","has-post-thumbnail","hentry","category-nacional"],"featured_image_urls":{"full":["https:\/\/www.koncevisiontv.cl\/web\/wp-content\/uploads\/2025\/08\/Screenshot_20250828_101143_com_android_chrome_ChromeTabbedActivity.webp",1200,745,false],"thumbnail":["https:\/\/www.koncevisiontv.cl\/web\/wp-content\/uploads\/2025\/08\/Screenshot_20250828_101143_com_android_chrome_ChromeTabbedActivity-150x150.webp",150,150,true],"medium":["https:\/\/www.koncevisiontv.cl\/web\/wp-content\/uploads\/2025\/08\/Screenshot_20250828_101143_com_android_chrome_ChromeTabbedActivity-300x186.webp",300,186,true],"medium_large":["https:\/\/www.koncevisiontv.cl\/web\/wp-content\/uploads\/2025\/08\/Screenshot_20250828_101143_com_android_chrome_ChromeTabbedActivity-768x477.webp",640,398,true],"large":["https:\/\/www.koncevisiontv.cl\/web\/wp-content\/uploads\/2025\/08\/Screenshot_20250828_101143_com_android_chrome_ChromeTabbedActivity-1024x636.webp",640,398,true],"1536x1536":["https:\/\/www.koncevisiontv.cl\/web\/wp-content\/uploads\/2025\/08\/Screenshot_20250828_101143_com_android_chrome_ChromeTabbedActivity.webp",1200,745,false],"2048x2048":["https:\/\/www.koncevisiontv.cl\/web\/wp-content\/uploads\/2025\/08\/Screenshot_20250828_101143_com_android_chrome_ChromeTabbedActivity.webp",1200,745,false],"darknews-featured":["https:\/\/www.koncevisiontv.cl\/web\/wp-content\/uploads\/2025\/08\/Screenshot_20250828_101143_com_android_chrome_ChromeTabbedActivity-1024x636.webp",1024,636,true],"darknews-large":["https:\/\/www.koncevisiontv.cl\/web\/wp-content\/uploads\/2025\/08\/Screenshot_20250828_101143_com_android_chrome_ChromeTabbedActivity-825x575.webp",825,575,true],"darknews-medium":["https:\/\/www.koncevisiontv.cl\/web\/wp-content\/uploads\/2025\/08\/Screenshot_20250828_101143_com_android_chrome_ChromeTabbedActivity-590x410.webp",590,410,true]},"author_info":{"info":["Web-Master"]},"category_info":"<a href=\"https:\/\/www.koncevisiontv.cl\/web\/category\/nacional\/\" rel=\"category tag\">Nacional<\/a>","tag_info":"Nacional","comment_count":"0","uagb_featured_image_src":{"full":["https:\/\/www.koncevisiontv.cl\/web\/wp-content\/uploads\/2025\/08\/Screenshot_20250828_101143_com_android_chrome_ChromeTabbedActivity.webp",1200,745,false],"thumbnail":["https:\/\/www.koncevisiontv.cl\/web\/wp-content\/uploads\/2025\/08\/Screenshot_20250828_101143_com_android_chrome_ChromeTabbedActivity-150x150.webp",150,150,true],"medium":["https:\/\/www.koncevisiontv.cl\/web\/wp-content\/uploads\/2025\/08\/Screenshot_20250828_101143_com_android_chrome_ChromeTabbedActivity-300x186.webp",300,186,true],"medium_large":["https:\/\/www.koncevisiontv.cl\/web\/wp-content\/uploads\/2025\/08\/Screenshot_20250828_101143_com_android_chrome_ChromeTabbedActivity-768x477.webp",640,398,true],"large":["https:\/\/www.koncevisiontv.cl\/web\/wp-content\/uploads\/2025\/08\/Screenshot_20250828_101143_com_android_chrome_ChromeTabbedActivity-1024x636.webp",640,398,true],"1536x1536":["https:\/\/www.koncevisiontv.cl\/web\/wp-content\/uploads\/2025\/08\/Screenshot_20250828_101143_com_android_chrome_ChromeTabbedActivity.webp",1200,745,false],"2048x2048":["https:\/\/www.koncevisiontv.cl\/web\/wp-content\/uploads\/2025\/08\/Screenshot_20250828_101143_com_android_chrome_ChromeTabbedActivity.webp",1200,745,false],"darknews-featured":["https:\/\/www.koncevisiontv.cl\/web\/wp-content\/uploads\/2025\/08\/Screenshot_20250828_101143_com_android_chrome_ChromeTabbedActivity-1024x636.webp",1024,636,true],"darknews-large":["https:\/\/www.koncevisiontv.cl\/web\/wp-content\/uploads\/2025\/08\/Screenshot_20250828_101143_com_android_chrome_ChromeTabbedActivity-825x575.webp",825,575,true],"darknews-medium":["https:\/\/www.koncevisiontv.cl\/web\/wp-content\/uploads\/2025\/08\/Screenshot_20250828_101143_com_android_chrome_ChromeTabbedActivity-590x410.webp",590,410,true]},"uagb_author_info":{"display_name":"Web-Master","author_link":"https:\/\/www.koncevisiontv.cl\/web\/author\/koncevision\/"},"uagb_comment_info":0,"uagb_excerpt":"Motociclista fallece: Un tr\u00e1gico accidente de tr\u00e1nsito se registr\u00f3 durante la noche de este mi\u00e9rcoles en la comuna","_links":{"self":[{"href":"https:\/\/www.koncevisiontv.cl\/web\/wp-json\/wp\/v2\/posts\/10781","targetHints":{"allow":["GET"]}}],"collection":[{"href":"https:\/\/www.koncevisiontv.cl\/web\/wp-json\/wp\/v2\/posts"}],"about":[{"href":"https:\/\/www.koncevisiontv.cl\/web\/wp-json\/wp\/v2\/types\/post"}],"author":[{"embeddable":true,"href":"https:\/\/www.koncevisiontv.cl\/web\/wp-json\/wp\/v2\/users\/5"}],"replies":[{"embeddable":true,"href":"https:\/\/www.koncevisiontv.cl\/web\/wp-json\/wp\/v2\/comments?post=10781"}],"version-history":[{"count":1,"href":"https:\/\/www.koncevisiontv.cl\/web\/wp-json\/wp\/v2\/posts\/10781\/revisions"}],"predecessor-version":[{"id":10783,"href":"https:\/\/www.koncevisiontv.cl\/web\/wp-json\/wp\/v2\/posts\/10781\/revisions\/10783"}],"wp:featuredmedia":[{"embeddable":true,"href":"https:\/\/www.koncevisiontv.cl\/web\/wp-json\/wp\/v2\/media\/10782"}],"wp:attachment":[{"href":"https:\/\/www.koncevisiontv.cl\/web\/wp-json\/wp\/v2\/media?parent=10781"}],"wp:term":[{"taxonomy":"category","embeddable":true,"href":"https:\/\/www.koncevisiontv.cl\/web\/wp-json\/wp\/v2\/categories?post=10781"},{"taxonomy":"post_tag","embeddable":true,"href":"https:\/\/www.koncevisiontv.cl\/web\/wp-json\/wp\/v2\/tags?post=10781"}],"curies":[{"name":"wp","href":"https:\/\/api.w.org\/{rel}","templated":true}]}}