{"id":10784,"date":"2025-08-28T13:05:18","date_gmt":"2025-08-28T17:05:18","guid":{"rendered":"https:\/\/www.koncevisiontv.cl\/web\/?p=10784"},"modified":"2025-08-28T13:05:23","modified_gmt":"2025-08-28T17:05:23","slug":"cae-banda-criminal-por-secuestro-de-padre-e-hija-en-mallplaza-trebol","status":"publish","type":"post","link":"https:\/\/www.koncevisiontv.cl\/web\/cae-banda-criminal-por-secuestro-de-padre-e-hija-en-mallplaza-trebol\/","title":{"rendered":"Cae banda por secuestro de padre e hija en Mallplaza Tr\u00e9bol"},"content":{"rendered":"\n<p class=\"wp-block-paragraph\">Tras ocho meses de una sigilosa investigaci\u00f3n, la Polic\u00eda de Investigaciones (PDI) de Concepci\u00f3n logr\u00f3 desarticular a la peligrosa banda criminal responsable del secuestro de un padre y su hija, ocurrido en diciembre de 2024 en los estacionamientos de Mallplaza Tr\u00e9bol. En un operativo liderado por la Brigada de Investigaciones Policiales Especiales (BIPE), se detuvo a cuatro miembros del grupo y se incaut\u00f3 un arsenal de veh\u00edculos robados, un arma de fuego y otras especies clave.<\/p>\n\n\n\n<p class=\"wp-block-paragraph\">El modus operandi de la banda destacaba por su sofisticaci\u00f3n y audacia, llegando a simular ser polic\u00edas para cometer sus cr\u00edmenes y realizar un falso allanamiento en el domicilio de las v\u00edctimas.<\/p>\n\n\n\n<h2 class=\"wp-block-heading\">## Falsos polic\u00edas: El sofisticado modus operandi de la banda<\/h2>\n\n\n\n<p class=\"wp-block-paragraph\">El secuestro, calificado por la fiscal Roxana Fern\u00e1ndez como un &#8220;secuestro con m\u00f3vil de robo&#8221;, ocurri\u00f3 el pasado 28 de diciembre de 2024. Las v\u00edctimas, un padre y su hija, fueron abordados en el estacionamiento del centro comercial por individuos que <strong>se hicieron pasar por funcionarios policiales.<\/strong><\/p>\n\n\n\n<p class=\"wp-block-paragraph\">Bajo esta falsa identidad, los obligaron a subir a dos veh\u00edculos distintos para separarlos. Mientras el padre era retenido y trasladado por diferentes sectores de la ciudad, siendo interrogado sobre sus bienes, su hija fue llevada hacia la zona de la Vega Monumental. Simult\u00e1neamente, otros miembros de la banda <strong>simularon un allanamiento en la casa de las v\u00edctimas<\/strong>, desde donde robaron dinero en efectivo y la camioneta familiar. Finalmente, ambas v\u00edctimas fueron liberadas sanas y salvas en distintos puntos de Concepci\u00f3n y Coronel.<\/p>\n\n\n\n<h2 class=\"wp-block-heading\">## Cuatro detenidos y un arsenal de especies robadas: El resultado del operativo PDI<\/h2>\n\n\n\n<p class=\"wp-block-paragraph\">El trabajo de inteligencia de la PDI culmin\u00f3 con la detenci\u00f3n de cuatro implicados: <strong>dos por el delito de secuestro y otros dos por receptaci\u00f3n flagrante<\/strong> de especies robadas.<\/p>\n\n\n\n<p class=\"wp-block-paragraph\">El operativo permiti\u00f3 adem\u00e1s la recuperaci\u00f3n de seis veh\u00edculos, tres de los cuales manten\u00edan encargo por robo, incluyendo la camioneta sustra\u00edda a las v\u00edctimas. Tambi\u00e9n se incaut\u00f3 una <strong>pistola marca Brunni calibre 9 mm<\/strong>, que ser\u00e1 sometida a peritajes.<\/p>\n\n\n\n<p class=\"wp-block-paragraph\">Entre las especies encontradas, que vinculan a la banda con otros il\u00edcitos, destacan tres pares de placas patentes robadas, un uniforme completo y una casaca de combate de Bomberos de Chile, y cinco tel\u00e9fonos celulares.<\/p>\n\n\n\n<h2 class=\"wp-block-heading\">## Fiscal\u00eda formaliza cargos por secuestro, robo y porte de armas<\/h2>\n\n\n\n<p class=\"wp-block-paragraph\">Los cuatro imputados por el <strong>secuestro en Mallplaza Tr\u00e9bol<\/strong> fueron puestos a disposici\u00f3n del Juzgado de Garant\u00eda de Talcahuano. All\u00ed, enfrentar\u00e1n una formalizaci\u00f3n por una serie de graves delitos, entre ellos secuestro, robo, receptaci\u00f3n de veh\u00edculos y porte de arma de fuego, arriesgando altas penas de c\u00e1rcel. La <strong><a target=\"_blank\" rel=\"noreferrer noopener\" href=\"https:\/\/www.pdichile.cl\/\">Polic\u00eda de Investigaciones (PDI)<\/a><\/strong> contin\u00faa las diligencias para determinar si existen m\u00e1s implicados en esta peligrosa organizaci\u00f3n.<\/p>\n","protected":false},"excerpt":{"rendered":"<p>Tras ocho meses de una sigilosa investigaci\u00f3n, la Polic\u00eda de Investigaciones (PDI) de Concepci\u00f3n logr\u00f3 desarticular a la<\/p>\n","protected":false},"author":5,"featured_media":10785,"comment_status":"open","ping_status":"open","sticky":false,"template":"","format":"standard","meta":{"_crdt_document":"","_uag_custom_page_level_css":"","_sitemap_exclude":false,"_sitemap_priority":"","_sitemap_frequency":"","_joinchat":[],"footnotes":""},"categories":[14],"tags":[],"class_list":["post-10784","post","type-post","status-publish","format-standard","has-post-thumbnail","hentry","category-nacional"],"featured_image_urls":{"full":["https:\/\/www.koncevisiontv.cl\/web\/wp-content\/uploads\/2025\/08\/IMG_3505.webp",828,465,false],"thumbnail":["https:\/\/www.koncevisiontv.cl\/web\/wp-content\/uploads\/2025\/08\/IMG_3505-150x150.webp",150,150,true],"medium":["https:\/\/www.koncevisiontv.cl\/web\/wp-content\/uploads\/2025\/08\/IMG_3505-300x168.webp",300,168,true],"medium_large":["https:\/\/www.koncevisiontv.cl\/web\/wp-content\/uploads\/2025\/08\/IMG_3505-768x431.webp",640,359,true],"large":["https:\/\/www.koncevisiontv.cl\/web\/wp-content\/uploads\/2025\/08\/IMG_3505.webp",640,359,false],"1536x1536":["https:\/\/www.koncevisiontv.cl\/web\/wp-content\/uploads\/2025\/08\/IMG_3505.webp",828,465,false],"2048x2048":["https:\/\/www.koncevisiontv.cl\/web\/wp-content\/uploads\/2025\/08\/IMG_3505.webp",828,465,false],"darknews-featured":["https:\/\/www.koncevisiontv.cl\/web\/wp-content\/uploads\/2025\/08\/IMG_3505.webp",828,465,false],"darknews-large":["https:\/\/www.koncevisiontv.cl\/web\/wp-content\/uploads\/2025\/08\/IMG_3505-825x465.webp",825,465,true],"darknews-medium":["https:\/\/www.koncevisiontv.cl\/web\/wp-content\/uploads\/2025\/08\/IMG_3505-590x410.webp",590,410,true]},"author_info":{"info":["Web-Master"]},"category_info":"<a href=\"https:\/\/www.koncevisiontv.cl\/web\/category\/nacional\/\" rel=\"category tag\">Nacional<\/a>","tag_info":"Nacional","comment_count":"0","uagb_featured_image_src":{"full":["https:\/\/www.koncevisiontv.cl\/web\/wp-content\/uploads\/2025\/08\/IMG_3505.webp",828,465,false],"thumbnail":["https:\/\/www.koncevisiontv.cl\/web\/wp-content\/uploads\/2025\/08\/IMG_3505-150x150.webp",150,150,true],"medium":["https:\/\/www.koncevisiontv.cl\/web\/wp-content\/uploads\/2025\/08\/IMG_3505-300x168.webp",300,168,true],"medium_large":["https:\/\/www.koncevisiontv.cl\/web\/wp-content\/uploads\/2025\/08\/IMG_3505-768x431.webp",640,359,true],"large":["https:\/\/www.koncevisiontv.cl\/web\/wp-content\/uploads\/2025\/08\/IMG_3505.webp",640,359,false],"1536x1536":["https:\/\/www.koncevisiontv.cl\/web\/wp-content\/uploads\/2025\/08\/IMG_3505.webp",828,465,false],"2048x2048":["https:\/\/www.koncevisiontv.cl\/web\/wp-content\/uploads\/2025\/08\/IMG_3505.webp",828,465,false],"darknews-featured":["https:\/\/www.koncevisiontv.cl\/web\/wp-content\/uploads\/2025\/08\/IMG_3505.webp",828,465,false],"darknews-large":["https:\/\/www.koncevisiontv.cl\/web\/wp-content\/uploads\/2025\/08\/IMG_3505-825x465.webp",825,465,true],"darknews-medium":["https:\/\/www.koncevisiontv.cl\/web\/wp-content\/uploads\/2025\/08\/IMG_3505-590x410.webp",590,410,true]},"uagb_author_info":{"display_name":"Web-Master","author_link":"https:\/\/www.koncevisiontv.cl\/web\/author\/koncevision\/"},"uagb_comment_info":0,"uagb_excerpt":"Tras ocho meses de una sigilosa investigaci\u00f3n, la Polic\u00eda de Investigaciones (PDI) de Concepci\u00f3n logr\u00f3 desarticular a la","_links":{"self":[{"href":"https:\/\/www.koncevisiontv.cl\/web\/wp-json\/wp\/v2\/posts\/10784","targetHints":{"allow":["GET"]}}],"collection":[{"href":"https:\/\/www.koncevisiontv.cl\/web\/wp-json\/wp\/v2\/posts"}],"about":[{"href":"https:\/\/www.koncevisiontv.cl\/web\/wp-json\/wp\/v2\/types\/post"}],"author":[{"embeddable":true,"href":"https:\/\/www.koncevisiontv.cl\/web\/wp-json\/wp\/v2\/users\/5"}],"replies":[{"embeddable":true,"href":"https:\/\/www.koncevisiontv.cl\/web\/wp-json\/wp\/v2\/comments?post=10784"}],"version-history":[{"count":1,"href":"https:\/\/www.koncevisiontv.cl\/web\/wp-json\/wp\/v2\/posts\/10784\/revisions"}],"predecessor-version":[{"id":10786,"href":"https:\/\/www.koncevisiontv.cl\/web\/wp-json\/wp\/v2\/posts\/10784\/revisions\/10786"}],"wp:featuredmedia":[{"embeddable":true,"href":"https:\/\/www.koncevisiontv.cl\/web\/wp-json\/wp\/v2\/media\/10785"}],"wp:attachment":[{"href":"https:\/\/www.koncevisiontv.cl\/web\/wp-json\/wp\/v2\/media?parent=10784"}],"wp:term":[{"taxonomy":"category","embeddable":true,"href":"https:\/\/www.koncevisiontv.cl\/web\/wp-json\/wp\/v2\/categories?post=10784"},{"taxonomy":"post_tag","embeddable":true,"href":"https:\/\/www.koncevisiontv.cl\/web\/wp-json\/wp\/v2\/tags?post=10784"}],"curies":[{"name":"wp","href":"https:\/\/api.w.org\/{rel}","templated":true}]}}