{"id":10787,"date":"2025-08-28T13:33:55","date_gmt":"2025-08-28T17:33:55","guid":{"rendered":"https:\/\/www.koncevisiontv.cl\/web\/?p=10787"},"modified":"2025-08-28T13:33:59","modified_gmt":"2025-08-28T17:33:59","slug":"hombre-baleado-en-casa-okupa-de-coronel-fue-detenido-en-el-hospital","status":"publish","type":"post","link":"https:\/\/www.koncevisiontv.cl\/web\/hombre-baleado-en-casa-okupa-de-coronel-fue-detenido-en-el-hospital\/","title":{"rendered":"Hombre baleado en casa &#8220;okupa&#8221; de Coronel termina detenido"},"content":{"rendered":"\n<p class=\"wp-block-paragraph\">Hombre baleado en casa okupa de Coronel: Un violento ataque se registr\u00f3 cerca de la medianoche en la comuna de Coronel, donde un hombre de 34 a\u00f1os fue brutalmente golpeado y baleado por un grupo de sujetos al interior de una casa &#8220;okupa&#8221;. El caso dio un giro inesperado cuando la v\u00edctima, tras negarse a denunciar el hecho, termin\u00f3 siendo detenida en el hospital al descubrirse que manten\u00eda una orden de aprehensi\u00f3n vigente.<\/p>\n\n\n\n<p class=\"wp-block-paragraph\">El incidente ha vuelto a encender las alertas de las autoridades locales sobre la violencia y la circulaci\u00f3n de armas de fuego en la comuna, sum\u00e1ndose a otros hechos delictuales ocurridos recientemente.<\/p>\n\n\n\n<h2 class=\"wp-block-heading\">## Ataque a medianoche: Agredido mientras dorm\u00eda<\/h2>\n\n\n\n<p class=\"wp-block-paragraph\">Seg\u00fan la informaci\u00f3n policial, el hecho ocurri\u00f3 cuando la v\u00edctima se encontraba durmiendo al interior de la vivienda tomada. En ese momento, un grupo de individuos irrumpi\u00f3 en el lugar y lo atac\u00f3 con elementos contundentes, provoc\u00e1ndole lesiones en sus extremidades.<\/p>\n\n\n\n<p class=\"wp-block-paragraph\">La agresi\u00f3n escal\u00f3 cuando uno de los sujetos extrajo un arma de fuego y le dispar\u00f3 en la zona del t\u00f3rax. Tras el ataque, los responsables se dieron a la fuga.<\/p>\n\n\n\n<h2 class=\"wp-block-heading\">## El giro inesperado: V\u00edctima se niega a denunciar y es detenido<\/h2>\n\n\n\n<p class=\"wp-block-paragraph\">Pese a la gravedad de sus heridas, el hombre opt\u00f3 por no presentar una denuncia formal ante Carabineros. Sin embargo, su situaci\u00f3n judicial dio un vuelco al llegar al Hospital Regional de Concepci\u00f3n para recibir atenci\u00f3n m\u00e9dica.<\/p>\n\n\n\n<p class=\"wp-block-paragraph\">En el recinto asistencial, el personal policial verific\u00f3 su identidad y constat\u00f3 que el hombre de 34 a\u00f1os manten\u00eda una <strong>orden de aprehensi\u00f3n vigente por infracci\u00f3n a la Ley 20.000 de drogas<\/strong>. A ra\u00edz de esto, qued\u00f3 en calidad de detenido. La principal hip\u00f3tesis que se maneja sobre el m\u00f3vil de la agresi\u00f3n es un <strong>&#8220;ajuste de cuentas por drogas&#8221;<\/strong>.<\/p>\n\n\n\n<h2 class=\"wp-block-heading\">## Autoridades en alerta por violencia en la comuna<\/h2>\n\n\n\n<p class=\"wp-block-paragraph\">Este violento episodio, sumado al reciente homicidio de un menor de 16 a\u00f1os en la Poblaci\u00f3n Gabriela Mistral, ha generado la reacci\u00f3n de las autoridades. La seremi de Seguridad P\u00fablica, Paulina Stuardo, indic\u00f3 que los &#8220;pol\u00edgonos&#8221; de seguridad son revisados mensualmente para &#8220;focalizar la funci\u00f3n policial&#8221; en las zonas m\u00e1s conflictivas.<\/p>\n\n\n\n<p class=\"wp-block-paragraph\">Por su parte, el delegado presidencial del B\u00edo B\u00edo, Eduardo Pacheco, manifest\u00f3 que es crucial poner especial \u00e9nfasis en la fiscalizaci\u00f3n y erradicaci\u00f3n de armas de fuego. &#8220;Dentro de este trabajo hay que poner especial \u00e9nfasis en la fiscalizaci\u00f3n y eliminaci\u00f3n de las armas de fuego que circulan en las poblaciones&#8221;, afirm\u00f3.<\/p>\n\n\n\n<p class=\"wp-block-paragraph\">Desde el <strong><a target=\"_blank\" rel=\"noreferrer noopener\" href=\"https:\/\/www.interior.gob.cl\/\">Gobierno<\/a><\/strong>, y a pesar de estos hechos, destacaron que a nivel regional se han registrado 17 homicidios menos que en la misma fecha del a\u00f1o pasado, con una cifra de 60 en lo que va de 2025.<\/p>\n","protected":false},"excerpt":{"rendered":"<p>Hombre baleado en casa okupa de Coronel: Un violento ataque se registr\u00f3 cerca de la medianoche en la<\/p>\n","protected":false},"author":5,"featured_media":10789,"comment_status":"open","ping_status":"open","sticky":false,"template":"","format":"standard","meta":{"_crdt_document":"","_uag_custom_page_level_css":"","_sitemap_exclude":false,"_sitemap_priority":"","_sitemap_frequency":"","_joinchat":[],"footnotes":""},"categories":[14],"tags":[],"class_list":["post-10787","post","type-post","status-publish","format-standard","has-post-thumbnail","hentry","category-nacional"],"featured_image_urls":{"full":["https:\/\/www.koncevisiontv.cl\/web\/wp-content\/uploads\/2025\/08\/sin-titulo-1200-x-633-px-41-750x400-2.png",750,400,false],"thumbnail":["https:\/\/www.koncevisiontv.cl\/web\/wp-content\/uploads\/2025\/08\/sin-titulo-1200-x-633-px-41-750x400-2-150x150.png",150,150,true],"medium":["https:\/\/www.koncevisiontv.cl\/web\/wp-content\/uploads\/2025\/08\/sin-titulo-1200-x-633-px-41-750x400-2-300x160.png",300,160,true],"medium_large":["https:\/\/www.koncevisiontv.cl\/web\/wp-content\/uploads\/2025\/08\/sin-titulo-1200-x-633-px-41-750x400-2.png",640,341,false],"large":["https:\/\/www.koncevisiontv.cl\/web\/wp-content\/uploads\/2025\/08\/sin-titulo-1200-x-633-px-41-750x400-2.png",640,341,false],"1536x1536":["https:\/\/www.koncevisiontv.cl\/web\/wp-content\/uploads\/2025\/08\/sin-titulo-1200-x-633-px-41-750x400-2.png",750,400,false],"2048x2048":["https:\/\/www.koncevisiontv.cl\/web\/wp-content\/uploads\/2025\/08\/sin-titulo-1200-x-633-px-41-750x400-2.png",750,400,false],"darknews-featured":["https:\/\/www.koncevisiontv.cl\/web\/wp-content\/uploads\/2025\/08\/sin-titulo-1200-x-633-px-41-750x400-2.png",750,400,false],"darknews-large":["https:\/\/www.koncevisiontv.cl\/web\/wp-content\/uploads\/2025\/08\/sin-titulo-1200-x-633-px-41-750x400-2.png",750,400,false],"darknews-medium":["https:\/\/www.koncevisiontv.cl\/web\/wp-content\/uploads\/2025\/08\/sin-titulo-1200-x-633-px-41-750x400-2-590x400.png",590,400,true]},"author_info":{"info":["Web-Master"]},"category_info":"<a href=\"https:\/\/www.koncevisiontv.cl\/web\/category\/nacional\/\" rel=\"category tag\">Nacional<\/a>","tag_info":"Nacional","comment_count":"0","uagb_featured_image_src":{"full":["https:\/\/www.koncevisiontv.cl\/web\/wp-content\/uploads\/2025\/08\/sin-titulo-1200-x-633-px-41-750x400-2.png",750,400,false],"thumbnail":["https:\/\/www.koncevisiontv.cl\/web\/wp-content\/uploads\/2025\/08\/sin-titulo-1200-x-633-px-41-750x400-2-150x150.png",150,150,true],"medium":["https:\/\/www.koncevisiontv.cl\/web\/wp-content\/uploads\/2025\/08\/sin-titulo-1200-x-633-px-41-750x400-2-300x160.png",300,160,true],"medium_large":["https:\/\/www.koncevisiontv.cl\/web\/wp-content\/uploads\/2025\/08\/sin-titulo-1200-x-633-px-41-750x400-2.png",640,341,false],"large":["https:\/\/www.koncevisiontv.cl\/web\/wp-content\/uploads\/2025\/08\/sin-titulo-1200-x-633-px-41-750x400-2.png",640,341,false],"1536x1536":["https:\/\/www.koncevisiontv.cl\/web\/wp-content\/uploads\/2025\/08\/sin-titulo-1200-x-633-px-41-750x400-2.png",750,400,false],"2048x2048":["https:\/\/www.koncevisiontv.cl\/web\/wp-content\/uploads\/2025\/08\/sin-titulo-1200-x-633-px-41-750x400-2.png",750,400,false],"darknews-featured":["https:\/\/www.koncevisiontv.cl\/web\/wp-content\/uploads\/2025\/08\/sin-titulo-1200-x-633-px-41-750x400-2.png",750,400,false],"darknews-large":["https:\/\/www.koncevisiontv.cl\/web\/wp-content\/uploads\/2025\/08\/sin-titulo-1200-x-633-px-41-750x400-2.png",750,400,false],"darknews-medium":["https:\/\/www.koncevisiontv.cl\/web\/wp-content\/uploads\/2025\/08\/sin-titulo-1200-x-633-px-41-750x400-2-590x400.png",590,400,true]},"uagb_author_info":{"display_name":"Web-Master","author_link":"https:\/\/www.koncevisiontv.cl\/web\/author\/koncevision\/"},"uagb_comment_info":0,"uagb_excerpt":"Hombre baleado en casa okupa de Coronel: Un violento ataque se registr\u00f3 cerca de la medianoche en la","_links":{"self":[{"href":"https:\/\/www.koncevisiontv.cl\/web\/wp-json\/wp\/v2\/posts\/10787","targetHints":{"allow":["GET"]}}],"collection":[{"href":"https:\/\/www.koncevisiontv.cl\/web\/wp-json\/wp\/v2\/posts"}],"about":[{"href":"https:\/\/www.koncevisiontv.cl\/web\/wp-json\/wp\/v2\/types\/post"}],"author":[{"embeddable":true,"href":"https:\/\/www.koncevisiontv.cl\/web\/wp-json\/wp\/v2\/users\/5"}],"replies":[{"embeddable":true,"href":"https:\/\/www.koncevisiontv.cl\/web\/wp-json\/wp\/v2\/comments?post=10787"}],"version-history":[{"count":1,"href":"https:\/\/www.koncevisiontv.cl\/web\/wp-json\/wp\/v2\/posts\/10787\/revisions"}],"predecessor-version":[{"id":10790,"href":"https:\/\/www.koncevisiontv.cl\/web\/wp-json\/wp\/v2\/posts\/10787\/revisions\/10790"}],"wp:featuredmedia":[{"embeddable":true,"href":"https:\/\/www.koncevisiontv.cl\/web\/wp-json\/wp\/v2\/media\/10789"}],"wp:attachment":[{"href":"https:\/\/www.koncevisiontv.cl\/web\/wp-json\/wp\/v2\/media?parent=10787"}],"wp:term":[{"taxonomy":"category","embeddable":true,"href":"https:\/\/www.koncevisiontv.cl\/web\/wp-json\/wp\/v2\/categories?post=10787"},{"taxonomy":"post_tag","embeddable":true,"href":"https:\/\/www.koncevisiontv.cl\/web\/wp-json\/wp\/v2\/tags?post=10787"}],"curies":[{"name":"wp","href":"https:\/\/api.w.org\/{rel}","templated":true}]}}