{"id":10791,"date":"2025-08-28T14:34:53","date_gmt":"2025-08-28T18:34:53","guid":{"rendered":"https:\/\/www.koncevisiontv.cl\/web\/?p=10791"},"modified":"2025-08-28T14:34:57","modified_gmt":"2025-08-28T18:34:57","slug":"hombre-escala-edificio-municipalidad-de-tome","status":"publish","type":"post","link":"https:\/\/www.koncevisiontv.cl\/web\/hombre-escala-edificio-municipalidad-de-tome\/","title":{"rendered":"Hombre con heridas escala el edificio municipal"},"content":{"rendered":"\n<p class=\"wp-block-paragraph\">Una situaci\u00f3n de m\u00e1xima tensi\u00f3n se vivi\u00f3 durante la ma\u00f1ana de este jueves en pleno centro de Tom\u00e9, luego de que un hombre escalara parte de la infraestructura del edificio municipal, obligando a un amplio despliegue de los equipos de emergencia. El individuo, que presentaba heridas autoinfligidas, permaneci\u00f3 por varios minutos a una altura aproximada de siete metros, ante la mirada de transe\u00fantes y funcionarios.<\/p>\n\n\n\n<p class=\"wp-block-paragraph\">La emergencia, que moviliz\u00f3 a Bomberos, SAMU y Carabineros, finaliz\u00f3 afortunadamente sin mayores incidentes, luego de que el hombre decidiera descender por sus propios medios.<\/p>\n\n\n\n<h2 class=\"wp-block-heading\">## Minutos de tensi\u00f3n a siete metros de altura<\/h2>\n\n\n\n<p class=\"wp-block-paragraph\">El operativo se activ\u00f3 ante el inminente peligro de ca\u00edda de la persona, quien se sent\u00f3 sobre una de las estructuras del frontis del municipio. La preocupaci\u00f3n de los equipos de rescate aument\u00f3 al constatar que el hombre presentaba una herida visible, aparentemente causada con un arma blanca.<\/p>\n\n\n\n<p class=\"wp-block-paragraph\">Voluntarios de Bomberos y personal del SAMU se prepararon para socorrer al individuo, mientras Carabineros acordonaba el \u00e1rea para facilitar el trabajo y resguardar la seguridad de los peatones.<\/p>\n\n\n\n<h2 class=\"wp-block-heading\">## La versi\u00f3n de Carabineros: &#8220;Ven\u00eda saliendo del hospital&#8221;<\/h2>\n\n\n\n<p class=\"wp-block-paragraph\">Tras el descenso del hombre, Carabineros entreg\u00f3 antecedentes que dan cuenta de una posible crisis de salud mental. Se trata de un <strong>hombre de 32 a\u00f1os<\/strong>, quien, seg\u00fan la polic\u00eda, <strong>&#8220;ven\u00eda saliendo del hospital y se hab\u00eda propinado algunas heridas con arma blanca&#8221;<\/strong>.<\/p>\n\n\n\n<p class=\"wp-block-paragraph\">Las autoridades confirmaron que, una vez en tierra firme, el sujeto <strong>no fue detenido<\/strong>, ya que el hecho fue tratado como una emergencia de salud y no como un il\u00edcito. Las razones exactas que lo llevaron a tomar esta dr\u00e1stica acci\u00f3n a\u00fan se desconocen.<\/p>\n\n\n\n<p class=\"wp-block-paragraph\">Episodios como este subrayan la importancia de las redes de apoyo en salud mental. Si t\u00fa o alguien que conoces necesita ayuda, puedes comunicarte con la l\u00ednea *4141 del <strong><a target=\"_blank\" rel=\"noreferrer noopener\" href=\"https:\/\/www.google.com\/search?q=https:\/\/www.minsal.cl\/\">Ministerio de Salud<\/a><\/strong> para recibir orientaci\u00f3n y apoyo.<\/p>\n","protected":false},"excerpt":{"rendered":"<p>Una situaci\u00f3n de m\u00e1xima tensi\u00f3n se vivi\u00f3 durante la ma\u00f1ana de este jueves en pleno centro de Tom\u00e9,<\/p>\n","protected":false},"author":5,"featured_media":10792,"comment_status":"open","ping_status":"open","sticky":false,"template":"","format":"standard","meta":{"_crdt_document":"","_uag_custom_page_level_css":"","_sitemap_exclude":false,"_sitemap_priority":"","_sitemap_frequency":"","_joinchat":[],"footnotes":""},"categories":[14],"tags":[],"class_list":["post-10791","post","type-post","status-publish","format-standard","has-post-thumbnail","hentry","category-nacional"],"featured_image_urls":{"full":["https:\/\/www.koncevisiontv.cl\/web\/wp-content\/uploads\/2025\/08\/municipalidad-de-tome1756384954-960x540-1.jpg",960,540,false],"thumbnail":["https:\/\/www.koncevisiontv.cl\/web\/wp-content\/uploads\/2025\/08\/municipalidad-de-tome1756384954-960x540-1-150x150.jpg",150,150,true],"medium":["https:\/\/www.koncevisiontv.cl\/web\/wp-content\/uploads\/2025\/08\/municipalidad-de-tome1756384954-960x540-1-300x169.jpg",300,169,true],"medium_large":["https:\/\/www.koncevisiontv.cl\/web\/wp-content\/uploads\/2025\/08\/municipalidad-de-tome1756384954-960x540-1-768x432.jpg",640,360,true],"large":["https:\/\/www.koncevisiontv.cl\/web\/wp-content\/uploads\/2025\/08\/municipalidad-de-tome1756384954-960x540-1.jpg",640,360,false],"1536x1536":["https:\/\/www.koncevisiontv.cl\/web\/wp-content\/uploads\/2025\/08\/municipalidad-de-tome1756384954-960x540-1.jpg",960,540,false],"2048x2048":["https:\/\/www.koncevisiontv.cl\/web\/wp-content\/uploads\/2025\/08\/municipalidad-de-tome1756384954-960x540-1.jpg",960,540,false],"darknews-featured":["https:\/\/www.koncevisiontv.cl\/web\/wp-content\/uploads\/2025\/08\/municipalidad-de-tome1756384954-960x540-1.jpg",960,540,false],"darknews-large":["https:\/\/www.koncevisiontv.cl\/web\/wp-content\/uploads\/2025\/08\/municipalidad-de-tome1756384954-960x540-1-825x540.jpg",825,540,true],"darknews-medium":["https:\/\/www.koncevisiontv.cl\/web\/wp-content\/uploads\/2025\/08\/municipalidad-de-tome1756384954-960x540-1-590x410.jpg",590,410,true]},"author_info":{"info":["Web-Master"]},"category_info":"<a href=\"https:\/\/www.koncevisiontv.cl\/web\/category\/nacional\/\" rel=\"category tag\">Nacional<\/a>","tag_info":"Nacional","comment_count":"0","uagb_featured_image_src":{"full":["https:\/\/www.koncevisiontv.cl\/web\/wp-content\/uploads\/2025\/08\/municipalidad-de-tome1756384954-960x540-1.jpg",960,540,false],"thumbnail":["https:\/\/www.koncevisiontv.cl\/web\/wp-content\/uploads\/2025\/08\/municipalidad-de-tome1756384954-960x540-1-150x150.jpg",150,150,true],"medium":["https:\/\/www.koncevisiontv.cl\/web\/wp-content\/uploads\/2025\/08\/municipalidad-de-tome1756384954-960x540-1-300x169.jpg",300,169,true],"medium_large":["https:\/\/www.koncevisiontv.cl\/web\/wp-content\/uploads\/2025\/08\/municipalidad-de-tome1756384954-960x540-1-768x432.jpg",640,360,true],"large":["https:\/\/www.koncevisiontv.cl\/web\/wp-content\/uploads\/2025\/08\/municipalidad-de-tome1756384954-960x540-1.jpg",640,360,false],"1536x1536":["https:\/\/www.koncevisiontv.cl\/web\/wp-content\/uploads\/2025\/08\/municipalidad-de-tome1756384954-960x540-1.jpg",960,540,false],"2048x2048":["https:\/\/www.koncevisiontv.cl\/web\/wp-content\/uploads\/2025\/08\/municipalidad-de-tome1756384954-960x540-1.jpg",960,540,false],"darknews-featured":["https:\/\/www.koncevisiontv.cl\/web\/wp-content\/uploads\/2025\/08\/municipalidad-de-tome1756384954-960x540-1.jpg",960,540,false],"darknews-large":["https:\/\/www.koncevisiontv.cl\/web\/wp-content\/uploads\/2025\/08\/municipalidad-de-tome1756384954-960x540-1-825x540.jpg",825,540,true],"darknews-medium":["https:\/\/www.koncevisiontv.cl\/web\/wp-content\/uploads\/2025\/08\/municipalidad-de-tome1756384954-960x540-1-590x410.jpg",590,410,true]},"uagb_author_info":{"display_name":"Web-Master","author_link":"https:\/\/www.koncevisiontv.cl\/web\/author\/koncevision\/"},"uagb_comment_info":0,"uagb_excerpt":"Una situaci\u00f3n de m\u00e1xima tensi\u00f3n se vivi\u00f3 durante la ma\u00f1ana de este jueves en pleno centro de Tom\u00e9,","_links":{"self":[{"href":"https:\/\/www.koncevisiontv.cl\/web\/wp-json\/wp\/v2\/posts\/10791","targetHints":{"allow":["GET"]}}],"collection":[{"href":"https:\/\/www.koncevisiontv.cl\/web\/wp-json\/wp\/v2\/posts"}],"about":[{"href":"https:\/\/www.koncevisiontv.cl\/web\/wp-json\/wp\/v2\/types\/post"}],"author":[{"embeddable":true,"href":"https:\/\/www.koncevisiontv.cl\/web\/wp-json\/wp\/v2\/users\/5"}],"replies":[{"embeddable":true,"href":"https:\/\/www.koncevisiontv.cl\/web\/wp-json\/wp\/v2\/comments?post=10791"}],"version-history":[{"count":1,"href":"https:\/\/www.koncevisiontv.cl\/web\/wp-json\/wp\/v2\/posts\/10791\/revisions"}],"predecessor-version":[{"id":10793,"href":"https:\/\/www.koncevisiontv.cl\/web\/wp-json\/wp\/v2\/posts\/10791\/revisions\/10793"}],"wp:featuredmedia":[{"embeddable":true,"href":"https:\/\/www.koncevisiontv.cl\/web\/wp-json\/wp\/v2\/media\/10792"}],"wp:attachment":[{"href":"https:\/\/www.koncevisiontv.cl\/web\/wp-json\/wp\/v2\/media?parent=10791"}],"wp:term":[{"taxonomy":"category","embeddable":true,"href":"https:\/\/www.koncevisiontv.cl\/web\/wp-json\/wp\/v2\/categories?post=10791"},{"taxonomy":"post_tag","embeddable":true,"href":"https:\/\/www.koncevisiontv.cl\/web\/wp-json\/wp\/v2\/tags?post=10791"}],"curies":[{"name":"wp","href":"https:\/\/api.w.org\/{rel}","templated":true}]}}