{"id":10794,"date":"2025-08-28T14:45:00","date_gmt":"2025-08-28T18:45:00","guid":{"rendered":"https:\/\/www.koncevisiontv.cl\/web\/?p=10794"},"modified":"2025-08-28T14:45:07","modified_gmt":"2025-08-28T18:45:07","slug":"caso-bruma-revelan-version-de-tripulante-del-cobra-que-se-quito-la-vida","status":"publish","type":"post","link":"https:\/\/www.koncevisiontv.cl\/web\/caso-bruma-revelan-version-de-tripulante-del-cobra-que-se-quito-la-vida\/","title":{"rendered":"Caso Bruma: Revelan versi\u00f3n de tripulante que se quit\u00f3 la vida"},"content":{"rendered":"\n<p class=\"wp-block-paragraph\">En un giro dram\u00e1tico y conmovedor, la familia de Juan Sanhueza, el tripulante del pesquero de altamar (PAM) Cobra que se quit\u00f3 la vida tras el accidente con la lancha Bruma, ha publicado una carta abierta revelando por primera vez la versi\u00f3n que, aseguran, \u00e9l siempre quiso contar. La misiva, firmada por su hijo Pablo Sanhueza, no solo entrega detalles cruciales sobre la colisi\u00f3n, sino que tambi\u00e9n denuncia presiones por parte de la empresa y una grave falta de apoyo psicol\u00f3gico.<\/p>\n\n\n\n<p class=\"wp-block-paragraph\">Considerando a su padre como &#8220;la octava v\u00edctima de esta tragedia&#8221;, la familia asegura que esta carta busca que por fin se escuche la voz de un hombre que, afirman, siempre tuvo la intenci\u00f3n de declarar y decir la verdad.<\/p>\n\n\n\n<h2 class=\"wp-block-heading\">## &#8220;Chocamos una casa y sentimos tablas romperse&#8221;: La versi\u00f3n de Juan Sanhueza<\/h2>\n\n\n\n<p class=\"wp-block-paragraph\">La carta relata lo que Juan Sanhueza habr\u00eda contado a su familia en la intimidad de su hogar. &#8220;Mi pap\u00e1 nos dijo a todos que \u00e9l quer\u00eda decir la verdad de lo que pas\u00f3. Y lo que pas\u00f3 esa noche, todos lo sabemos&#8221;, escribe su hijo.<\/p>\n\n\n\n<p class=\"wp-block-paragraph\">Seg\u00fan el documento, la tripulaci\u00f3n del puente del Cobra no sinti\u00f3 &#8220;un peque\u00f1o ruido&#8221;, sino que un <strong>&#8220;FUERTE GOLPE en dos oportunidades que gener\u00f3 un fuerte movimiento del pesquero&#8221;<\/strong>. La versi\u00f3n de la familia a\u00f1ade que el capit\u00e1n dio \u00f3rdenes de bajar la marcha y encender las luces.<\/p>\n\n\n\n<p class=\"wp-block-paragraph\">Quiz\u00e1s el testimonio m\u00e1s revelador es una conversaci\u00f3n que Sanhueza habr\u00eda tenido con un colega a bordo: <strong>&#8220;Le dijo textualmente que hab\u00edan chocado una casa y que se sintieron tablas romperse&#8221;<\/strong>.<\/p>\n\n\n\n<h2 class=\"wp-block-heading\">## Presiones, falta de apoyo y correos borrados: La denuncia de la familia<\/h2>\n\n\n\n<p class=\"wp-block-paragraph\">La misiva va m\u00e1s all\u00e1 y denuncia una serie de hechos ocurridos tras el accidente que habr\u00edan afectado profundamente a Juan Sanhueza. Afirman que, pese a su voluntad de hablar, <strong>&#8220;jam\u00e1s le tomaron declaraci\u00f3n&#8221;<\/strong>. Explican que el 31 de marzo se interrog\u00f3 a toda la tripulaci\u00f3n del puente, excepto a \u00e9l.<\/p>\n\n\n\n<p class=\"wp-block-paragraph\">En los d\u00edas siguientes, entre el 2 y 4 de abril, sostienen que fue citado a reuniones con abogados de la empresa Blumar, tras las cuales regres\u00f3 a su casa <strong>&#8220;con mucho miedo y temor por perder su trabajo&#8221;<\/strong>.<\/p>\n\n\n\n<p class=\"wp-block-paragraph\">La familia califica adem\u00e1s como &#8220;grav\u00edsimo&#8221; el nulo apoyo en salud mental. &#8220;El d\u00eda 04 de abril, mismo d\u00eda en que deb\u00eda declarar, se realiza la \u00fanica charla de apoyo psicol\u00f3gico por una psic\u00f3loga privada de la empresa. Antes de eso, nada. Jam\u00e1s se deriv\u00f3 a mi padre a la mutualidad para recibir apoyo m\u00e9dico especializado&#8221;, denuncia la carta.<\/p>\n\n\n\n<p class=\"wp-block-paragraph\">El relato se torna a\u00fan m\u00e1s oscuro con la menci\u00f3n de hechos sospechosos, como que la \u00faltima localizaci\u00f3n del tel\u00e9fono de Sanhueza fue en Tumbes, &#8220;justamente donde viven sus colegas del COBRA&#8221;, y que de su correo electr\u00f3nico <strong>&#8220;misteriosamente se borraron todos sus correos desde el 04 de abril hacia atr\u00e1s&#8221;<\/strong>.<\/p>\n\n\n\n<h2 class=\"wp-block-heading\">## &#8220;Mi padre fue la octava v\u00edctima&#8221;: La lucha por la verdad en el Caso Bruma<\/h2>\n\n\n\n<p class=\"wp-block-paragraph\">La familia cierra la carta reafirmando su convicci\u00f3n de que la voz de Juan Sanhueza por fin se est\u00e1 escuchando a trav\u00e9s de los nuevos antecedentes de la investigaci\u00f3n que lleva el <strong><a target=\"_blank\" rel=\"noreferrer noopener\" href=\"https:\/\/www.fiscaliadechile.cl\/\">Ministerio P\u00fablico<\/a><\/strong>. &#8220;Como familia no bajaremos los brazos hasta que se sepa toda la verdad&#8221;, concluye Pablo Sanhueza.<\/p>\n","protected":false},"excerpt":{"rendered":"<p>En un giro dram\u00e1tico y conmovedor, la familia de Juan Sanhueza, el tripulante del pesquero de altamar (PAM)<\/p>\n","protected":false},"author":5,"featured_media":10795,"comment_status":"open","ping_status":"open","sticky":false,"template":"","format":"standard","meta":{"_crdt_document":"","_uag_custom_page_level_css":"","_sitemap_exclude":false,"_sitemap_priority":"","_sitemap_frequency":"","_joinchat":[],"footnotes":""},"categories":[14],"tags":[],"class_list":["post-10794","post","type-post","status-publish","format-standard","has-post-thumbnail","hentry","category-nacional"],"featured_image_urls":{"full":["https:\/\/www.koncevisiontv.cl\/web\/wp-content\/uploads\/2025\/08\/pamcobra-scaled.jpg",2560,1703,false],"thumbnail":["https:\/\/www.koncevisiontv.cl\/web\/wp-content\/uploads\/2025\/08\/pamcobra-150x150.jpg",150,150,true],"medium":["https:\/\/www.koncevisiontv.cl\/web\/wp-content\/uploads\/2025\/08\/pamcobra-300x200.jpg",300,200,true],"medium_large":["https:\/\/www.koncevisiontv.cl\/web\/wp-content\/uploads\/2025\/08\/pamcobra-768x511.jpg",640,426,true],"large":["https:\/\/www.koncevisiontv.cl\/web\/wp-content\/uploads\/2025\/08\/pamcobra-1024x681.jpg",640,426,true],"1536x1536":["https:\/\/www.koncevisiontv.cl\/web\/wp-content\/uploads\/2025\/08\/pamcobra-1536x1022.jpg",1536,1022,true],"2048x2048":["https:\/\/www.koncevisiontv.cl\/web\/wp-content\/uploads\/2025\/08\/pamcobra-2048x1362.jpg",2048,1362,true],"darknews-featured":["https:\/\/www.koncevisiontv.cl\/web\/wp-content\/uploads\/2025\/08\/pamcobra-1024x681.jpg",1024,681,true],"darknews-large":["https:\/\/www.koncevisiontv.cl\/web\/wp-content\/uploads\/2025\/08\/pamcobra-825x575.jpg",825,575,true],"darknews-medium":["https:\/\/www.koncevisiontv.cl\/web\/wp-content\/uploads\/2025\/08\/pamcobra-590x410.jpg",590,410,true]},"author_info":{"info":["Web-Master"]},"category_info":"<a href=\"https:\/\/www.koncevisiontv.cl\/web\/category\/nacional\/\" rel=\"category tag\">Nacional<\/a>","tag_info":"Nacional","comment_count":"0","uagb_featured_image_src":{"full":["https:\/\/www.koncevisiontv.cl\/web\/wp-content\/uploads\/2025\/08\/pamcobra-scaled.jpg",2560,1703,false],"thumbnail":["https:\/\/www.koncevisiontv.cl\/web\/wp-content\/uploads\/2025\/08\/pamcobra-150x150.jpg",150,150,true],"medium":["https:\/\/www.koncevisiontv.cl\/web\/wp-content\/uploads\/2025\/08\/pamcobra-300x200.jpg",300,200,true],"medium_large":["https:\/\/www.koncevisiontv.cl\/web\/wp-content\/uploads\/2025\/08\/pamcobra-768x511.jpg",640,426,true],"large":["https:\/\/www.koncevisiontv.cl\/web\/wp-content\/uploads\/2025\/08\/pamcobra-1024x681.jpg",640,426,true],"1536x1536":["https:\/\/www.koncevisiontv.cl\/web\/wp-content\/uploads\/2025\/08\/pamcobra-1536x1022.jpg",1536,1022,true],"2048x2048":["https:\/\/www.koncevisiontv.cl\/web\/wp-content\/uploads\/2025\/08\/pamcobra-2048x1362.jpg",2048,1362,true],"darknews-featured":["https:\/\/www.koncevisiontv.cl\/web\/wp-content\/uploads\/2025\/08\/pamcobra-1024x681.jpg",1024,681,true],"darknews-large":["https:\/\/www.koncevisiontv.cl\/web\/wp-content\/uploads\/2025\/08\/pamcobra-825x575.jpg",825,575,true],"darknews-medium":["https:\/\/www.koncevisiontv.cl\/web\/wp-content\/uploads\/2025\/08\/pamcobra-590x410.jpg",590,410,true]},"uagb_author_info":{"display_name":"Web-Master","author_link":"https:\/\/www.koncevisiontv.cl\/web\/author\/koncevision\/"},"uagb_comment_info":0,"uagb_excerpt":"En un giro dram\u00e1tico y conmovedor, la familia de Juan Sanhueza, el tripulante del pesquero de altamar (PAM)","_links":{"self":[{"href":"https:\/\/www.koncevisiontv.cl\/web\/wp-json\/wp\/v2\/posts\/10794","targetHints":{"allow":["GET"]}}],"collection":[{"href":"https:\/\/www.koncevisiontv.cl\/web\/wp-json\/wp\/v2\/posts"}],"about":[{"href":"https:\/\/www.koncevisiontv.cl\/web\/wp-json\/wp\/v2\/types\/post"}],"author":[{"embeddable":true,"href":"https:\/\/www.koncevisiontv.cl\/web\/wp-json\/wp\/v2\/users\/5"}],"replies":[{"embeddable":true,"href":"https:\/\/www.koncevisiontv.cl\/web\/wp-json\/wp\/v2\/comments?post=10794"}],"version-history":[{"count":1,"href":"https:\/\/www.koncevisiontv.cl\/web\/wp-json\/wp\/v2\/posts\/10794\/revisions"}],"predecessor-version":[{"id":10796,"href":"https:\/\/www.koncevisiontv.cl\/web\/wp-json\/wp\/v2\/posts\/10794\/revisions\/10796"}],"wp:featuredmedia":[{"embeddable":true,"href":"https:\/\/www.koncevisiontv.cl\/web\/wp-json\/wp\/v2\/media\/10795"}],"wp:attachment":[{"href":"https:\/\/www.koncevisiontv.cl\/web\/wp-json\/wp\/v2\/media?parent=10794"}],"wp:term":[{"taxonomy":"category","embeddable":true,"href":"https:\/\/www.koncevisiontv.cl\/web\/wp-json\/wp\/v2\/categories?post=10794"},{"taxonomy":"post_tag","embeddable":true,"href":"https:\/\/www.koncevisiontv.cl\/web\/wp-json\/wp\/v2\/tags?post=10794"}],"curies":[{"name":"wp","href":"https:\/\/api.w.org\/{rel}","templated":true}]}}