{"id":10797,"date":"2025-08-28T14:55:34","date_gmt":"2025-08-28T18:55:34","guid":{"rendered":"https:\/\/www.koncevisiontv.cl\/web\/?p=10797"},"modified":"2025-08-28T14:55:37","modified_gmt":"2025-08-28T18:55:37","slug":"vehiculo-se-incendia-en-plena-avenida-costanera-de-concepcion","status":"publish","type":"post","link":"https:\/\/www.koncevisiontv.cl\/web\/vehiculo-se-incendia-en-plena-avenida-costanera-de-concepcion\/","title":{"rendered":"Veh\u00edculo se incendia en plena Avenida Costanera de Concepci\u00f3n"},"content":{"rendered":"\n<p class=\"wp-block-paragraph\">Veh\u00edculo se incendia: Una emergencia se registr\u00f3 durante la ma\u00f1ana de este jueves en una de las arterias m\u00e1s transitadas de Concepci\u00f3n, luego de que un veh\u00edculo particular comenzara a incendiarse en plena Avenida Costanera. El incidente moviliz\u00f3 a personal de Bomberos y gener\u00f3 una alerta para los conductores que circulaban por el sector.<\/p>\n\n\n\n<p class=\"wp-block-paragraph\">Gracias al r\u00e1pido actuar de los voluntarios y a la solidaria colaboraci\u00f3n de otros automovilistas, el fuego pudo ser controlado antes de que el veh\u00edculo resultara completamente destruido.<\/p>\n\n\n\n<h2 class=\"wp-block-heading\">## Emergencia en la Costanera: El r\u00e1pido actuar de Bomberos y otros conductores<\/h2>\n\n\n\n<p class=\"wp-block-paragraph\">El siniestro se produjo en la pista de viraje que conecta la Avenida Costanera con la calle Esmeralda, a la altura de Padre Hurtado, justo debajo de las obras del nuevo Puente Chacabuco. El veh\u00edculo se dirig\u00eda en direcci\u00f3n a Chiguayante cuando, por causas que a\u00fan se investigan, comenz\u00f3 a emanar humo y llamas desde su parte delantera.<\/p>\n\n\n\n<p class=\"wp-block-paragraph\">Un carro del <strong><a target=\"_blank\" rel=\"noreferrer noopener\" href=\"https:\/\/www.google.com\/search?q=https:\/\/www.bomberosconcepcion.cl\/\">Cuerpo de Bomberos de Concepci\u00f3n<\/a><\/strong> se despach\u00f3 al lugar para controlar la emergencia. Sin embargo, antes de su llegada, la situaci\u00f3n ya estaba siendo contenida gracias a un notable gesto de solidaridad: otros conductores que pasaban por el lugar no dudaron en detenerse y facilitar sus propios <strong>extintores<\/strong> para ayudar a apagar el fuego.<\/p>\n\n\n\n<h2 class=\"wp-block-heading\">## Llamado a la precauci\u00f3n en la zona del Puente Chacabuco<\/h2>\n\n\n\n<p class=\"wp-block-paragraph\">El incidente provoc\u00f3 una inevitable congesti\u00f3n en un punto de alto flujo vehicular. Desde la cuenta de Transporte Informa B\u00edo B\u00edo, se emiti\u00f3 una recomendaci\u00f3n a los automovilistas para que se incorporen con mayor precauci\u00f3n a la pista de viraje afectada mientras se normalizaba completamente la situaci\u00f3n.<\/p>\n\n\n\n<p class=\"wp-block-paragraph\">Por el momento, se desconoce el origen del fuego en el <strong>veh\u00edculo incendiado en Concepci\u00f3n<\/strong>. La causa del siniestro ser\u00e1 materia de investigaci\u00f3n por parte de los equipos especializados, una vez que el autom\u00f3vil sea retirado de la v\u00eda p\u00fablica.<\/p>\n\n\n\n<p class=\"wp-block-paragraph\"><\/p>\n","protected":false},"excerpt":{"rendered":"<p>Veh\u00edculo se incendia: Una emergencia se registr\u00f3 durante la ma\u00f1ana de este jueves en una de las arterias<\/p>\n","protected":false},"author":5,"featured_media":10798,"comment_status":"open","ping_status":"open","sticky":false,"template":"","format":"standard","meta":{"_crdt_document":"","_uag_custom_page_level_css":"","_sitemap_exclude":false,"_sitemap_priority":"","_sitemap_frequency":"","_joinchat":[],"footnotes":""},"categories":[1,226],"tags":[],"class_list":["post-10797","post","type-post","status-publish","format-standard","has-post-thumbnail","hentry","category-bio-bio","category-concepcion"],"featured_image_urls":{"full":["https:\/\/www.koncevisiontv.cl\/web\/wp-content\/uploads\/2025\/08\/vehiculo-incendia-avenida-concepcion-750x400-1.jpg",750,400,false],"thumbnail":["https:\/\/www.koncevisiontv.cl\/web\/wp-content\/uploads\/2025\/08\/vehiculo-incendia-avenida-concepcion-750x400-1-150x150.jpg",150,150,true],"medium":["https:\/\/www.koncevisiontv.cl\/web\/wp-content\/uploads\/2025\/08\/vehiculo-incendia-avenida-concepcion-750x400-1-300x160.jpg",300,160,true],"medium_large":["https:\/\/www.koncevisiontv.cl\/web\/wp-content\/uploads\/2025\/08\/vehiculo-incendia-avenida-concepcion-750x400-1.jpg",640,341,false],"large":["https:\/\/www.koncevisiontv.cl\/web\/wp-content\/uploads\/2025\/08\/vehiculo-incendia-avenida-concepcion-750x400-1.jpg",640,341,false],"1536x1536":["https:\/\/www.koncevisiontv.cl\/web\/wp-content\/uploads\/2025\/08\/vehiculo-incendia-avenida-concepcion-750x400-1.jpg",750,400,false],"2048x2048":["https:\/\/www.koncevisiontv.cl\/web\/wp-content\/uploads\/2025\/08\/vehiculo-incendia-avenida-concepcion-750x400-1.jpg",750,400,false],"darknews-featured":["https:\/\/www.koncevisiontv.cl\/web\/wp-content\/uploads\/2025\/08\/vehiculo-incendia-avenida-concepcion-750x400-1.jpg",750,400,false],"darknews-large":["https:\/\/www.koncevisiontv.cl\/web\/wp-content\/uploads\/2025\/08\/vehiculo-incendia-avenida-concepcion-750x400-1.jpg",750,400,false],"darknews-medium":["https:\/\/www.koncevisiontv.cl\/web\/wp-content\/uploads\/2025\/08\/vehiculo-incendia-avenida-concepcion-750x400-1-590x400.jpg",590,400,true]},"author_info":{"info":["Web-Master"]},"category_info":"<a href=\"https:\/\/www.koncevisiontv.cl\/web\/category\/bio-bio\/\" rel=\"category tag\">Bio-B\u00edo<\/a> <a href=\"https:\/\/www.koncevisiontv.cl\/web\/category\/concepcion\/\" rel=\"category tag\">Concepcion<\/a>","tag_info":"Concepcion","comment_count":"0","uagb_featured_image_src":{"full":["https:\/\/www.koncevisiontv.cl\/web\/wp-content\/uploads\/2025\/08\/vehiculo-incendia-avenida-concepcion-750x400-1.jpg",750,400,false],"thumbnail":["https:\/\/www.koncevisiontv.cl\/web\/wp-content\/uploads\/2025\/08\/vehiculo-incendia-avenida-concepcion-750x400-1-150x150.jpg",150,150,true],"medium":["https:\/\/www.koncevisiontv.cl\/web\/wp-content\/uploads\/2025\/08\/vehiculo-incendia-avenida-concepcion-750x400-1-300x160.jpg",300,160,true],"medium_large":["https:\/\/www.koncevisiontv.cl\/web\/wp-content\/uploads\/2025\/08\/vehiculo-incendia-avenida-concepcion-750x400-1.jpg",640,341,false],"large":["https:\/\/www.koncevisiontv.cl\/web\/wp-content\/uploads\/2025\/08\/vehiculo-incendia-avenida-concepcion-750x400-1.jpg",640,341,false],"1536x1536":["https:\/\/www.koncevisiontv.cl\/web\/wp-content\/uploads\/2025\/08\/vehiculo-incendia-avenida-concepcion-750x400-1.jpg",750,400,false],"2048x2048":["https:\/\/www.koncevisiontv.cl\/web\/wp-content\/uploads\/2025\/08\/vehiculo-incendia-avenida-concepcion-750x400-1.jpg",750,400,false],"darknews-featured":["https:\/\/www.koncevisiontv.cl\/web\/wp-content\/uploads\/2025\/08\/vehiculo-incendia-avenida-concepcion-750x400-1.jpg",750,400,false],"darknews-large":["https:\/\/www.koncevisiontv.cl\/web\/wp-content\/uploads\/2025\/08\/vehiculo-incendia-avenida-concepcion-750x400-1.jpg",750,400,false],"darknews-medium":["https:\/\/www.koncevisiontv.cl\/web\/wp-content\/uploads\/2025\/08\/vehiculo-incendia-avenida-concepcion-750x400-1-590x400.jpg",590,400,true]},"uagb_author_info":{"display_name":"Web-Master","author_link":"https:\/\/www.koncevisiontv.cl\/web\/author\/koncevision\/"},"uagb_comment_info":0,"uagb_excerpt":"Veh\u00edculo se incendia: Una emergencia se registr\u00f3 durante la ma\u00f1ana de este jueves en una de las arterias","_links":{"self":[{"href":"https:\/\/www.koncevisiontv.cl\/web\/wp-json\/wp\/v2\/posts\/10797","targetHints":{"allow":["GET"]}}],"collection":[{"href":"https:\/\/www.koncevisiontv.cl\/web\/wp-json\/wp\/v2\/posts"}],"about":[{"href":"https:\/\/www.koncevisiontv.cl\/web\/wp-json\/wp\/v2\/types\/post"}],"author":[{"embeddable":true,"href":"https:\/\/www.koncevisiontv.cl\/web\/wp-json\/wp\/v2\/users\/5"}],"replies":[{"embeddable":true,"href":"https:\/\/www.koncevisiontv.cl\/web\/wp-json\/wp\/v2\/comments?post=10797"}],"version-history":[{"count":1,"href":"https:\/\/www.koncevisiontv.cl\/web\/wp-json\/wp\/v2\/posts\/10797\/revisions"}],"predecessor-version":[{"id":10799,"href":"https:\/\/www.koncevisiontv.cl\/web\/wp-json\/wp\/v2\/posts\/10797\/revisions\/10799"}],"wp:featuredmedia":[{"embeddable":true,"href":"https:\/\/www.koncevisiontv.cl\/web\/wp-json\/wp\/v2\/media\/10798"}],"wp:attachment":[{"href":"https:\/\/www.koncevisiontv.cl\/web\/wp-json\/wp\/v2\/media?parent=10797"}],"wp:term":[{"taxonomy":"category","embeddable":true,"href":"https:\/\/www.koncevisiontv.cl\/web\/wp-json\/wp\/v2\/categories?post=10797"},{"taxonomy":"post_tag","embeddable":true,"href":"https:\/\/www.koncevisiontv.cl\/web\/wp-json\/wp\/v2\/tags?post=10797"}],"curies":[{"name":"wp","href":"https:\/\/api.w.org\/{rel}","templated":true}]}}