{"id":10800,"date":"2025-08-28T15:00:36","date_gmt":"2025-08-28T19:00:36","guid":{"rendered":"https:\/\/www.koncevisiontv.cl\/web\/?p=10800"},"modified":"2025-08-28T15:00:41","modified_gmt":"2025-08-28T19:00:41","slug":"causa-camila-polizzi-fundacion-en-ti-dias-claves-cierre-investigacion","status":"publish","type":"post","link":"https:\/\/www.koncevisiontv.cl\/web\/causa-camila-polizzi-fundacion-en-ti-dias-claves-cierre-investigacion\/","title":{"rendered":"Causa de Camila Polizzi: Definen si se cierra la investigaci\u00f3n"},"content":{"rendered":"\n<p class=\"wp-block-paragraph\">La arista &#8220;Fundaci\u00f3n En Ti&#8221; del Caso Convenios, una de las m\u00e1s emblem\u00e1ticas a nivel nacional y que tiene como principal imputada a Camila Polizzi, vive d\u00edas decisivos. El pr\u00f3ximo lunes 1 de septiembre, el Juzgado de Garant\u00eda de Concepci\u00f3n ser\u00e1 el escenario de una audiencia clave que definir\u00e1 el futuro inmediato de la causa: si la investigaci\u00f3n se cierra definitivamente para dar paso al juicio oral, o si se concede un nuevo plazo a petici\u00f3n de una de las defensas.<\/p>\n\n\n\n<p class=\"wp-block-paragraph\">La defensa de Polizzi espera que la indagatoria concluya para poder enfrentar el juicio, que estiman podr\u00eda comenzar en diciembre, mientras que otros intervinientes buscan m\u00e1s tiempo para reunir pruebas.<\/p>\n\n\n\n<h2 class=\"wp-block-heading\">## La encrucijada judicial: \u00bfCierre de la investigaci\u00f3n o un nuevo plazo?<\/h2>\n\n\n\n<p class=\"wp-block-paragraph\">La investigaci\u00f3n, centrada en el presunto arriendo de la Fundaci\u00f3n En Ti por parte de Polizzi para adjudicarse <strong>$250 millones de pesos del Gobierno Regional del B\u00edo B\u00edo<\/strong> que no habr\u00edan sido destinados a fines sociales, ha sufrido varias pr\u00f3rrogas.<\/p>\n\n\n\n<p class=\"wp-block-paragraph\">Pese a que la fiscal del caso, Mar\u00eda Jos\u00e9 Aguayo, comunic\u00f3 en julio que las diligencias de su parte hab\u00edan concluido, solicitudes del Consejo de Defensa del Estado y de la defensa del exfuncionario del GORE, Sim\u00f3n Acu\u00f1a, lograron extender el plazo. Ahora, con ese \u00faltimo per\u00edodo ya vencido, la justicia deber\u00e1 resolver una nueva petici\u00f3n para alargar la indagatoria.<\/p>\n\n\n\n<h2 class=\"wp-block-heading\">## Defensas enfrentadas: La antesala de un juicio de tres meses<\/h2>\n\n\n\n<p class=\"wp-block-paragraph\">Las posturas de cara a la audiencia del lunes son contrapuestas. Por un lado, el abogado Javier Pereira, quien representa a Sim\u00f3n Acu\u00f1a, insiste en que es necesario m\u00e1s tiempo para recopilar toda la evidencia que, a su juicio, permitir\u00e1 demostrar la inocencia de su cliente.<\/p>\n\n\n\n<p class=\"wp-block-paragraph\">En la vereda opuesta se encuentra la defensa de Camila Polizzi. Su abogado, Francisco Garc\u00eda, espera que el tribunal rechace una nueva pr\u00f3rroga. <strong>&#8220;El juicio podr\u00eda partir a fin de a\u00f1o, pero solo si el 1 de septiembre se cierra la investigaci\u00f3n&#8221;<\/strong>, se\u00f1al\u00f3 el jurista.<\/p>\n\n\n\n<p class=\"wp-block-paragraph\">De concretarse el cierre de la <strong>causa contra Camila Polizzi por la Fundaci\u00f3n En Ti<\/strong>, se estima que el posterior juicio oral podr\u00eda extenderse por cerca de tres meses, dada la gran cantidad de imputados y el voluminoso expediente de pruebas recabado por el Ministerio P\u00fablico. La decisi\u00f3n final, que marcar\u00e1 la ruta de uno de los casos m\u00e1s medi\u00e1ticos del pa\u00eds, se conocer\u00e1 en los pasillos del <strong><a target=\"_blank\" rel=\"noreferrer noopener\" href=\"https:\/\/www.pjud.cl\/\">Poder Judicial<\/a><\/strong> el pr\u00f3ximo lunes.<\/p>\n","protected":false},"excerpt":{"rendered":"<p>La arista &#8220;Fundaci\u00f3n En Ti&#8221; del Caso Convenios, una de las m\u00e1s emblem\u00e1ticas a nivel nacional y que<\/p>\n","protected":false},"author":5,"featured_media":10801,"comment_status":"open","ping_status":"open","sticky":false,"template":"","format":"standard","meta":{"_crdt_document":"","_uag_custom_page_level_css":"","_sitemap_exclude":false,"_sitemap_priority":"","_sitemap_frequency":"","_joinchat":[],"footnotes":""},"categories":[14],"tags":[],"class_list":["post-10800","post","type-post","status-publish","format-standard","has-post-thumbnail","hentry","category-nacional"],"featured_image_urls":{"full":["https:\/\/www.koncevisiontv.cl\/web\/wp-content\/uploads\/2025\/08\/camila-polizzi-fundacion-enti-750x400-1.jpg",750,400,false],"thumbnail":["https:\/\/www.koncevisiontv.cl\/web\/wp-content\/uploads\/2025\/08\/camila-polizzi-fundacion-enti-750x400-1-150x150.jpg",150,150,true],"medium":["https:\/\/www.koncevisiontv.cl\/web\/wp-content\/uploads\/2025\/08\/camila-polizzi-fundacion-enti-750x400-1-300x160.jpg",300,160,true],"medium_large":["https:\/\/www.koncevisiontv.cl\/web\/wp-content\/uploads\/2025\/08\/camila-polizzi-fundacion-enti-750x400-1.jpg",640,341,false],"large":["https:\/\/www.koncevisiontv.cl\/web\/wp-content\/uploads\/2025\/08\/camila-polizzi-fundacion-enti-750x400-1.jpg",640,341,false],"1536x1536":["https:\/\/www.koncevisiontv.cl\/web\/wp-content\/uploads\/2025\/08\/camila-polizzi-fundacion-enti-750x400-1.jpg",750,400,false],"2048x2048":["https:\/\/www.koncevisiontv.cl\/web\/wp-content\/uploads\/2025\/08\/camila-polizzi-fundacion-enti-750x400-1.jpg",750,400,false],"darknews-featured":["https:\/\/www.koncevisiontv.cl\/web\/wp-content\/uploads\/2025\/08\/camila-polizzi-fundacion-enti-750x400-1.jpg",750,400,false],"darknews-large":["https:\/\/www.koncevisiontv.cl\/web\/wp-content\/uploads\/2025\/08\/camila-polizzi-fundacion-enti-750x400-1.jpg",750,400,false],"darknews-medium":["https:\/\/www.koncevisiontv.cl\/web\/wp-content\/uploads\/2025\/08\/camila-polizzi-fundacion-enti-750x400-1-590x400.jpg",590,400,true]},"author_info":{"info":["Web-Master"]},"category_info":"<a href=\"https:\/\/www.koncevisiontv.cl\/web\/category\/nacional\/\" rel=\"category tag\">Nacional<\/a>","tag_info":"Nacional","comment_count":"0","uagb_featured_image_src":{"full":["https:\/\/www.koncevisiontv.cl\/web\/wp-content\/uploads\/2025\/08\/camila-polizzi-fundacion-enti-750x400-1.jpg",750,400,false],"thumbnail":["https:\/\/www.koncevisiontv.cl\/web\/wp-content\/uploads\/2025\/08\/camila-polizzi-fundacion-enti-750x400-1-150x150.jpg",150,150,true],"medium":["https:\/\/www.koncevisiontv.cl\/web\/wp-content\/uploads\/2025\/08\/camila-polizzi-fundacion-enti-750x400-1-300x160.jpg",300,160,true],"medium_large":["https:\/\/www.koncevisiontv.cl\/web\/wp-content\/uploads\/2025\/08\/camila-polizzi-fundacion-enti-750x400-1.jpg",640,341,false],"large":["https:\/\/www.koncevisiontv.cl\/web\/wp-content\/uploads\/2025\/08\/camila-polizzi-fundacion-enti-750x400-1.jpg",640,341,false],"1536x1536":["https:\/\/www.koncevisiontv.cl\/web\/wp-content\/uploads\/2025\/08\/camila-polizzi-fundacion-enti-750x400-1.jpg",750,400,false],"2048x2048":["https:\/\/www.koncevisiontv.cl\/web\/wp-content\/uploads\/2025\/08\/camila-polizzi-fundacion-enti-750x400-1.jpg",750,400,false],"darknews-featured":["https:\/\/www.koncevisiontv.cl\/web\/wp-content\/uploads\/2025\/08\/camila-polizzi-fundacion-enti-750x400-1.jpg",750,400,false],"darknews-large":["https:\/\/www.koncevisiontv.cl\/web\/wp-content\/uploads\/2025\/08\/camila-polizzi-fundacion-enti-750x400-1.jpg",750,400,false],"darknews-medium":["https:\/\/www.koncevisiontv.cl\/web\/wp-content\/uploads\/2025\/08\/camila-polizzi-fundacion-enti-750x400-1-590x400.jpg",590,400,true]},"uagb_author_info":{"display_name":"Web-Master","author_link":"https:\/\/www.koncevisiontv.cl\/web\/author\/koncevision\/"},"uagb_comment_info":0,"uagb_excerpt":"La arista &#8220;Fundaci\u00f3n En Ti&#8221; del Caso Convenios, una de las m\u00e1s emblem\u00e1ticas a nivel nacional y que","_links":{"self":[{"href":"https:\/\/www.koncevisiontv.cl\/web\/wp-json\/wp\/v2\/posts\/10800","targetHints":{"allow":["GET"]}}],"collection":[{"href":"https:\/\/www.koncevisiontv.cl\/web\/wp-json\/wp\/v2\/posts"}],"about":[{"href":"https:\/\/www.koncevisiontv.cl\/web\/wp-json\/wp\/v2\/types\/post"}],"author":[{"embeddable":true,"href":"https:\/\/www.koncevisiontv.cl\/web\/wp-json\/wp\/v2\/users\/5"}],"replies":[{"embeddable":true,"href":"https:\/\/www.koncevisiontv.cl\/web\/wp-json\/wp\/v2\/comments?post=10800"}],"version-history":[{"count":1,"href":"https:\/\/www.koncevisiontv.cl\/web\/wp-json\/wp\/v2\/posts\/10800\/revisions"}],"predecessor-version":[{"id":10802,"href":"https:\/\/www.koncevisiontv.cl\/web\/wp-json\/wp\/v2\/posts\/10800\/revisions\/10802"}],"wp:featuredmedia":[{"embeddable":true,"href":"https:\/\/www.koncevisiontv.cl\/web\/wp-json\/wp\/v2\/media\/10801"}],"wp:attachment":[{"href":"https:\/\/www.koncevisiontv.cl\/web\/wp-json\/wp\/v2\/media?parent=10800"}],"wp:term":[{"taxonomy":"category","embeddable":true,"href":"https:\/\/www.koncevisiontv.cl\/web\/wp-json\/wp\/v2\/categories?post=10800"},{"taxonomy":"post_tag","embeddable":true,"href":"https:\/\/www.koncevisiontv.cl\/web\/wp-json\/wp\/v2\/tags?post=10800"}],"curies":[{"name":"wp","href":"https:\/\/api.w.org\/{rel}","templated":true}]}}