{"id":10806,"date":"2025-08-28T15:19:25","date_gmt":"2025-08-28T19:19:25","guid":{"rendered":"https:\/\/www.koncevisiontv.cl\/web\/?p=10806"},"modified":"2025-08-28T15:19:27","modified_gmt":"2025-08-28T19:19:27","slug":"damnificados-puerto-de-palos-luchan-por-indemnizacion-en-la-corte","status":"publish","type":"post","link":"https:\/\/www.koncevisiontv.cl\/web\/damnificados-puerto-de-palos-luchan-por-indemnizacion-en-la-corte\/","title":{"rendered":"Damnificados del Puerto de Palos: 15 a\u00f1os de lucha por su indemnizaci\u00f3n"},"content":{"rendered":"\n<p class=\"wp-block-paragraph\">A m\u00e1s de 15 a\u00f1os del devastador terremoto del 27 de febrero de 2010, la batalla por la justicia para cerca de 50 familias del edificio Puerto de Palos de Hualp\u00e9n a\u00fan no termina. Este jueves, los damnificados llegaron hasta la Corte de Apelaciones de Concepci\u00f3n para participar en una nueva diligencia judicial, en su interminable lucha por recibir la indemnizaci\u00f3n de $2.500 millones que la Municipalidad de Talcahuano fue condenada a pagar.<\/p>\n\n\n\n<p class=\"wp-block-paragraph\">Pese al tiempo transcurrido y al desgaste emocional y econ\u00f3mico, los vecinos se mantienen firmes. &#8220;A\u00fan tenemos confianza en la justicia, en que vamos a ser resarcidos por los da\u00f1os&#8221;, afirm\u00f3 Juan Lozano, vocero de los afectados.<\/p>\n\n\n\n<h2 class=\"wp-block-heading\">## Una lucha de 15 a\u00f1os: Del terremoto a la demolici\u00f3n<\/h2>\n\n\n\n<p class=\"wp-block-paragraph\">La historia del edificio Puerto de Palos, ubicado en la avenida Col\u00f3n de Hualp\u00e9n, es un s\u00edmbolo de la tragedia del 27\/F. La estructura fue declarada inhabitable por los graves da\u00f1os estructurales sufridos en el sismo. La justicia determin\u00f3 que la responsabilidad reca\u00eda en la <strong>Municipalidad de Talcahuano<\/strong>, debido a que la <strong>Direcci\u00f3n de Obras de esa comuna no fiscaliz\u00f3 correctamente<\/strong> la construcci\u00f3n cuando el sector de Hualpencillo a\u00fan pertenec\u00eda a su jurisdicci\u00f3n.<\/p>\n\n\n\n<p class=\"wp-block-paragraph\">Tras a\u00f1os de abandono, el esqueleto del edificio fue finalmente demolido reci\u00e9n este 2025, gracias a una inversi\u00f3n de $1.270 millones gestionada por la Municipalidad de Hualp\u00e9n ante el Ministerio del Interior.<\/p>\n\n\n\n<h2 class=\"wp-block-heading\">## La disputa por los $2.500 millones: El \u00faltimo obst\u00e1culo para los damnificados del edificio Puerto de Palos<\/h2>\n\n\n\n<p class=\"wp-block-paragraph\">Aunque un fallo judicial dictado en 2023 ya estableci\u00f3 la responsabilidad del municipio chorero, y el a\u00f1o pasado se fij\u00f3 la millonaria reparaci\u00f3n, el pago a\u00fan no se concreta. El abogado de las familias, Marcelo Valenzuela, explic\u00f3 que la diligencia en la Corte de Apelaciones se debe a que <strong>la corporaci\u00f3n edilicia de Talcahuano est\u00e1 discutiendo el monto<\/strong> de la indemnizaci\u00f3n.<\/p>\n\n\n\n<p class=\"wp-block-paragraph\">Esta versi\u00f3n fue ratificada por el jefe jur\u00eddico de Talcahuano, Emmanuel Toloza, quien sostuvo que lo que se busca en el tribunal de alzada es determinar la <strong>&#8220;cantidad precisa&#8221;<\/strong> que se debe cancelar a los afectados.<\/p>\n\n\n\n<p class=\"wp-block-paragraph\">Mientras la disputa legal contin\u00faa en el <strong><a target=\"_blank\" rel=\"noreferrer noopener\" href=\"https:\/\/www.pjud.cl\/\">Poder Judicial<\/a><\/strong>, las familias, muchas de las cuales invirtieron los ahorros de toda una vida en esos departamentos, siguen esperando una reparaci\u00f3n que les permita, despu\u00e9s de 15 a\u00f1os, cerrar definitivamente uno de los cap\u00edtulos m\u00e1s dolorosos de sus vidas.<\/p>\n","protected":false},"excerpt":{"rendered":"<p>A m\u00e1s de 15 a\u00f1os del devastador terremoto del 27 de febrero de 2010, la batalla por la<\/p>\n","protected":false},"author":5,"featured_media":10807,"comment_status":"open","ping_status":"open","sticky":false,"template":"","format":"standard","meta":{"_crdt_document":"","_uag_custom_page_level_css":"","_sitemap_exclude":false,"_sitemap_priority":"","_sitemap_frequency":"","_joinchat":[],"footnotes":""},"categories":[14],"tags":[],"class_list":["post-10806","post","type-post","status-publish","format-standard","has-post-thumbnail","hentry","category-nacional"],"featured_image_urls":{"full":["https:\/\/www.koncevisiontv.cl\/web\/wp-content\/uploads\/2025\/08\/damnificados-de-edificio-del-27f-acuden-a-la-corte-por-indemnizacion-que-debe-pagar-talcahuano-750x400-1.png",750,400,false],"thumbnail":["https:\/\/www.koncevisiontv.cl\/web\/wp-content\/uploads\/2025\/08\/damnificados-de-edificio-del-27f-acuden-a-la-corte-por-indemnizacion-que-debe-pagar-talcahuano-750x400-1-150x150.png",150,150,true],"medium":["https:\/\/www.koncevisiontv.cl\/web\/wp-content\/uploads\/2025\/08\/damnificados-de-edificio-del-27f-acuden-a-la-corte-por-indemnizacion-que-debe-pagar-talcahuano-750x400-1-300x160.png",300,160,true],"medium_large":["https:\/\/www.koncevisiontv.cl\/web\/wp-content\/uploads\/2025\/08\/damnificados-de-edificio-del-27f-acuden-a-la-corte-por-indemnizacion-que-debe-pagar-talcahuano-750x400-1.png",640,341,false],"large":["https:\/\/www.koncevisiontv.cl\/web\/wp-content\/uploads\/2025\/08\/damnificados-de-edificio-del-27f-acuden-a-la-corte-por-indemnizacion-que-debe-pagar-talcahuano-750x400-1.png",640,341,false],"1536x1536":["https:\/\/www.koncevisiontv.cl\/web\/wp-content\/uploads\/2025\/08\/damnificados-de-edificio-del-27f-acuden-a-la-corte-por-indemnizacion-que-debe-pagar-talcahuano-750x400-1.png",750,400,false],"2048x2048":["https:\/\/www.koncevisiontv.cl\/web\/wp-content\/uploads\/2025\/08\/damnificados-de-edificio-del-27f-acuden-a-la-corte-por-indemnizacion-que-debe-pagar-talcahuano-750x400-1.png",750,400,false],"darknews-featured":["https:\/\/www.koncevisiontv.cl\/web\/wp-content\/uploads\/2025\/08\/damnificados-de-edificio-del-27f-acuden-a-la-corte-por-indemnizacion-que-debe-pagar-talcahuano-750x400-1.png",750,400,false],"darknews-large":["https:\/\/www.koncevisiontv.cl\/web\/wp-content\/uploads\/2025\/08\/damnificados-de-edificio-del-27f-acuden-a-la-corte-por-indemnizacion-que-debe-pagar-talcahuano-750x400-1.png",750,400,false],"darknews-medium":["https:\/\/www.koncevisiontv.cl\/web\/wp-content\/uploads\/2025\/08\/damnificados-de-edificio-del-27f-acuden-a-la-corte-por-indemnizacion-que-debe-pagar-talcahuano-750x400-1-590x400.png",590,400,true]},"author_info":{"info":["Web-Master"]},"category_info":"<a href=\"https:\/\/www.koncevisiontv.cl\/web\/category\/nacional\/\" rel=\"category tag\">Nacional<\/a>","tag_info":"Nacional","comment_count":"0","uagb_featured_image_src":{"full":["https:\/\/www.koncevisiontv.cl\/web\/wp-content\/uploads\/2025\/08\/damnificados-de-edificio-del-27f-acuden-a-la-corte-por-indemnizacion-que-debe-pagar-talcahuano-750x400-1.png",750,400,false],"thumbnail":["https:\/\/www.koncevisiontv.cl\/web\/wp-content\/uploads\/2025\/08\/damnificados-de-edificio-del-27f-acuden-a-la-corte-por-indemnizacion-que-debe-pagar-talcahuano-750x400-1-150x150.png",150,150,true],"medium":["https:\/\/www.koncevisiontv.cl\/web\/wp-content\/uploads\/2025\/08\/damnificados-de-edificio-del-27f-acuden-a-la-corte-por-indemnizacion-que-debe-pagar-talcahuano-750x400-1-300x160.png",300,160,true],"medium_large":["https:\/\/www.koncevisiontv.cl\/web\/wp-content\/uploads\/2025\/08\/damnificados-de-edificio-del-27f-acuden-a-la-corte-por-indemnizacion-que-debe-pagar-talcahuano-750x400-1.png",640,341,false],"large":["https:\/\/www.koncevisiontv.cl\/web\/wp-content\/uploads\/2025\/08\/damnificados-de-edificio-del-27f-acuden-a-la-corte-por-indemnizacion-que-debe-pagar-talcahuano-750x400-1.png",640,341,false],"1536x1536":["https:\/\/www.koncevisiontv.cl\/web\/wp-content\/uploads\/2025\/08\/damnificados-de-edificio-del-27f-acuden-a-la-corte-por-indemnizacion-que-debe-pagar-talcahuano-750x400-1.png",750,400,false],"2048x2048":["https:\/\/www.koncevisiontv.cl\/web\/wp-content\/uploads\/2025\/08\/damnificados-de-edificio-del-27f-acuden-a-la-corte-por-indemnizacion-que-debe-pagar-talcahuano-750x400-1.png",750,400,false],"darknews-featured":["https:\/\/www.koncevisiontv.cl\/web\/wp-content\/uploads\/2025\/08\/damnificados-de-edificio-del-27f-acuden-a-la-corte-por-indemnizacion-que-debe-pagar-talcahuano-750x400-1.png",750,400,false],"darknews-large":["https:\/\/www.koncevisiontv.cl\/web\/wp-content\/uploads\/2025\/08\/damnificados-de-edificio-del-27f-acuden-a-la-corte-por-indemnizacion-que-debe-pagar-talcahuano-750x400-1.png",750,400,false],"darknews-medium":["https:\/\/www.koncevisiontv.cl\/web\/wp-content\/uploads\/2025\/08\/damnificados-de-edificio-del-27f-acuden-a-la-corte-por-indemnizacion-que-debe-pagar-talcahuano-750x400-1-590x400.png",590,400,true]},"uagb_author_info":{"display_name":"Web-Master","author_link":"https:\/\/www.koncevisiontv.cl\/web\/author\/koncevision\/"},"uagb_comment_info":0,"uagb_excerpt":"A m\u00e1s de 15 a\u00f1os del devastador terremoto del 27 de febrero de 2010, la batalla por la","_links":{"self":[{"href":"https:\/\/www.koncevisiontv.cl\/web\/wp-json\/wp\/v2\/posts\/10806","targetHints":{"allow":["GET"]}}],"collection":[{"href":"https:\/\/www.koncevisiontv.cl\/web\/wp-json\/wp\/v2\/posts"}],"about":[{"href":"https:\/\/www.koncevisiontv.cl\/web\/wp-json\/wp\/v2\/types\/post"}],"author":[{"embeddable":true,"href":"https:\/\/www.koncevisiontv.cl\/web\/wp-json\/wp\/v2\/users\/5"}],"replies":[{"embeddable":true,"href":"https:\/\/www.koncevisiontv.cl\/web\/wp-json\/wp\/v2\/comments?post=10806"}],"version-history":[{"count":1,"href":"https:\/\/www.koncevisiontv.cl\/web\/wp-json\/wp\/v2\/posts\/10806\/revisions"}],"predecessor-version":[{"id":10808,"href":"https:\/\/www.koncevisiontv.cl\/web\/wp-json\/wp\/v2\/posts\/10806\/revisions\/10808"}],"wp:featuredmedia":[{"embeddable":true,"href":"https:\/\/www.koncevisiontv.cl\/web\/wp-json\/wp\/v2\/media\/10807"}],"wp:attachment":[{"href":"https:\/\/www.koncevisiontv.cl\/web\/wp-json\/wp\/v2\/media?parent=10806"}],"wp:term":[{"taxonomy":"category","embeddable":true,"href":"https:\/\/www.koncevisiontv.cl\/web\/wp-json\/wp\/v2\/categories?post=10806"},{"taxonomy":"post_tag","embeddable":true,"href":"https:\/\/www.koncevisiontv.cl\/web\/wp-json\/wp\/v2\/tags?post=10806"}],"curies":[{"name":"wp","href":"https:\/\/api.w.org\/{rel}","templated":true}]}}