{"id":10809,"date":"2025-08-28T15:23:46","date_gmt":"2025-08-28T19:23:46","guid":{"rendered":"https:\/\/www.koncevisiontv.cl\/web\/?p=10809"},"modified":"2025-08-28T15:23:51","modified_gmt":"2025-08-28T19:23:51","slug":"fijan-fecha-audiencia-desafuero-diputado-joaquin-lavin-fraude-fisco","status":"publish","type":"post","link":"https:\/\/www.koncevisiontv.cl\/web\/fijan-fecha-audiencia-desafuero-diputado-joaquin-lavin-fraude-fisco\/","title":{"rendered":"Fijan fecha clave para el desafuero del diputado Joaqu\u00edn Lav\u00edn"},"content":{"rendered":"\n<p class=\"wp-block-paragraph\">La Corte de Apelaciones de Santiago ha puesto fecha a una audiencia crucial para el futuro judicial del diputado Joaqu\u00edn Lav\u00edn (UDI). El pr\u00f3ximo <strong>jueves 4 de septiembre, a las 08:30 horas<\/strong>, el pleno del tribunal de alzada revisar\u00e1 la solicitud de desafuero presentada en su contra por la Fiscal\u00eda, en el marco de una investigaci\u00f3n por el presunto delito de fraude al fisco.<\/p>\n\n\n\n<p class=\"wp-block-paragraph\">Esta diligencia determinar\u00e1 si se le retira la inmunidad parlamentaria al legislador para que pueda ser formalmente imputado y, eventualmente, enfrentar un juicio como cualquier ciudadano.<\/p>\n\n\n\n<h2 class=\"wp-block-heading\">## La ofensiva de la Fiscal\u00eda por fraude al fisco<\/h2>\n\n\n\n<p class=\"wp-block-paragraph\">La solicitud para desaforar al parlamentario fue presentada por la fiscal regional Lorena Andrea Parra, de la Fiscal\u00eda Regional Metropolitana Oriente, y cuenta con el respaldo de la Unidad de Alta Complejidad de dicha fiscal\u00eda.<\/p>\n\n\n\n<p class=\"wp-block-paragraph\">La investigaci\u00f3n, que imputa a Lav\u00edn un presunto fraude al fisco, ha sido desarrollada con el apoyo de unidades especializadas como la Brigada de Delitos Econ\u00f3micos (Bridec) de la PDI y la Unidad Especializada Anticorrupci\u00f3n (UNAC) de la Fiscal\u00eda Nacional, lo que da cuenta de la envergadura y seriedad de las diligencias.<\/p>\n\n\n\n<h2 class=\"wp-block-heading\">## \u00bfQu\u00e9 es el fuero y qu\u00e9 implica el desafuero de Joaqu\u00edn Lav\u00edn?<\/h2>\n\n\n\n<p class=\"wp-block-paragraph\">La figura del <strong>desafuero<\/strong> es un procedimiento judicial que busca levantar la protecci\u00f3n constitucional con la que cuentan los parlamentarios, conocida como <strong>fuero parlamentario<\/strong>. Seg\u00fan el art\u00edculo 61 de la Constituci\u00f3n, ning\u00fan diputado o senador puede ser acusado penalmente sin que una Corte de Apelaciones autorice previamente que &#8220;hay lugar a formaci\u00f3n de causa&#8221;.<\/p>\n\n\n\n<p class=\"wp-block-paragraph\">En la audiencia del 4 de septiembre, los ministros del tribunal de alzada deber\u00e1n decidir si los antecedentes presentados por la fiscal\u00eda tienen m\u00e9rito suficiente para iniciar un proceso penal contra el diputado.<\/p>\n\n\n\n<ul class=\"wp-block-list\">\n<li><strong>Si se acoge el desafuero:<\/strong> El parlamentario pierde su inmunidad y la justicia puede seguir adelante con el proceso, decretar medidas cautelares en su contra (como arraigo o arresto domiciliario) y, eventualmente, dictar una condena.<\/li>\n\n\n\n<li><strong>Si se rechaza el desafuero:<\/strong> La causa en su contra se cierra definitivamente y el diputado queda sobrese\u00eddo de los cargos.<\/li>\n<\/ul>\n\n\n\n<p class=\"wp-block-paragraph\">Cualquiera de las dos decisiones que adopte la Corte de Apelaciones puede ser apelada ante la Corte Suprema, que tendr\u00e1 la \u00faltima palabra. El futuro judicial del diputado Lav\u00edn, por tanto, comienza a definirse en los pasillos del <strong><a target=\"_blank\" rel=\"noreferrer noopener\" href=\"https:\/\/www.pjud.cl\/\">Poder Judicial<\/a><\/strong>.<\/p>\n\n\n\n<p class=\"wp-block-paragraph\"><\/p>\n","protected":false},"excerpt":{"rendered":"<p>La Corte de Apelaciones de Santiago ha puesto fecha a una audiencia crucial para el futuro judicial del<\/p>\n","protected":false},"author":5,"featured_media":0,"comment_status":"open","ping_status":"open","sticky":false,"template":"","format":"standard","meta":{"_crdt_document":"","_uag_custom_page_level_css":"","_sitemap_exclude":false,"_sitemap_priority":"","_sitemap_frequency":"","_joinchat":[],"footnotes":""},"categories":[14],"tags":[],"class_list":["post-10809","post","type-post","status-publish","format-standard","hentry","category-nacional"],"featured_image_urls":{"full":"","thumbnail":"","medium":"","medium_large":"","large":"","1536x1536":"","2048x2048":"","darknews-featured":"","darknews-large":"","darknews-medium":""},"author_info":{"info":["Web-Master"]},"category_info":"<a href=\"https:\/\/www.koncevisiontv.cl\/web\/category\/nacional\/\" rel=\"category tag\">Nacional<\/a>","tag_info":"Nacional","comment_count":"0","uagb_featured_image_src":{"full":false,"thumbnail":false,"medium":false,"medium_large":false,"large":false,"1536x1536":false,"2048x2048":false,"darknews-featured":false,"darknews-large":false,"darknews-medium":false},"uagb_author_info":{"display_name":"Web-Master","author_link":"https:\/\/www.koncevisiontv.cl\/web\/author\/koncevision\/"},"uagb_comment_info":0,"uagb_excerpt":"La Corte de Apelaciones de Santiago ha puesto fecha a una audiencia crucial para el futuro judicial del","_links":{"self":[{"href":"https:\/\/www.koncevisiontv.cl\/web\/wp-json\/wp\/v2\/posts\/10809","targetHints":{"allow":["GET"]}}],"collection":[{"href":"https:\/\/www.koncevisiontv.cl\/web\/wp-json\/wp\/v2\/posts"}],"about":[{"href":"https:\/\/www.koncevisiontv.cl\/web\/wp-json\/wp\/v2\/types\/post"}],"author":[{"embeddable":true,"href":"https:\/\/www.koncevisiontv.cl\/web\/wp-json\/wp\/v2\/users\/5"}],"replies":[{"embeddable":true,"href":"https:\/\/www.koncevisiontv.cl\/web\/wp-json\/wp\/v2\/comments?post=10809"}],"version-history":[{"count":1,"href":"https:\/\/www.koncevisiontv.cl\/web\/wp-json\/wp\/v2\/posts\/10809\/revisions"}],"predecessor-version":[{"id":10810,"href":"https:\/\/www.koncevisiontv.cl\/web\/wp-json\/wp\/v2\/posts\/10809\/revisions\/10810"}],"wp:attachment":[{"href":"https:\/\/www.koncevisiontv.cl\/web\/wp-json\/wp\/v2\/media?parent=10809"}],"wp:term":[{"taxonomy":"category","embeddable":true,"href":"https:\/\/www.koncevisiontv.cl\/web\/wp-json\/wp\/v2\/categories?post=10809"},{"taxonomy":"post_tag","embeddable":true,"href":"https:\/\/www.koncevisiontv.cl\/web\/wp-json\/wp\/v2\/tags?post=10809"}],"curies":[{"name":"wp","href":"https:\/\/api.w.org\/{rel}","templated":true}]}}