{"id":10811,"date":"2025-08-28T16:48:40","date_gmt":"2025-08-28T20:48:40","guid":{"rendered":"https:\/\/www.koncevisiontv.cl\/web\/?p=10811"},"modified":"2025-08-28T16:48:43","modified_gmt":"2025-08-28T20:48:43","slug":"hallan-cuerpo-de-mujer-desnuda-en-playa-de-boca-sur-san-pedro","status":"publish","type":"post","link":"https:\/\/www.koncevisiontv.cl\/web\/hallan-cuerpo-de-mujer-desnuda-en-playa-de-boca-sur-san-pedro\/","title":{"rendered":"Hallan cuerpo de joven desnuda en playa de San Pedro de la Paz"},"content":{"rendered":"\n<p class=\"wp-block-paragraph\">Hallan cuerpo de mujer: Un macabro hallazgo ha generado conmoci\u00f3n y un amplio despliegue policial durante la tarde de este jueves en la comuna de San Pedro de la Paz. El cuerpo sin vida de una joven mujer fue encontrado en la orilla de la playa del sector de Boca Sur, activando de inmediato todos los protocolos para investigar un posible homicidio.<\/p>\n\n\n\n<p class=\"wp-block-paragraph\">El hecho de que el cad\u00e1ver fuera encontrado desnudo ha aumentado las interrogantes y la preocupaci\u00f3n en torno a las circunstancias de su muerte, mientras la comunidad del sector se muestra impactada por el suceso.<\/p>\n\n\n\n<h2 class=\"wp-block-heading\">## El macabro hallazgo en la playa de Boca Sur<\/h2>\n\n\n\n<p class=\"wp-block-paragraph\">Seg\u00fan los primeros antecedentes recopilados, el cuerpo corresponder\u00eda a una mujer joven, de una edad preliminar estimada <strong>entre los 20 y 30 a\u00f1os<\/strong>. Las primeras descripciones indican que es de tez clara y cabello crespo.<\/p>\n\n\n\n<p class=\"wp-block-paragraph\">El cad\u00e1ver fue encontrado directamente en la orilla de la playa, lo que provoc\u00f3 una r\u00e1pida alerta a las autoridades. La ausencia de vestimentas en el cuerpo es una de las principales aristas que la polic\u00eda deber\u00e1 esclarecer para determinar si hubo intervenci\u00f3n de terceras personas.<\/p>\n\n\n\n<h2 class=\"wp-block-heading\">## PDI investiga el caso: Se activan los protocolos por posible homicidio<\/h2>\n\n\n\n<p class=\"wp-block-paragraph\">Personal de Carabineros fue el primero en llegar al lugar, confirmando la veracidad de la denuncia y procediendo a <strong>resguardar y aislar el sitio del suceso<\/strong>. Esta medida es crucial para permitir el trabajo de los equipos especializados sin que se contamine la escena.<\/p>\n\n\n\n<p class=\"wp-block-paragraph\">Se est\u00e1 a la espera de la llegada del fiscal de turno y de los detectives de la <strong><a target=\"_blank\" rel=\"noreferrer noopener\" href=\"https:\/\/www.pdichile.cl\/\">Polic\u00eda de Investigaciones (PDI)<\/a><\/strong>, quienes quedar\u00e1n a cargo de las pericias. Su labor ser\u00e1 fundamental para determinar dos puntos clave: la <strong>identidad de la v\u00edctima y la causa exacta de su muerte<\/strong>.<\/p>\n\n\n\n<p class=\"wp-block-paragraph\">El <strong>hallazgo del cuerpo de la mujer en San Pedro de la Paz<\/strong> ha generado una ola de preocupaci\u00f3n entre los vecinos de la zona costera, quienes manifiestan que la sensaci\u00f3n de inseguridad ha ido en aumento, exigiendo respuestas y mayor resguardo policia<\/p>\n","protected":false},"excerpt":{"rendered":"<p>Hallan cuerpo de mujer: Un macabro hallazgo ha generado conmoci\u00f3n y un amplio despliegue policial durante la tarde<\/p>\n","protected":false},"author":5,"featured_media":10812,"comment_status":"open","ping_status":"open","sticky":false,"template":"","format":"standard","meta":{"_crdt_document":"","_uag_custom_page_level_css":"","_sitemap_exclude":false,"_sitemap_priority":"","_sitemap_frequency":"","_joinchat":[],"footnotes":""},"categories":[14],"tags":[],"class_list":["post-10811","post","type-post","status-publish","format-standard","has-post-thumbnail","hentry","category-nacional"],"featured_image_urls":{"full":["https:\/\/www.koncevisiontv.cl\/web\/wp-content\/uploads\/2025\/08\/Screenshot_20250828_153751.webp",1199,728,false],"thumbnail":["https:\/\/www.koncevisiontv.cl\/web\/wp-content\/uploads\/2025\/08\/Screenshot_20250828_153751-150x150.webp",150,150,true],"medium":["https:\/\/www.koncevisiontv.cl\/web\/wp-content\/uploads\/2025\/08\/Screenshot_20250828_153751-300x182.webp",300,182,true],"medium_large":["https:\/\/www.koncevisiontv.cl\/web\/wp-content\/uploads\/2025\/08\/Screenshot_20250828_153751-768x466.webp",640,388,true],"large":["https:\/\/www.koncevisiontv.cl\/web\/wp-content\/uploads\/2025\/08\/Screenshot_20250828_153751-1024x622.webp",640,389,true],"1536x1536":["https:\/\/www.koncevisiontv.cl\/web\/wp-content\/uploads\/2025\/08\/Screenshot_20250828_153751.webp",1199,728,false],"2048x2048":["https:\/\/www.koncevisiontv.cl\/web\/wp-content\/uploads\/2025\/08\/Screenshot_20250828_153751.webp",1199,728,false],"darknews-featured":["https:\/\/www.koncevisiontv.cl\/web\/wp-content\/uploads\/2025\/08\/Screenshot_20250828_153751-1024x622.webp",1024,622,true],"darknews-large":["https:\/\/www.koncevisiontv.cl\/web\/wp-content\/uploads\/2025\/08\/Screenshot_20250828_153751-825x575.webp",825,575,true],"darknews-medium":["https:\/\/www.koncevisiontv.cl\/web\/wp-content\/uploads\/2025\/08\/Screenshot_20250828_153751-590x410.webp",590,410,true]},"author_info":{"info":["Web-Master"]},"category_info":"<a href=\"https:\/\/www.koncevisiontv.cl\/web\/category\/nacional\/\" rel=\"category tag\">Nacional<\/a>","tag_info":"Nacional","comment_count":"0","uagb_featured_image_src":{"full":["https:\/\/www.koncevisiontv.cl\/web\/wp-content\/uploads\/2025\/08\/Screenshot_20250828_153751.webp",1199,728,false],"thumbnail":["https:\/\/www.koncevisiontv.cl\/web\/wp-content\/uploads\/2025\/08\/Screenshot_20250828_153751-150x150.webp",150,150,true],"medium":["https:\/\/www.koncevisiontv.cl\/web\/wp-content\/uploads\/2025\/08\/Screenshot_20250828_153751-300x182.webp",300,182,true],"medium_large":["https:\/\/www.koncevisiontv.cl\/web\/wp-content\/uploads\/2025\/08\/Screenshot_20250828_153751-768x466.webp",640,388,true],"large":["https:\/\/www.koncevisiontv.cl\/web\/wp-content\/uploads\/2025\/08\/Screenshot_20250828_153751-1024x622.webp",640,389,true],"1536x1536":["https:\/\/www.koncevisiontv.cl\/web\/wp-content\/uploads\/2025\/08\/Screenshot_20250828_153751.webp",1199,728,false],"2048x2048":["https:\/\/www.koncevisiontv.cl\/web\/wp-content\/uploads\/2025\/08\/Screenshot_20250828_153751.webp",1199,728,false],"darknews-featured":["https:\/\/www.koncevisiontv.cl\/web\/wp-content\/uploads\/2025\/08\/Screenshot_20250828_153751-1024x622.webp",1024,622,true],"darknews-large":["https:\/\/www.koncevisiontv.cl\/web\/wp-content\/uploads\/2025\/08\/Screenshot_20250828_153751-825x575.webp",825,575,true],"darknews-medium":["https:\/\/www.koncevisiontv.cl\/web\/wp-content\/uploads\/2025\/08\/Screenshot_20250828_153751-590x410.webp",590,410,true]},"uagb_author_info":{"display_name":"Web-Master","author_link":"https:\/\/www.koncevisiontv.cl\/web\/author\/koncevision\/"},"uagb_comment_info":0,"uagb_excerpt":"Hallan cuerpo de mujer: Un macabro hallazgo ha generado conmoci\u00f3n y un amplio despliegue policial durante la tarde","_links":{"self":[{"href":"https:\/\/www.koncevisiontv.cl\/web\/wp-json\/wp\/v2\/posts\/10811","targetHints":{"allow":["GET"]}}],"collection":[{"href":"https:\/\/www.koncevisiontv.cl\/web\/wp-json\/wp\/v2\/posts"}],"about":[{"href":"https:\/\/www.koncevisiontv.cl\/web\/wp-json\/wp\/v2\/types\/post"}],"author":[{"embeddable":true,"href":"https:\/\/www.koncevisiontv.cl\/web\/wp-json\/wp\/v2\/users\/5"}],"replies":[{"embeddable":true,"href":"https:\/\/www.koncevisiontv.cl\/web\/wp-json\/wp\/v2\/comments?post=10811"}],"version-history":[{"count":1,"href":"https:\/\/www.koncevisiontv.cl\/web\/wp-json\/wp\/v2\/posts\/10811\/revisions"}],"predecessor-version":[{"id":10813,"href":"https:\/\/www.koncevisiontv.cl\/web\/wp-json\/wp\/v2\/posts\/10811\/revisions\/10813"}],"wp:featuredmedia":[{"embeddable":true,"href":"https:\/\/www.koncevisiontv.cl\/web\/wp-json\/wp\/v2\/media\/10812"}],"wp:attachment":[{"href":"https:\/\/www.koncevisiontv.cl\/web\/wp-json\/wp\/v2\/media?parent=10811"}],"wp:term":[{"taxonomy":"category","embeddable":true,"href":"https:\/\/www.koncevisiontv.cl\/web\/wp-json\/wp\/v2\/categories?post=10811"},{"taxonomy":"post_tag","embeddable":true,"href":"https:\/\/www.koncevisiontv.cl\/web\/wp-json\/wp\/v2\/tags?post=10811"}],"curies":[{"name":"wp","href":"https:\/\/api.w.org\/{rel}","templated":true}]}}