{"id":10814,"date":"2025-08-28T16:57:57","date_gmt":"2025-08-28T20:57:57","guid":{"rendered":"https:\/\/www.koncevisiontv.cl\/web\/?p=10814"},"modified":"2025-08-28T17:06:35","modified_gmt":"2025-08-28T21:06:35","slug":"osamentas-encontradas-en-vina-del-mar","status":"publish","type":"post","link":"https:\/\/www.koncevisiontv.cl\/web\/osamentas-encontradas-en-vina-del-mar\/","title":{"rendered":"Osamentas encontradas en Vi\u00f1a Del Mar, se investiga si corresponder\u00edan a personas que murieron en el incendio de Vi\u00f1a Del Mar"},"content":{"rendered":"\n<p class=\"wp-block-paragraph\">Vecinos de Vi\u00f1a Del Mar encontraron osamentas, si indaga si corresponderian a personas muertas en el incendio <\/p>\n\n\n\n<figure class=\"wp-block-audio\"><audio controls src=\"https:\/\/www.koncevisiontv.cl\/web\/wp-content\/uploads\/2025\/08\/WhatsApp-Audio-2025-08-28-at-16.32.41.ogg\"><\/audio><\/figure>\n\n\n\n<div class=\"wp-block-uagb-image uagb-block-f859d80c wp-block-uagb-image--layout-default wp-block-uagb-image--effect-static wp-block-uagb-image--align-none\"><figure class=\"wp-block-uagb-image__figure\"><img decoding=\"async\" srcset=\"https:\/\/www.koncevisiontv.cl\/web\/wp-content\/uploads\/2025\/08\/WhatsApp-Image-2025-08-28-at-16.32.42-2-768x1024.jpeg ,https:\/\/www.koncevisiontv.cl\/web\/wp-content\/uploads\/2025\/08\/WhatsApp-Image-2025-08-28-at-16.32.42-2.jpeg 780w, https:\/\/www.koncevisiontv.cl\/web\/wp-content\/uploads\/2025\/08\/WhatsApp-Image-2025-08-28-at-16.32.42-2.jpeg 360w\" sizes=\"auto, (max-width: 480px) 150px\" src=\"https:\/\/www.koncevisiontv.cl\/web\/wp-content\/uploads\/2025\/08\/WhatsApp-Image-2025-08-28-at-16.32.42-2-768x1024.jpeg\" alt=\"\" class=\"uag-image-10815\" width=\"1200\" height=\"1600\" title=\"WhatsApp Image 2025-08-28 at 16.32.42 (2)\" loading=\"lazy\" role=\"img\"><\/figure><\/div>\n\n\n\n<div class=\"wp-block-uagb-image uagb-block-664e1838 wp-block-uagb-image--layout-default wp-block-uagb-image--effect-static wp-block-uagb-image--align-none\"><figure class=\"wp-block-uagb-image__figure\"><img decoding=\"async\" srcset=\"https:\/\/www.koncevisiontv.cl\/web\/wp-content\/uploads\/2025\/08\/WhatsApp-Image-2025-08-28-at-16.32.42-1-768x1024.jpeg ,https:\/\/www.koncevisiontv.cl\/web\/wp-content\/uploads\/2025\/08\/WhatsApp-Image-2025-08-28-at-16.32.42-1.jpeg 780w, https:\/\/www.koncevisiontv.cl\/web\/wp-content\/uploads\/2025\/08\/WhatsApp-Image-2025-08-28-at-16.32.42-1.jpeg 360w\" sizes=\"auto, (max-width: 480px) 150px\" src=\"https:\/\/www.koncevisiontv.cl\/web\/wp-content\/uploads\/2025\/08\/WhatsApp-Image-2025-08-28-at-16.32.42-1-768x1024.jpeg\" alt=\"\" class=\"uag-image-10816\" width=\"1200\" height=\"1600\" title=\"WhatsApp Image 2025-08-28 at 16.32.42 (1)\" loading=\"lazy\" role=\"img\"><\/figure><\/div>\n\n\n\n<div class=\"wp-block-uagb-image uagb-block-419ea192 wp-block-uagb-image--layout-default wp-block-uagb-image--effect-static wp-block-uagb-image--align-none\"><figure class=\"wp-block-uagb-image__figure\"><img decoding=\"async\" srcset=\"https:\/\/www.koncevisiontv.cl\/web\/wp-content\/uploads\/2025\/08\/WhatsApp-Image-2025-08-28-at-16.32.42-768x1024.jpeg ,https:\/\/www.koncevisiontv.cl\/web\/wp-content\/uploads\/2025\/08\/WhatsApp-Image-2025-08-28-at-16.32.42.jpeg 780w, https:\/\/www.koncevisiontv.cl\/web\/wp-content\/uploads\/2025\/08\/WhatsApp-Image-2025-08-28-at-16.32.42.jpeg 360w\" sizes=\"auto, (max-width: 480px) 150px\" src=\"https:\/\/www.koncevisiontv.cl\/web\/wp-content\/uploads\/2025\/08\/WhatsApp-Image-2025-08-28-at-16.32.42-768x1024.jpeg\" alt=\"\" class=\"uag-image-10817\" width=\"1200\" height=\"1600\" title=\"WhatsApp Image 2025-08-28 at 16.32.42\" loading=\"lazy\" role=\"img\"><\/figure><\/div>\n","protected":false},"excerpt":{"rendered":"<p>Vecinos de Vi\u00f1a Del Mar encontraron osamentas, si indaga si corresponderian a personas muertas en el incendio<\/p>\n","protected":false},"author":5,"featured_media":0,"comment_status":"open","ping_status":"open","sticky":false,"template":"","format":"standard","meta":{"_crdt_document":"","_uag_custom_page_level_css":"","_sitemap_exclude":false,"_sitemap_priority":"","_sitemap_frequency":"","_joinchat":[],"footnotes":""},"categories":[14],"tags":[],"class_list":["post-10814","post","type-post","status-publish","format-standard","hentry","category-nacional"],"featured_image_urls":{"full":"","thumbnail":"","medium":"","medium_large":"","large":"","1536x1536":"","2048x2048":"","darknews-featured":"","darknews-large":"","darknews-medium":""},"author_info":{"info":["Web-Master"]},"category_info":"<a href=\"https:\/\/www.koncevisiontv.cl\/web\/category\/nacional\/\" rel=\"category tag\">Nacional<\/a>","tag_info":"Nacional","comment_count":"0","uagb_featured_image_src":{"full":false,"thumbnail":false,"medium":false,"medium_large":false,"large":false,"1536x1536":false,"2048x2048":false,"darknews-featured":false,"darknews-large":false,"darknews-medium":false},"uagb_author_info":{"display_name":"Web-Master","author_link":"https:\/\/www.koncevisiontv.cl\/web\/author\/koncevision\/"},"uagb_comment_info":0,"uagb_excerpt":"Vecinos de Vi\u00f1a Del Mar encontraron osamentas, si indaga si corresponderian a personas muertas en el incendio","_links":{"self":[{"href":"https:\/\/www.koncevisiontv.cl\/web\/wp-json\/wp\/v2\/posts\/10814","targetHints":{"allow":["GET"]}}],"collection":[{"href":"https:\/\/www.koncevisiontv.cl\/web\/wp-json\/wp\/v2\/posts"}],"about":[{"href":"https:\/\/www.koncevisiontv.cl\/web\/wp-json\/wp\/v2\/types\/post"}],"author":[{"embeddable":true,"href":"https:\/\/www.koncevisiontv.cl\/web\/wp-json\/wp\/v2\/users\/5"}],"replies":[{"embeddable":true,"href":"https:\/\/www.koncevisiontv.cl\/web\/wp-json\/wp\/v2\/comments?post=10814"}],"version-history":[{"count":2,"href":"https:\/\/www.koncevisiontv.cl\/web\/wp-json\/wp\/v2\/posts\/10814\/revisions"}],"predecessor-version":[{"id":10821,"href":"https:\/\/www.koncevisiontv.cl\/web\/wp-json\/wp\/v2\/posts\/10814\/revisions\/10821"}],"wp:attachment":[{"href":"https:\/\/www.koncevisiontv.cl\/web\/wp-json\/wp\/v2\/media?parent=10814"}],"wp:term":[{"taxonomy":"category","embeddable":true,"href":"https:\/\/www.koncevisiontv.cl\/web\/wp-json\/wp\/v2\/categories?post=10814"},{"taxonomy":"post_tag","embeddable":true,"href":"https:\/\/www.koncevisiontv.cl\/web\/wp-json\/wp\/v2\/tags?post=10814"}],"curies":[{"name":"wp","href":"https:\/\/api.w.org\/{rel}","templated":true}]}}