{"id":11166,"date":"2025-09-08T21:49:14","date_gmt":"2025-09-09T00:49:14","guid":{"rendered":"https:\/\/www.koncevisiontv.cl\/web\/?p=11166"},"modified":"2025-09-08T21:49:18","modified_gmt":"2025-09-09T00:49:18","slug":"multa-colegio-fraternidad-alumnos-atrasados-concepcion","status":"publish","type":"post","link":"https:\/\/www.koncevisiontv.cl\/web\/multa-colegio-fraternidad-alumnos-atrasados-concepcion\/","title":{"rendered":"Sentencia que sienta Precedente en el \u00c1mbito Educativo"},"content":{"rendered":"\n<p class=\"wp-block-paragraph\">La Corte de Apelaciones de Concepci\u00f3n ha rechazado la reclamaci\u00f3n de ilegalidad presentada por la <strong>Corporaci\u00f3n Educacional Mas\u00f3nica de Concepci\u00f3n (COEMCO)<\/strong>. De esta forma, se ha ratificado la multa de $5 millones impuesta por la Superintendencia de Educaci\u00f3n (SIE) al Colegio Fraternidad, por haber dejado a un grupo de estudiantes fuera del establecimiento tras llegar tarde.<\/p>\n\n\n\n<p class=\"wp-block-paragraph\">La denuncia, realizada por una apoderada, detalla que el 1 de marzo del 2023, la puerta principal del colegio fue cerrada a las 8:10 horas, impidiendo el acceso a un grupo de 20 alumnos, la mayor\u00eda de preb\u00e1sica, y sus respectivos apoderados. Aunque el colegio argument\u00f3 que los estudiantes permanecieron en el hall de acceso y que la puerta fue reabierta 10 minutos m\u00e1s tarde, el acta de fiscalizaci\u00f3n de la SIE evidenci\u00f3 que el grupo de alumnos estuvo en las afueras, sin un resguardo adecuado.<\/p>\n\n\n\n<hr class=\"wp-block-separator has-alpha-channel-opacity\"\/>\n\n\n\n<h3 class=\"wp-block-heading\"><strong>Responsabilidad del Colegio y la Dignidad Estudiantil<\/strong><\/h3>\n\n\n\n<p class=\"wp-block-paragraph\">A pesar de que el colegio sostuvo que la responsabilidad principal recae en los padres por la llegada tard\u00eda de sus hijos, la Corte concluy\u00f3 que la acci\u00f3n del establecimiento no garantiz\u00f3 la seguridad de los menores, tanto f\u00edsica como psicol\u00f3gica. La sentencia destaca que la situaci\u00f3n no se condice con los propios reglamentos internos del colegio, que garantizan el derecho de los estudiantes a no ser objeto de <strong>&#8220;humillaci\u00f3n o burla&#8221;<\/strong> y a recibir un trato &#8220;deferente y cordial&#8221;.<\/p>\n\n\n\n<p class=\"wp-block-paragraph\">La sentencia califica lo sucedido como una infracci\u00f3n &#8220;menos grave&#8221; al reglamento interno y a los derechos de los alumnos. El monto de la multa, que asciende a 75 UTM, se basa en esta infracci\u00f3n. Con esta decisi\u00f3n, la Corte de Apelaciones valida la sanci\u00f3n impuesta por la Superintendencia de Educaci\u00f3n, reforzando la obligaci\u00f3n de los establecimientos educacionales de velar por el bienestar de los estudiantes en todo momento, incluso ante incumplimientos de los horarios por parte de los apoderados.<\/p>\n\n\n\n<p class=\"wp-block-paragraph\">tes en todo momento, incluso ante incumplimientos de los horarios por parte de los apoderados.<\/p>\n","protected":false},"excerpt":{"rendered":"<p>La Corte de Apelaciones de Concepci\u00f3n ha rechazado la reclamaci\u00f3n de ilegalidad presentada por la Corporaci\u00f3n Educacional Mas\u00f3nica<\/p>\n","protected":false},"author":5,"featured_media":11167,"comment_status":"open","ping_status":"open","sticky":false,"template":"","format":"standard","meta":{"_crdt_document":"","_uag_custom_page_level_css":"","_sitemap_exclude":false,"_sitemap_priority":"","_sitemap_frequency":"","_joinchat":[],"footnotes":""},"categories":[226],"tags":[],"class_list":["post-11166","post","type-post","status-publish","format-standard","has-post-thumbnail","hentry","category-concepcion"],"featured_image_urls":{"full":["https:\/\/www.koncevisiontv.cl\/web\/wp-content\/uploads\/2025\/09\/corte-ratifica-multa-de-5-millones-a-colegio-por-haber-dejado-afuera-en-la-manana-a-alumnos-atrasados-750x400-1.png",750,400,false],"thumbnail":["https:\/\/www.koncevisiontv.cl\/web\/wp-content\/uploads\/2025\/09\/corte-ratifica-multa-de-5-millones-a-colegio-por-haber-dejado-afuera-en-la-manana-a-alumnos-atrasados-750x400-1-150x150.png",150,150,true],"medium":["https:\/\/www.koncevisiontv.cl\/web\/wp-content\/uploads\/2025\/09\/corte-ratifica-multa-de-5-millones-a-colegio-por-haber-dejado-afuera-en-la-manana-a-alumnos-atrasados-750x400-1-300x160.png",300,160,true],"medium_large":["https:\/\/www.koncevisiontv.cl\/web\/wp-content\/uploads\/2025\/09\/corte-ratifica-multa-de-5-millones-a-colegio-por-haber-dejado-afuera-en-la-manana-a-alumnos-atrasados-750x400-1.png",640,341,false],"large":["https:\/\/www.koncevisiontv.cl\/web\/wp-content\/uploads\/2025\/09\/corte-ratifica-multa-de-5-millones-a-colegio-por-haber-dejado-afuera-en-la-manana-a-alumnos-atrasados-750x400-1.png",640,341,false],"1536x1536":["https:\/\/www.koncevisiontv.cl\/web\/wp-content\/uploads\/2025\/09\/corte-ratifica-multa-de-5-millones-a-colegio-por-haber-dejado-afuera-en-la-manana-a-alumnos-atrasados-750x400-1.png",750,400,false],"2048x2048":["https:\/\/www.koncevisiontv.cl\/web\/wp-content\/uploads\/2025\/09\/corte-ratifica-multa-de-5-millones-a-colegio-por-haber-dejado-afuera-en-la-manana-a-alumnos-atrasados-750x400-1.png",750,400,false],"darknews-featured":["https:\/\/www.koncevisiontv.cl\/web\/wp-content\/uploads\/2025\/09\/corte-ratifica-multa-de-5-millones-a-colegio-por-haber-dejado-afuera-en-la-manana-a-alumnos-atrasados-750x400-1.png",750,400,false],"darknews-large":["https:\/\/www.koncevisiontv.cl\/web\/wp-content\/uploads\/2025\/09\/corte-ratifica-multa-de-5-millones-a-colegio-por-haber-dejado-afuera-en-la-manana-a-alumnos-atrasados-750x400-1.png",750,400,false],"darknews-medium":["https:\/\/www.koncevisiontv.cl\/web\/wp-content\/uploads\/2025\/09\/corte-ratifica-multa-de-5-millones-a-colegio-por-haber-dejado-afuera-en-la-manana-a-alumnos-atrasados-750x400-1-590x400.png",590,400,true]},"author_info":{"info":["Web-Master"]},"category_info":"<a href=\"https:\/\/www.koncevisiontv.cl\/web\/category\/concepcion\/\" rel=\"category tag\">Concepcion<\/a>","tag_info":"Concepcion","comment_count":"0","uagb_featured_image_src":{"full":["https:\/\/www.koncevisiontv.cl\/web\/wp-content\/uploads\/2025\/09\/corte-ratifica-multa-de-5-millones-a-colegio-por-haber-dejado-afuera-en-la-manana-a-alumnos-atrasados-750x400-1.png",750,400,false],"thumbnail":["https:\/\/www.koncevisiontv.cl\/web\/wp-content\/uploads\/2025\/09\/corte-ratifica-multa-de-5-millones-a-colegio-por-haber-dejado-afuera-en-la-manana-a-alumnos-atrasados-750x400-1-150x150.png",150,150,true],"medium":["https:\/\/www.koncevisiontv.cl\/web\/wp-content\/uploads\/2025\/09\/corte-ratifica-multa-de-5-millones-a-colegio-por-haber-dejado-afuera-en-la-manana-a-alumnos-atrasados-750x400-1-300x160.png",300,160,true],"medium_large":["https:\/\/www.koncevisiontv.cl\/web\/wp-content\/uploads\/2025\/09\/corte-ratifica-multa-de-5-millones-a-colegio-por-haber-dejado-afuera-en-la-manana-a-alumnos-atrasados-750x400-1.png",640,341,false],"large":["https:\/\/www.koncevisiontv.cl\/web\/wp-content\/uploads\/2025\/09\/corte-ratifica-multa-de-5-millones-a-colegio-por-haber-dejado-afuera-en-la-manana-a-alumnos-atrasados-750x400-1.png",640,341,false],"1536x1536":["https:\/\/www.koncevisiontv.cl\/web\/wp-content\/uploads\/2025\/09\/corte-ratifica-multa-de-5-millones-a-colegio-por-haber-dejado-afuera-en-la-manana-a-alumnos-atrasados-750x400-1.png",750,400,false],"2048x2048":["https:\/\/www.koncevisiontv.cl\/web\/wp-content\/uploads\/2025\/09\/corte-ratifica-multa-de-5-millones-a-colegio-por-haber-dejado-afuera-en-la-manana-a-alumnos-atrasados-750x400-1.png",750,400,false],"darknews-featured":["https:\/\/www.koncevisiontv.cl\/web\/wp-content\/uploads\/2025\/09\/corte-ratifica-multa-de-5-millones-a-colegio-por-haber-dejado-afuera-en-la-manana-a-alumnos-atrasados-750x400-1.png",750,400,false],"darknews-large":["https:\/\/www.koncevisiontv.cl\/web\/wp-content\/uploads\/2025\/09\/corte-ratifica-multa-de-5-millones-a-colegio-por-haber-dejado-afuera-en-la-manana-a-alumnos-atrasados-750x400-1.png",750,400,false],"darknews-medium":["https:\/\/www.koncevisiontv.cl\/web\/wp-content\/uploads\/2025\/09\/corte-ratifica-multa-de-5-millones-a-colegio-por-haber-dejado-afuera-en-la-manana-a-alumnos-atrasados-750x400-1-590x400.png",590,400,true]},"uagb_author_info":{"display_name":"Web-Master","author_link":"https:\/\/www.koncevisiontv.cl\/web\/author\/koncevision\/"},"uagb_comment_info":0,"uagb_excerpt":"La Corte de Apelaciones de Concepci\u00f3n ha rechazado la reclamaci\u00f3n de ilegalidad presentada por la Corporaci\u00f3n Educacional Mas\u00f3nica","_links":{"self":[{"href":"https:\/\/www.koncevisiontv.cl\/web\/wp-json\/wp\/v2\/posts\/11166","targetHints":{"allow":["GET"]}}],"collection":[{"href":"https:\/\/www.koncevisiontv.cl\/web\/wp-json\/wp\/v2\/posts"}],"about":[{"href":"https:\/\/www.koncevisiontv.cl\/web\/wp-json\/wp\/v2\/types\/post"}],"author":[{"embeddable":true,"href":"https:\/\/www.koncevisiontv.cl\/web\/wp-json\/wp\/v2\/users\/5"}],"replies":[{"embeddable":true,"href":"https:\/\/www.koncevisiontv.cl\/web\/wp-json\/wp\/v2\/comments?post=11166"}],"version-history":[{"count":2,"href":"https:\/\/www.koncevisiontv.cl\/web\/wp-json\/wp\/v2\/posts\/11166\/revisions"}],"predecessor-version":[{"id":11169,"href":"https:\/\/www.koncevisiontv.cl\/web\/wp-json\/wp\/v2\/posts\/11166\/revisions\/11169"}],"wp:featuredmedia":[{"embeddable":true,"href":"https:\/\/www.koncevisiontv.cl\/web\/wp-json\/wp\/v2\/media\/11167"}],"wp:attachment":[{"href":"https:\/\/www.koncevisiontv.cl\/web\/wp-json\/wp\/v2\/media?parent=11166"}],"wp:term":[{"taxonomy":"category","embeddable":true,"href":"https:\/\/www.koncevisiontv.cl\/web\/wp-json\/wp\/v2\/categories?post=11166"},{"taxonomy":"post_tag","embeddable":true,"href":"https:\/\/www.koncevisiontv.cl\/web\/wp-json\/wp\/v2\/tags?post=11166"}],"curies":[{"name":"wp","href":"https:\/\/api.w.org\/{rel}","templated":true}]}}