{"id":11241,"date":"2025-09-10T21:00:33","date_gmt":"2025-09-11T00:00:33","guid":{"rendered":"https:\/\/www.koncevisiontv.cl\/web\/?p=11241"},"modified":"2025-09-10T21:00:37","modified_gmt":"2025-09-11T00:00:37","slug":"asesinato-charlie-kirk-evento-universitario-utah","status":"publish","type":"post","link":"https:\/\/www.koncevisiontv.cl\/web\/asesinato-charlie-kirk-evento-universitario-utah\/","title":{"rendered":"Un Disparo que Silencia a un Aliado de Trump"},"content":{"rendered":"\n<p class=\"wp-block-paragraph\">El activista conservador estadounidense <strong>Charlie Kirk<\/strong> fue asesinado este mi\u00e9rcoles tras recibir un disparo durante un evento en una universidad de Utah, al oeste de Estados Unidos. El comentarista de 31 a\u00f1os, un ferviente partidario de Donald Trump, fue atacado mientras comenzaba a hablar ante una audiencia compuesta en su mayor\u00eda por estudiantes.<\/p>\n\n\n\n<p class=\"wp-block-paragraph\">Kirk, conocido por ser el l\u00edder del grupo estudiantil conservador <strong>Turning Point USA<\/strong>, fue trasladado de inmediato a un centro m\u00e9dico, pero lamentablemente no logr\u00f3 sobrevivir a las heridas. Su organizaci\u00f3n confirm\u00f3 que fue &#8220;asesinado por un disparo&#8221;. El brutal acto ha provocado una profunda conmoci\u00f3n en el pa\u00eds y en el espectro pol\u00edtico estadounidense.<\/p>\n\n\n\n<figure class=\"wp-block-video\"><video height=\"1038\" style=\"aspect-ratio: 590 \/ 1038;\" width=\"590\" controls src=\"https:\/\/www.koncevisiontv.cl\/web\/wp-content\/uploads\/2025\/09\/WhatsApp-Video-2025-09-10-at-18.00.04.mp4\"><\/video><\/figure>\n\n\n\n<h3 class=\"wp-block-heading\"><strong>Los Impactantes Momentos del Ataque<\/strong><\/h3>\n\n\n\n<figure class=\"wp-block-video\"><video height=\"902\" style=\"aspect-ratio: 720 \/ 902;\" width=\"720\" controls src=\"https:\/\/www.koncevisiontv.cl\/web\/wp-content\/uploads\/2025\/09\/WhatsApp-Video-2025-09-10-at-18.00.05.mp4\"><\/video><\/figure>\n\n\n\n<p class=\"wp-block-paragraph\">La polic\u00eda ha confirmado que el incidente fue un ataque armado. Las im\u00e1genes del suceso, que r\u00e1pidamente se viralizaron, muestran el momento exacto en que <strong>Kirk<\/strong> recibe un disparo en el cuello. Inmediatamente despu\u00e9s de la detonaci\u00f3n, la multitud de asistentes, en su mayor\u00eda j\u00f3venes, corri\u00f3 en todas direcciones, sumergidos en p\u00e1nico y desconcierto.<\/p>\n\n\n\n<figure class=\"wp-block-video\"><video height=\"848\" style=\"aspect-ratio: 676 \/ 848;\" width=\"676\" controls src=\"https:\/\/www.koncevisiontv.cl\/web\/wp-content\/uploads\/2025\/09\/WhatsApp-Video-2025-09-10-at-18.00.05-1.mp4\"><\/video><\/figure>\n\n\n\n<p class=\"wp-block-paragraph\">El asesinato de Kirk, una figura muy influyente en la pol\u00edtica juvenil de Estados Unidos, ha reabierto el debate sobre la violencia armada y la seguridad en eventos p\u00fablicos y campus universitarios. Las autoridades han iniciado una exhaustiva investigaci\u00f3n para dar con los responsables de este tr\u00e1gico crimen.<\/p>\n","protected":false},"excerpt":{"rendered":"<p>El activista conservador estadounidense Charlie Kirk fue asesinado este mi\u00e9rcoles tras recibir un disparo durante un evento en<\/p>\n","protected":false},"author":5,"featured_media":11246,"comment_status":"open","ping_status":"open","sticky":false,"template":"","format":"standard","meta":{"_crdt_document":"","_uag_custom_page_level_css":"","_sitemap_exclude":false,"_sitemap_priority":"","_sitemap_frequency":"","_joinchat":[],"footnotes":""},"categories":[161],"tags":[],"class_list":["post-11241","post","type-post","status-publish","format-standard","has-post-thumbnail","hentry","category-internacional"],"featured_image_urls":{"full":["https:\/\/www.koncevisiontv.cl\/web\/wp-content\/uploads\/2025\/09\/789c0970-8e82-11f0-8503-cbe7a7d20430.png.webp",800,449,false],"thumbnail":["https:\/\/www.koncevisiontv.cl\/web\/wp-content\/uploads\/2025\/09\/789c0970-8e82-11f0-8503-cbe7a7d20430.png-150x150.webp",150,150,true],"medium":["https:\/\/www.koncevisiontv.cl\/web\/wp-content\/uploads\/2025\/09\/789c0970-8e82-11f0-8503-cbe7a7d20430.png-300x168.webp",300,168,true],"medium_large":["https:\/\/www.koncevisiontv.cl\/web\/wp-content\/uploads\/2025\/09\/789c0970-8e82-11f0-8503-cbe7a7d20430.png-768x431.webp",640,359,true],"large":["https:\/\/www.koncevisiontv.cl\/web\/wp-content\/uploads\/2025\/09\/789c0970-8e82-11f0-8503-cbe7a7d20430.png.webp",640,359,false],"1536x1536":["https:\/\/www.koncevisiontv.cl\/web\/wp-content\/uploads\/2025\/09\/789c0970-8e82-11f0-8503-cbe7a7d20430.png.webp",800,449,false],"2048x2048":["https:\/\/www.koncevisiontv.cl\/web\/wp-content\/uploads\/2025\/09\/789c0970-8e82-11f0-8503-cbe7a7d20430.png.webp",800,449,false],"darknews-featured":["https:\/\/www.koncevisiontv.cl\/web\/wp-content\/uploads\/2025\/09\/789c0970-8e82-11f0-8503-cbe7a7d20430.png.webp",800,449,false],"darknews-large":["https:\/\/www.koncevisiontv.cl\/web\/wp-content\/uploads\/2025\/09\/789c0970-8e82-11f0-8503-cbe7a7d20430.png.webp",800,449,false],"darknews-medium":["https:\/\/www.koncevisiontv.cl\/web\/wp-content\/uploads\/2025\/09\/789c0970-8e82-11f0-8503-cbe7a7d20430.png-590x410.webp",590,410,true]},"author_info":{"info":["Web-Master"]},"category_info":"<a href=\"https:\/\/www.koncevisiontv.cl\/web\/category\/internacional\/\" rel=\"category tag\">Internacional<\/a>","tag_info":"Internacional","comment_count":"0","uagb_featured_image_src":{"full":["https:\/\/www.koncevisiontv.cl\/web\/wp-content\/uploads\/2025\/09\/789c0970-8e82-11f0-8503-cbe7a7d20430.png.webp",800,449,false],"thumbnail":["https:\/\/www.koncevisiontv.cl\/web\/wp-content\/uploads\/2025\/09\/789c0970-8e82-11f0-8503-cbe7a7d20430.png-150x150.webp",150,150,true],"medium":["https:\/\/www.koncevisiontv.cl\/web\/wp-content\/uploads\/2025\/09\/789c0970-8e82-11f0-8503-cbe7a7d20430.png-300x168.webp",300,168,true],"medium_large":["https:\/\/www.koncevisiontv.cl\/web\/wp-content\/uploads\/2025\/09\/789c0970-8e82-11f0-8503-cbe7a7d20430.png-768x431.webp",640,359,true],"large":["https:\/\/www.koncevisiontv.cl\/web\/wp-content\/uploads\/2025\/09\/789c0970-8e82-11f0-8503-cbe7a7d20430.png.webp",640,359,false],"1536x1536":["https:\/\/www.koncevisiontv.cl\/web\/wp-content\/uploads\/2025\/09\/789c0970-8e82-11f0-8503-cbe7a7d20430.png.webp",800,449,false],"2048x2048":["https:\/\/www.koncevisiontv.cl\/web\/wp-content\/uploads\/2025\/09\/789c0970-8e82-11f0-8503-cbe7a7d20430.png.webp",800,449,false],"darknews-featured":["https:\/\/www.koncevisiontv.cl\/web\/wp-content\/uploads\/2025\/09\/789c0970-8e82-11f0-8503-cbe7a7d20430.png.webp",800,449,false],"darknews-large":["https:\/\/www.koncevisiontv.cl\/web\/wp-content\/uploads\/2025\/09\/789c0970-8e82-11f0-8503-cbe7a7d20430.png.webp",800,449,false],"darknews-medium":["https:\/\/www.koncevisiontv.cl\/web\/wp-content\/uploads\/2025\/09\/789c0970-8e82-11f0-8503-cbe7a7d20430.png-590x410.webp",590,410,true]},"uagb_author_info":{"display_name":"Web-Master","author_link":"https:\/\/www.koncevisiontv.cl\/web\/author\/koncevision\/"},"uagb_comment_info":0,"uagb_excerpt":"El activista conservador estadounidense Charlie Kirk fue asesinado este mi\u00e9rcoles tras recibir un disparo durante un evento en","_links":{"self":[{"href":"https:\/\/www.koncevisiontv.cl\/web\/wp-json\/wp\/v2\/posts\/11241","targetHints":{"allow":["GET"]}}],"collection":[{"href":"https:\/\/www.koncevisiontv.cl\/web\/wp-json\/wp\/v2\/posts"}],"about":[{"href":"https:\/\/www.koncevisiontv.cl\/web\/wp-json\/wp\/v2\/types\/post"}],"author":[{"embeddable":true,"href":"https:\/\/www.koncevisiontv.cl\/web\/wp-json\/wp\/v2\/users\/5"}],"replies":[{"embeddable":true,"href":"https:\/\/www.koncevisiontv.cl\/web\/wp-json\/wp\/v2\/comments?post=11241"}],"version-history":[{"count":2,"href":"https:\/\/www.koncevisiontv.cl\/web\/wp-json\/wp\/v2\/posts\/11241\/revisions"}],"predecessor-version":[{"id":11248,"href":"https:\/\/www.koncevisiontv.cl\/web\/wp-json\/wp\/v2\/posts\/11241\/revisions\/11248"}],"wp:featuredmedia":[{"embeddable":true,"href":"https:\/\/www.koncevisiontv.cl\/web\/wp-json\/wp\/v2\/media\/11246"}],"wp:attachment":[{"href":"https:\/\/www.koncevisiontv.cl\/web\/wp-json\/wp\/v2\/media?parent=11241"}],"wp:term":[{"taxonomy":"category","embeddable":true,"href":"https:\/\/www.koncevisiontv.cl\/web\/wp-json\/wp\/v2\/categories?post=11241"},{"taxonomy":"post_tag","embeddable":true,"href":"https:\/\/www.koncevisiontv.cl\/web\/wp-json\/wp\/v2\/tags?post=11241"}],"curies":[{"name":"wp","href":"https:\/\/api.w.org\/{rel}","templated":true}]}}