{"id":11249,"date":"2025-09-11T12:03:44","date_gmt":"2025-09-11T15:03:44","guid":{"rendered":"https:\/\/www.koncevisiontv.cl\/web\/?p=11249"},"modified":"2025-09-11T12:03:47","modified_gmt":"2025-09-11T15:03:47","slug":"mercado-central-concepcion-futuro-reconstruccion","status":"publish","type":"post","link":"https:\/\/www.koncevisiontv.cl\/web\/mercado-central-concepcion-futuro-reconstruccion\/","title":{"rendered":"Reconstrucci\u00f3n del Mercado Central: Un Giro Inesperado"},"content":{"rendered":"\n<p class=\"wp-block-paragraph\">El futuro del Mercado Central de <strong>Concepci\u00f3n<\/strong>, calcinado en el tr\u00e1gico incendio de 2013, se definir\u00e1 el pr\u00f3ximo 16 de septiembre en una mesa de trabajo convocada por el Gobierno Regional (Gore) del Biob\u00edo. La reuni\u00f3n, que contar\u00e1 con la participaci\u00f3n de la Municipalidad de Concepci\u00f3n y el Servicio de Vivienda y Urbanizaci\u00f3n (Serviu), busca establecer una nueva estrategia de reconstrucci\u00f3n tras la pol\u00e9mica decisi\u00f3n del Gore de <strong>descartar la entrega de fondos para la expropiaci\u00f3n<\/strong> de la cuadra donde se emplaza el siniestrado centro comercial.<\/p>\n\n\n\n<p class=\"wp-block-paragraph\">Seg\u00fan el gobernador regional, Sergio Giacaman, la medida responde a un contexto de escasez de recursos a nivel nacional. &#8220;Ac\u00e1 lo que nosotros estamos diciendo es que no es necesario expropiar (\u2026) podemos ahorrar en un contexto donde el pa\u00eds no tiene recursos de sobra&#8221;, se\u00f1al\u00f3 la autoridad. A pesar de este giro, el Gore asegur\u00f3 que el financiamiento para el dise\u00f1o de la obra, a cargo del Serviu, se mantiene, y el servicio se encuentra en la tercera etapa de su estudio de dise\u00f1o.<\/p>\n\n\n\n<h3 class=\"wp-block-heading\"><strong>Incertidumbre y Diferencias con el Ministerio de Vivienda<\/strong><\/h3>\n\n\n\n<p class=\"wp-block-paragraph\">La decisi\u00f3n del Gore ha generado cierta incertidumbre, especialmente en el <strong>Ministerio de Vivienda y Urbanismo (Minvu)<\/strong>. La seremi de la cartera en el Biob\u00edo, Claudia Toledo, confirm\u00f3 la participaci\u00f3n del Minvu en la mesa de trabajo, pero advirti\u00f3 que el cambio de estrategia podr\u00eda generar retrasos. Toledo se\u00f1al\u00f3 que la decisi\u00f3n del Gore se distancia de un &#8220;camino que ya estaba bastante claro y que se basaba en un convenio firmado&#8221;, que establec\u00eda una fecha de t\u00e9rmino para mayo de 2027.<\/p>\n\n\n\n<p class=\"wp-block-paragraph\">La seremi expres\u00f3 que la ciudadan\u00eda tiene derecho a saber si esta nueva estrategia &#8220;efectivamente retrasa o no la iniciativa y el foco que va a tener un proyecto tan esperado para la ciudad&#8221;. El terreno del antiguo mercado est\u00e1 compuesto por 34 lotes, 3 de los cuales corresponden a la nave central, donde 189 locatarios esperan la reconstrucci\u00f3n<\/p>\n","protected":false},"excerpt":{"rendered":"<p>El futuro del Mercado Central de Concepci\u00f3n, calcinado en el tr\u00e1gico incendio de 2013, se definir\u00e1 el pr\u00f3ximo<\/p>\n","protected":false},"author":5,"featured_media":11250,"comment_status":"open","ping_status":"open","sticky":false,"template":"","format":"standard","meta":{"_crdt_document":"","_uag_custom_page_level_css":"","_sitemap_exclude":false,"_sitemap_priority":"","_sitemap_frequency":"","_joinchat":[],"footnotes":""},"categories":[226,420],"tags":[],"class_list":["post-11249","post","type-post","status-publish","format-standard","has-post-thumbnail","hentry","category-concepcion","category-mercado-central-de-concepcion"],"featured_image_urls":{"full":["https:\/\/www.koncevisiontv.cl\/web\/wp-content\/uploads\/2025\/09\/pag-5-mercado-de-concepcion-foto-raphael-850x500-1.jpg",850,500,false],"thumbnail":["https:\/\/www.koncevisiontv.cl\/web\/wp-content\/uploads\/2025\/09\/pag-5-mercado-de-concepcion-foto-raphael-850x500-1-150x150.jpg",150,150,true],"medium":["https:\/\/www.koncevisiontv.cl\/web\/wp-content\/uploads\/2025\/09\/pag-5-mercado-de-concepcion-foto-raphael-850x500-1-300x176.jpg",300,176,true],"medium_large":["https:\/\/www.koncevisiontv.cl\/web\/wp-content\/uploads\/2025\/09\/pag-5-mercado-de-concepcion-foto-raphael-850x500-1-768x452.jpg",640,377,true],"large":["https:\/\/www.koncevisiontv.cl\/web\/wp-content\/uploads\/2025\/09\/pag-5-mercado-de-concepcion-foto-raphael-850x500-1.jpg",640,376,false],"1536x1536":["https:\/\/www.koncevisiontv.cl\/web\/wp-content\/uploads\/2025\/09\/pag-5-mercado-de-concepcion-foto-raphael-850x500-1.jpg",850,500,false],"2048x2048":["https:\/\/www.koncevisiontv.cl\/web\/wp-content\/uploads\/2025\/09\/pag-5-mercado-de-concepcion-foto-raphael-850x500-1.jpg",850,500,false],"darknews-featured":["https:\/\/www.koncevisiontv.cl\/web\/wp-content\/uploads\/2025\/09\/pag-5-mercado-de-concepcion-foto-raphael-850x500-1.jpg",850,500,false],"darknews-large":["https:\/\/www.koncevisiontv.cl\/web\/wp-content\/uploads\/2025\/09\/pag-5-mercado-de-concepcion-foto-raphael-850x500-1-825x500.jpg",825,500,true],"darknews-medium":["https:\/\/www.koncevisiontv.cl\/web\/wp-content\/uploads\/2025\/09\/pag-5-mercado-de-concepcion-foto-raphael-850x500-1-590x410.jpg",590,410,true]},"author_info":{"info":["Web-Master"]},"category_info":"<a href=\"https:\/\/www.koncevisiontv.cl\/web\/category\/concepcion\/\" rel=\"category tag\">Concepcion<\/a> <a href=\"https:\/\/www.koncevisiontv.cl\/web\/category\/mercado-central-de-concepcion\/\" rel=\"category tag\">Mercado Central De Concepci\u00f3n<\/a>","tag_info":"Mercado Central De Concepci\u00f3n","comment_count":"0","uagb_featured_image_src":{"full":["https:\/\/www.koncevisiontv.cl\/web\/wp-content\/uploads\/2025\/09\/pag-5-mercado-de-concepcion-foto-raphael-850x500-1.jpg",850,500,false],"thumbnail":["https:\/\/www.koncevisiontv.cl\/web\/wp-content\/uploads\/2025\/09\/pag-5-mercado-de-concepcion-foto-raphael-850x500-1-150x150.jpg",150,150,true],"medium":["https:\/\/www.koncevisiontv.cl\/web\/wp-content\/uploads\/2025\/09\/pag-5-mercado-de-concepcion-foto-raphael-850x500-1-300x176.jpg",300,176,true],"medium_large":["https:\/\/www.koncevisiontv.cl\/web\/wp-content\/uploads\/2025\/09\/pag-5-mercado-de-concepcion-foto-raphael-850x500-1-768x452.jpg",640,377,true],"large":["https:\/\/www.koncevisiontv.cl\/web\/wp-content\/uploads\/2025\/09\/pag-5-mercado-de-concepcion-foto-raphael-850x500-1.jpg",640,376,false],"1536x1536":["https:\/\/www.koncevisiontv.cl\/web\/wp-content\/uploads\/2025\/09\/pag-5-mercado-de-concepcion-foto-raphael-850x500-1.jpg",850,500,false],"2048x2048":["https:\/\/www.koncevisiontv.cl\/web\/wp-content\/uploads\/2025\/09\/pag-5-mercado-de-concepcion-foto-raphael-850x500-1.jpg",850,500,false],"darknews-featured":["https:\/\/www.koncevisiontv.cl\/web\/wp-content\/uploads\/2025\/09\/pag-5-mercado-de-concepcion-foto-raphael-850x500-1.jpg",850,500,false],"darknews-large":["https:\/\/www.koncevisiontv.cl\/web\/wp-content\/uploads\/2025\/09\/pag-5-mercado-de-concepcion-foto-raphael-850x500-1-825x500.jpg",825,500,true],"darknews-medium":["https:\/\/www.koncevisiontv.cl\/web\/wp-content\/uploads\/2025\/09\/pag-5-mercado-de-concepcion-foto-raphael-850x500-1-590x410.jpg",590,410,true]},"uagb_author_info":{"display_name":"Web-Master","author_link":"https:\/\/www.koncevisiontv.cl\/web\/author\/koncevision\/"},"uagb_comment_info":0,"uagb_excerpt":"El futuro del Mercado Central de Concepci\u00f3n, calcinado en el tr\u00e1gico incendio de 2013, se definir\u00e1 el pr\u00f3ximo","_links":{"self":[{"href":"https:\/\/www.koncevisiontv.cl\/web\/wp-json\/wp\/v2\/posts\/11249","targetHints":{"allow":["GET"]}}],"collection":[{"href":"https:\/\/www.koncevisiontv.cl\/web\/wp-json\/wp\/v2\/posts"}],"about":[{"href":"https:\/\/www.koncevisiontv.cl\/web\/wp-json\/wp\/v2\/types\/post"}],"author":[{"embeddable":true,"href":"https:\/\/www.koncevisiontv.cl\/web\/wp-json\/wp\/v2\/users\/5"}],"replies":[{"embeddable":true,"href":"https:\/\/www.koncevisiontv.cl\/web\/wp-json\/wp\/v2\/comments?post=11249"}],"version-history":[{"count":1,"href":"https:\/\/www.koncevisiontv.cl\/web\/wp-json\/wp\/v2\/posts\/11249\/revisions"}],"predecessor-version":[{"id":11251,"href":"https:\/\/www.koncevisiontv.cl\/web\/wp-json\/wp\/v2\/posts\/11249\/revisions\/11251"}],"wp:featuredmedia":[{"embeddable":true,"href":"https:\/\/www.koncevisiontv.cl\/web\/wp-json\/wp\/v2\/media\/11250"}],"wp:attachment":[{"href":"https:\/\/www.koncevisiontv.cl\/web\/wp-json\/wp\/v2\/media?parent=11249"}],"wp:term":[{"taxonomy":"category","embeddable":true,"href":"https:\/\/www.koncevisiontv.cl\/web\/wp-json\/wp\/v2\/categories?post=11249"},{"taxonomy":"post_tag","embeddable":true,"href":"https:\/\/www.koncevisiontv.cl\/web\/wp-json\/wp\/v2\/tags?post=11249"}],"curies":[{"name":"wp","href":"https:\/\/api.w.org\/{rel}","templated":true}]}}