{"id":11378,"date":"2025-09-19T16:39:51","date_gmt":"2025-09-19T19:39:51","guid":{"rendered":"https:\/\/www.koncevisiontv.cl\/web\/?p=11378"},"modified":"2025-09-19T16:39:53","modified_gmt":"2025-09-19T19:39:53","slug":"fiestas-patrias-hualpen-concepcion","status":"publish","type":"post","link":"https:\/\/www.koncevisiontv.cl\/web\/fiestas-patrias-hualpen-concepcion\/","title":{"rendered":"\u00c9xito Arrollador en las Fiestas Patrias de Hualp\u00e9n y Concepci\u00f3n"},"content":{"rendered":"\n<p class=\"wp-block-paragraph\">Las celebraciones de Fiestas Patrias en el Gran Concepci\u00f3n han puesto de manifiesto una clara diferencia en la organizaci\u00f3n y convocatoria de los eventos municipales. Mientras que Hualp\u00e9n y Concepci\u00f3n han brillado con un \u00e9xito masivo, otras comunas como San Pedro de la Paz y Chiguayante han recibido cr\u00edticas por la baja afluencia de p\u00fablico y la falta de planificaci\u00f3n.<\/p>\n\n\n\n<h3 class=\"wp-block-heading\"><strong>Un Modelo de Celebraci\u00f3n: La Clave del \u00c9xito<\/strong><\/h3>\n\n\n\n<p class=\"wp-block-paragraph\">En <strong>Hualp\u00e9n y Concepci\u00f3n<\/strong>, las ramadas municipales se han convertido en verdaderos polos de atracci\u00f3n para las familias. La clave del \u00e9xito radica en una combinaci\u00f3n de factores: una programaci\u00f3n art\u00edstica de primer nivel, espacios bien organizados y una log\u00edstica impecable. El alcalde de Hualp\u00e9n, Miguel Rivera, y el de Concepci\u00f3n, H\u00e9ctor Mu\u00f1oz, han sido elogiados por su liderazgo y la calidad de los eventos, que han garantizado la seguridad y comodidad de los asistentes.<\/p>\n\n\n\n<p class=\"wp-block-paragraph\">Los visitantes han destacado la variedad de artistas, la limpieza de los recintos y la sensaci\u00f3n de seguridad, lo que ha permitido disfrutar de un ambiente festivo y familiar. Este alto flujo de personas no solo ha beneficiado a los asistentes, sino que tambi\u00e9n ha impulsado la econom\u00eda local, con emprendedores y fonderos reportando ventas exitosas gracias a la masiva concurrencia.<\/p>\n\n\n\n<h3 class=\"wp-block-heading\"><strong>El Contraste en San Pedro de la Paz y Chiguayante<\/strong><\/h3>\n\n\n\n<p class=\"wp-block-paragraph\">La situaci\u00f3n ha sido distinta en San Pedro de la Paz y Chiguayante. Residentes y comerciantes han manifestado su descontento por una oferta de entretenimiento insuficiente, escasa promoci\u00f3n de los eventos y una falta general de actividades complementarias. Esto ha resultado en una menor afluencia de p\u00fablico y, consecuentemente, en ventas por debajo de las expectativas para los comerciantes locales, quienes han expresado su preocupaci\u00f3n por la d\u00e9bil gesti\u00f3n de las festividades.<\/p>\n\n\n\n<h3 class=\"wp-block-heading\"><strong>Una Lecci\u00f3n de Gesti\u00f3n Municipal<\/strong><\/h3>\n\n\n\n<p class=\"wp-block-paragraph\">El panorama general de estas Fiestas Patrias subraya la importancia de una buena planificaci\u00f3n y gesti\u00f3n municipal. Mientras que algunas comunas lograron crear un ambiente de celebraci\u00f3n masivo y exitoso, otras tendr\u00e1n la tarea de reevaluar sus estrategias para futuras ediciones. El contraste entre los \u00e9xitos y los fracasos de este a\u00f1o servir\u00e1 como un claro ejemplo para el resto de las municipalidades sobre c\u00f3mo la inversi\u00f3n en cultura y la atenci\u00f3n a los detalles log\u00edsticos pueden marcar la diferencia entre una fiesta memorable y una oportunidad perdida.<\/p>\n\n\n\n<p class=\"wp-block-paragraph\"><\/p>\n","protected":false},"excerpt":{"rendered":"<p>Las celebraciones de Fiestas Patrias en el Gran Concepci\u00f3n han puesto de manifiesto una clara diferencia en la<\/p>\n","protected":false},"author":5,"featured_media":11379,"comment_status":"open","ping_status":"open","sticky":false,"template":"","format":"standard","meta":{"_crdt_document":"","_uag_custom_page_level_css":"","_sitemap_exclude":false,"_sitemap_priority":"","_sitemap_frequency":"","_joinchat":[],"footnotes":""},"categories":[430,226,432,190,435],"tags":[],"class_list":["post-11378","post","type-post","status-publish","format-standard","has-post-thumbnail","hentry","category-alcalde-de-concepion","category-concepcion","category-hualpen","category-municipalidad-de-concepcion","category-municipalidad-de-hualpen"],"featured_image_urls":{"full":["https:\/\/www.koncevisiontv.cl\/web\/wp-content\/uploads\/2025\/09\/SE.png",1080,1350,false],"thumbnail":["https:\/\/www.koncevisiontv.cl\/web\/wp-content\/uploads\/2025\/09\/SE-150x150.png",150,150,true],"medium":["https:\/\/www.koncevisiontv.cl\/web\/wp-content\/uploads\/2025\/09\/SE-240x300.png",240,300,true],"medium_large":["https:\/\/www.koncevisiontv.cl\/web\/wp-content\/uploads\/2025\/09\/SE-768x960.png",640,800,true],"large":["https:\/\/www.koncevisiontv.cl\/web\/wp-content\/uploads\/2025\/09\/SE-819x1024.png",640,800,true],"1536x1536":["https:\/\/www.koncevisiontv.cl\/web\/wp-content\/uploads\/2025\/09\/SE.png",1080,1350,false],"2048x2048":["https:\/\/www.koncevisiontv.cl\/web\/wp-content\/uploads\/2025\/09\/SE.png",1080,1350,false],"darknews-featured":["https:\/\/www.koncevisiontv.cl\/web\/wp-content\/uploads\/2025\/09\/SE-1024x1280.png",1024,1280,true],"darknews-large":["https:\/\/www.koncevisiontv.cl\/web\/wp-content\/uploads\/2025\/09\/SE-825x575.png",825,575,true],"darknews-medium":["https:\/\/www.koncevisiontv.cl\/web\/wp-content\/uploads\/2025\/09\/SE-590x410.png",590,410,true]},"author_info":{"info":["Web-Master"]},"category_info":"<a href=\"https:\/\/www.koncevisiontv.cl\/web\/category\/alcalde-de-concepion\/\" rel=\"category tag\">Alcalde De Concepi\u00f3n<\/a> <a href=\"https:\/\/www.koncevisiontv.cl\/web\/category\/concepcion\/\" rel=\"category tag\">Concepcion<\/a> <a href=\"https:\/\/www.koncevisiontv.cl\/web\/category\/hualpen\/\" rel=\"category tag\">Hualpen<\/a> <a href=\"https:\/\/www.koncevisiontv.cl\/web\/category\/municipalidad-de-concepcion\/\" rel=\"category tag\">Municipalidad de Concepci\u00f3n<\/a> <a href=\"https:\/\/www.koncevisiontv.cl\/web\/category\/municipalidad-de-hualpen\/\" rel=\"category tag\">Municipalidad de Hualp\u00e9n<\/a>","tag_info":"Municipalidad de Hualp\u00e9n","comment_count":"0","uagb_featured_image_src":{"full":["https:\/\/www.koncevisiontv.cl\/web\/wp-content\/uploads\/2025\/09\/SE.png",1080,1350,false],"thumbnail":["https:\/\/www.koncevisiontv.cl\/web\/wp-content\/uploads\/2025\/09\/SE-150x150.png",150,150,true],"medium":["https:\/\/www.koncevisiontv.cl\/web\/wp-content\/uploads\/2025\/09\/SE-240x300.png",240,300,true],"medium_large":["https:\/\/www.koncevisiontv.cl\/web\/wp-content\/uploads\/2025\/09\/SE-768x960.png",640,800,true],"large":["https:\/\/www.koncevisiontv.cl\/web\/wp-content\/uploads\/2025\/09\/SE-819x1024.png",640,800,true],"1536x1536":["https:\/\/www.koncevisiontv.cl\/web\/wp-content\/uploads\/2025\/09\/SE.png",1080,1350,false],"2048x2048":["https:\/\/www.koncevisiontv.cl\/web\/wp-content\/uploads\/2025\/09\/SE.png",1080,1350,false],"darknews-featured":["https:\/\/www.koncevisiontv.cl\/web\/wp-content\/uploads\/2025\/09\/SE-1024x1280.png",1024,1280,true],"darknews-large":["https:\/\/www.koncevisiontv.cl\/web\/wp-content\/uploads\/2025\/09\/SE-825x575.png",825,575,true],"darknews-medium":["https:\/\/www.koncevisiontv.cl\/web\/wp-content\/uploads\/2025\/09\/SE-590x410.png",590,410,true]},"uagb_author_info":{"display_name":"Web-Master","author_link":"https:\/\/www.koncevisiontv.cl\/web\/author\/koncevision\/"},"uagb_comment_info":0,"uagb_excerpt":"Las celebraciones de Fiestas Patrias en el Gran Concepci\u00f3n han puesto de manifiesto una clara diferencia en la","_links":{"self":[{"href":"https:\/\/www.koncevisiontv.cl\/web\/wp-json\/wp\/v2\/posts\/11378","targetHints":{"allow":["GET"]}}],"collection":[{"href":"https:\/\/www.koncevisiontv.cl\/web\/wp-json\/wp\/v2\/posts"}],"about":[{"href":"https:\/\/www.koncevisiontv.cl\/web\/wp-json\/wp\/v2\/types\/post"}],"author":[{"embeddable":true,"href":"https:\/\/www.koncevisiontv.cl\/web\/wp-json\/wp\/v2\/users\/5"}],"replies":[{"embeddable":true,"href":"https:\/\/www.koncevisiontv.cl\/web\/wp-json\/wp\/v2\/comments?post=11378"}],"version-history":[{"count":1,"href":"https:\/\/www.koncevisiontv.cl\/web\/wp-json\/wp\/v2\/posts\/11378\/revisions"}],"predecessor-version":[{"id":11380,"href":"https:\/\/www.koncevisiontv.cl\/web\/wp-json\/wp\/v2\/posts\/11378\/revisions\/11380"}],"wp:featuredmedia":[{"embeddable":true,"href":"https:\/\/www.koncevisiontv.cl\/web\/wp-json\/wp\/v2\/media\/11379"}],"wp:attachment":[{"href":"https:\/\/www.koncevisiontv.cl\/web\/wp-json\/wp\/v2\/media?parent=11378"}],"wp:term":[{"taxonomy":"category","embeddable":true,"href":"https:\/\/www.koncevisiontv.cl\/web\/wp-json\/wp\/v2\/categories?post=11378"},{"taxonomy":"post_tag","embeddable":true,"href":"https:\/\/www.koncevisiontv.cl\/web\/wp-json\/wp\/v2\/tags?post=11378"}],"curies":[{"name":"wp","href":"https:\/\/api.w.org\/{rel}","templated":true}]}}