{"id":11383,"date":"2025-09-22T13:47:28","date_gmt":"2025-09-22T16:47:28","guid":{"rendered":"https:\/\/www.koncevisiontv.cl\/web\/?p=11383"},"modified":"2025-09-22T13:50:41","modified_gmt":"2025-09-22T16:50:41","slug":"cierre-fiestas-patrias-hualpen-exito-convocatoria-masiva","status":"publish","type":"post","link":"https:\/\/www.koncevisiontv.cl\/web\/cierre-fiestas-patrias-hualpen-exito-convocatoria-masiva\/","title":{"rendered":"Fiestas Patrias Hualp\u00e9n: Cierre Masivo con 35 Mil Asistentes"},"content":{"rendered":"\n<p class=\"wp-block-paragraph\">Una convocatoria sin precedentes marc\u00f3 el fin de las celebraciones dieciocheras, donde m\u00e1s de 35,000 personas se congregaron en el Parque Criollo del sector 4 canchas para ser parte de una jornada hist\u00f3rica. El evento se consolid\u00f3 como el cierre de Fiestas Patrias m\u00e1s masivo de la comuna, superando todas las expectativas y reafirmando a la localidad como un epicentro de festividades en la Regi\u00f3n del Biob\u00edo.<\/p>\n\n\n\n<h2 class=\"wp-block-heading\">Una Cartelera Musical para Todos los Gustos<\/h2>\n\n\n\n<p class=\"wp-block-paragraph\">La jornada estuvo amenizada por una parrilla art\u00edstica de primer nivel que hizo vibrar a los miles de asistentes. Desde temprano, el p\u00fablico disfrut\u00f3 con las presentaciones de <strong>Amerikan Sound<\/strong>, el talento de <strong>Benja Duarte<\/strong> y el folclor de <strong>Mirador Peque\u00f1o<\/strong>.<\/p>\n\n\n\n<p class=\"wp-block-paragraph\">El cl\u00edmax de la noche lleg\u00f3 con la esperada actuaci\u00f3n de la <strong>Agrupaci\u00f3n Marilyn<\/strong>, quienes con su energ\u00eda y sus grandes \u00e9xitos coronaron el evento, desatando la euforia colectiva y cerrando con un broche de oro musical las festividades.<\/p>\n\n\n\n<h2 class=\"wp-block-heading\">Impulso Econ\u00f3mico: Un Respaldo para Emprendedores Locales<\/h2>\n\n\n\n<p class=\"wp-block-paragraph\">El \u00e9xito de la celebraci\u00f3n no solo se midi\u00f3 en asistencia, sino tambi\u00e9n en el positivo impacto econ\u00f3mico para la comunidad. M\u00e1s de 300 emprendedores locales tuvieron la oportunidad de ofrecer sus productos, desde gastronom\u00eda t\u00edpica hasta artesan\u00edas, en puestos que se mantuvieron repletos durante todo el d\u00eda. Esta iniciativa represent\u00f3 un importante apoyo para las familias de la comuna, dinamizando la econom\u00eda local en una fecha clave. Para conocer m\u00e1s sobre el apoyo al emprendimiento en la zona, puedes visitar el portal del <a target=\"_blank\" rel=\"noreferrer noopener\" href=\"https:\/\/www.gorebiobio.cl\/\">Gobierno Regional del Biob\u00edo<\/a>.<\/p>\n\n\n\n<h2 class=\"wp-block-heading\">Declaraciones de la Autoridad: &#8220;Celebrar Unidos, con Alegr\u00eda y en Comunidad&#8221;<\/h2>\n\n\n\n<p class=\"wp-block-paragraph\">El alcalde de Hualp\u00e9n, Miguel Rivera, se mostr\u00f3 orgulloso por la masiva respuesta de la gente y destac\u00f3 el car\u00e1cter del evento.<\/p>\n\n\n\n<p class=\"wp-block-paragraph\">&#8220;Estamos muy orgullosos de la gran convocatoria que logramos este a\u00f1o. El Parque Criollo se consolid\u00f3 como un espacio familiar, seguro y lleno de tradici\u00f3n, donde nuestros emprendedores tambi\u00e9n pudieron crecer. Este es el esp\u00edritu de nuestras fiestas: celebrar unidos, con alegr\u00eda y en comunidad&#8221;, se\u00f1al\u00f3 la m\u00e1xima autoridad comunal, valorando el comportamiento ejemplar de los asistentes y el arduo trabajo de organizaci\u00f3n.<\/p>\n\n\n\n<p class=\"wp-block-paragraph\">Con esta masiva convocatoria, las <strong>Fiestas Patrias Hualp\u00e9n<\/strong> concluyeron de manera exitosa, dejando un balance positivo tanto para los asistentes como para la econom\u00eda local.<\/p>\n","protected":false},"excerpt":{"rendered":"<p>Una convocatoria sin precedentes marc\u00f3 el fin de las celebraciones dieciocheras, donde m\u00e1s de 35,000 personas se congregaron<\/p>\n","protected":false},"author":5,"featured_media":11384,"comment_status":"open","ping_status":"open","sticky":false,"template":"","format":"standard","meta":{"_crdt_document":"","_uag_custom_page_level_css":"","_sitemap_exclude":false,"_sitemap_priority":"","_sitemap_frequency":"","_joinchat":[],"footnotes":""},"categories":[432,435],"tags":[],"class_list":["post-11383","post","type-post","status-publish","format-standard","has-post-thumbnail","hentry","category-hualpen","category-municipalidad-de-hualpen"],"featured_image_urls":{"full":["https:\/\/www.koncevisiontv.cl\/web\/wp-content\/uploads\/2025\/09\/Screenshot_20250921_221552_com_whatsapp_MediaViewActivity.webp",2071,1200,false],"thumbnail":["https:\/\/www.koncevisiontv.cl\/web\/wp-content\/uploads\/2025\/09\/Screenshot_20250921_221552_com_whatsapp_MediaViewActivity-150x150.webp",150,150,true],"medium":["https:\/\/www.koncevisiontv.cl\/web\/wp-content\/uploads\/2025\/09\/Screenshot_20250921_221552_com_whatsapp_MediaViewActivity-300x174.webp",300,174,true],"medium_large":["https:\/\/www.koncevisiontv.cl\/web\/wp-content\/uploads\/2025\/09\/Screenshot_20250921_221552_com_whatsapp_MediaViewActivity-768x445.webp",640,371,true],"large":["https:\/\/www.koncevisiontv.cl\/web\/wp-content\/uploads\/2025\/09\/Screenshot_20250921_221552_com_whatsapp_MediaViewActivity-1024x593.webp",640,371,true],"1536x1536":["https:\/\/www.koncevisiontv.cl\/web\/wp-content\/uploads\/2025\/09\/Screenshot_20250921_221552_com_whatsapp_MediaViewActivity-1536x890.webp",1536,890,true],"2048x2048":["https:\/\/www.koncevisiontv.cl\/web\/wp-content\/uploads\/2025\/09\/Screenshot_20250921_221552_com_whatsapp_MediaViewActivity-2048x1187.webp",2048,1187,true],"darknews-featured":["https:\/\/www.koncevisiontv.cl\/web\/wp-content\/uploads\/2025\/09\/Screenshot_20250921_221552_com_whatsapp_MediaViewActivity-1024x593.webp",1024,593,true],"darknews-large":["https:\/\/www.koncevisiontv.cl\/web\/wp-content\/uploads\/2025\/09\/Screenshot_20250921_221552_com_whatsapp_MediaViewActivity-825x575.webp",825,575,true],"darknews-medium":["https:\/\/www.koncevisiontv.cl\/web\/wp-content\/uploads\/2025\/09\/Screenshot_20250921_221552_com_whatsapp_MediaViewActivity-590x410.webp",590,410,true]},"author_info":{"info":["Web-Master"]},"category_info":"<a href=\"https:\/\/www.koncevisiontv.cl\/web\/category\/hualpen\/\" rel=\"category tag\">Hualpen<\/a> <a href=\"https:\/\/www.koncevisiontv.cl\/web\/category\/municipalidad-de-hualpen\/\" rel=\"category tag\">Municipalidad de Hualp\u00e9n<\/a>","tag_info":"Municipalidad de Hualp\u00e9n","comment_count":"0","uagb_featured_image_src":{"full":["https:\/\/www.koncevisiontv.cl\/web\/wp-content\/uploads\/2025\/09\/Screenshot_20250921_221552_com_whatsapp_MediaViewActivity.webp",2071,1200,false],"thumbnail":["https:\/\/www.koncevisiontv.cl\/web\/wp-content\/uploads\/2025\/09\/Screenshot_20250921_221552_com_whatsapp_MediaViewActivity-150x150.webp",150,150,true],"medium":["https:\/\/www.koncevisiontv.cl\/web\/wp-content\/uploads\/2025\/09\/Screenshot_20250921_221552_com_whatsapp_MediaViewActivity-300x174.webp",300,174,true],"medium_large":["https:\/\/www.koncevisiontv.cl\/web\/wp-content\/uploads\/2025\/09\/Screenshot_20250921_221552_com_whatsapp_MediaViewActivity-768x445.webp",640,371,true],"large":["https:\/\/www.koncevisiontv.cl\/web\/wp-content\/uploads\/2025\/09\/Screenshot_20250921_221552_com_whatsapp_MediaViewActivity-1024x593.webp",640,371,true],"1536x1536":["https:\/\/www.koncevisiontv.cl\/web\/wp-content\/uploads\/2025\/09\/Screenshot_20250921_221552_com_whatsapp_MediaViewActivity-1536x890.webp",1536,890,true],"2048x2048":["https:\/\/www.koncevisiontv.cl\/web\/wp-content\/uploads\/2025\/09\/Screenshot_20250921_221552_com_whatsapp_MediaViewActivity-2048x1187.webp",2048,1187,true],"darknews-featured":["https:\/\/www.koncevisiontv.cl\/web\/wp-content\/uploads\/2025\/09\/Screenshot_20250921_221552_com_whatsapp_MediaViewActivity-1024x593.webp",1024,593,true],"darknews-large":["https:\/\/www.koncevisiontv.cl\/web\/wp-content\/uploads\/2025\/09\/Screenshot_20250921_221552_com_whatsapp_MediaViewActivity-825x575.webp",825,575,true],"darknews-medium":["https:\/\/www.koncevisiontv.cl\/web\/wp-content\/uploads\/2025\/09\/Screenshot_20250921_221552_com_whatsapp_MediaViewActivity-590x410.webp",590,410,true]},"uagb_author_info":{"display_name":"Web-Master","author_link":"https:\/\/www.koncevisiontv.cl\/web\/author\/koncevision\/"},"uagb_comment_info":0,"uagb_excerpt":"Una convocatoria sin precedentes marc\u00f3 el fin de las celebraciones dieciocheras, donde m\u00e1s de 35,000 personas se congregaron","_links":{"self":[{"href":"https:\/\/www.koncevisiontv.cl\/web\/wp-json\/wp\/v2\/posts\/11383","targetHints":{"allow":["GET"]}}],"collection":[{"href":"https:\/\/www.koncevisiontv.cl\/web\/wp-json\/wp\/v2\/posts"}],"about":[{"href":"https:\/\/www.koncevisiontv.cl\/web\/wp-json\/wp\/v2\/types\/post"}],"author":[{"embeddable":true,"href":"https:\/\/www.koncevisiontv.cl\/web\/wp-json\/wp\/v2\/users\/5"}],"replies":[{"embeddable":true,"href":"https:\/\/www.koncevisiontv.cl\/web\/wp-json\/wp\/v2\/comments?post=11383"}],"version-history":[{"count":1,"href":"https:\/\/www.koncevisiontv.cl\/web\/wp-json\/wp\/v2\/posts\/11383\/revisions"}],"predecessor-version":[{"id":11385,"href":"https:\/\/www.koncevisiontv.cl\/web\/wp-json\/wp\/v2\/posts\/11383\/revisions\/11385"}],"wp:featuredmedia":[{"embeddable":true,"href":"https:\/\/www.koncevisiontv.cl\/web\/wp-json\/wp\/v2\/media\/11384"}],"wp:attachment":[{"href":"https:\/\/www.koncevisiontv.cl\/web\/wp-json\/wp\/v2\/media?parent=11383"}],"wp:term":[{"taxonomy":"category","embeddable":true,"href":"https:\/\/www.koncevisiontv.cl\/web\/wp-json\/wp\/v2\/categories?post=11383"},{"taxonomy":"post_tag","embeddable":true,"href":"https:\/\/www.koncevisiontv.cl\/web\/wp-json\/wp\/v2\/tags?post=11383"}],"curies":[{"name":"wp","href":"https:\/\/api.w.org\/{rel}","templated":true}]}}