{"id":11474,"date":"2025-10-15T16:40:51","date_gmt":"2025-10-15T19:40:51","guid":{"rendered":"https:\/\/www.koncevisiontv.cl\/web\/?p=11474"},"modified":"2025-10-15T16:40:53","modified_gmt":"2025-10-15T19:40:53","slug":"seremi-de-cultura-del-biobio-se-opone-a-consulta-ciudadana-para-construir-museo-de-la-memoria","status":"publish","type":"post","link":"https:\/\/www.koncevisiontv.cl\/web\/seremi-de-cultura-del-biobio-se-opone-a-consulta-ciudadana-para-construir-museo-de-la-memoria\/","title":{"rendered":"Seremi de Cultura del Biob\u00edo se opone a consulta ciudadana para construir Museo de la Memoria"},"content":{"rendered":"\n<p class=\"wp-block-paragraph\">La&nbsp;<strong>seremi de Cultura de la regi\u00f3n del Biob\u00edo, Paloma Z\u00fa\u00f1iga<\/strong>, calific\u00f3 como un&nbsp;<strong>retroceso<\/strong>&nbsp;una eventual&nbsp;<strong>consulta ciudadana para evaluar la construcci\u00f3n del Museo de la Memoria<\/strong>&nbsp;en el Parque Bicentenario.<\/p>\n\n\n\n<p class=\"wp-block-paragraph\">Z\u00fa\u00f1iga compar\u00f3 el presupuesto del mundial de Rally con el monto de poco m\u00e1s de 7 mil millones de pesos que tiene el Ministerio de las Culturas, las Artes y el Patrimonio para edificar el espacio.<\/p>\n\n\n\n<p class=\"wp-block-paragraph\">Al ser&nbsp;<strong>consultada por el retorno monetario que deja la actividad deportiva versus el que entregar\u00eda el Museo de la Memoria<\/strong>&nbsp;penquista, se\u00f1al\u00f3 que en t\u00e9rminos de&nbsp;<strong>derechos humanos, debe evaluarse de otra forma<\/strong>. Asegur\u00f3, eso s\u00ed, que se trata de un&nbsp;<strong>proyecto que generar\u00eda empleos.<\/strong><\/p>\n\n\n\n<h3 class=\"wp-block-heading\">Seremi de Cultura por proyecto de Museo de la Memoria en Concepci\u00f3n<\/h3>\n\n\n\n<p class=\"wp-block-paragraph\">\u201cAqu\u00ed hay un hecho que es&nbsp;<strong>concreto:<\/strong>&nbsp;en&nbsp;<strong>Chile se violaron los derechos humanos durante el per\u00edodo de la dictadura, y t\u00fa c\u00f3mo le respondes<\/strong>&nbsp;a las familias y les dices \u2018<strong>no, yo necesito hacer un museo que adem\u00e1s tenga pirotecnia<\/strong>, sino no me dar\u00e1&nbsp;<strong>retorno\u00bb\u201d,<\/strong>&nbsp;plante\u00f3 la seremi.<\/p>\n\n\n\n<p class=\"wp-block-paragraph\">Con ello, Z\u00fa\u00f1iga dijo que una&nbsp;<strong>posible consulta ciudadana respecto al tema<\/strong>, tal como lo est\u00e1 planificando el&nbsp;<strong>municipio de Concepci\u00f3n<\/strong>, significar\u00eda un&nbsp;<strong>retroceso<\/strong>&nbsp;en la propuesta.<\/p>\n\n\n\n<p class=\"wp-block-paragraph\">Por otro lado, el gobernador&nbsp;<strong>regional, Sergio Giacaman, expres\u00f3 a Radio B\u00edo B\u00edo sus dudas<\/strong>&nbsp;ante la posible&nbsp;<strong>construcci\u00f3n<\/strong>&nbsp;del espacio, pues en alg\u00fan momento&nbsp;<strong>coincidir\u00eda con la realizaci\u00f3n del festival REC.<\/strong><\/p>\n\n\n\n<p class=\"wp-block-paragraph\">Recordemos que un&nbsp;<strong>grupo de consejeros regionales del Partido Republicano present\u00f3 un requerimiento a Contralor\u00eda para que se aclare<\/strong>&nbsp;si la licitaci\u00f3n del museo se encuentra&nbsp;<strong>vigente,<\/strong>&nbsp;o si se deben iniciar de nuevo los tr\u00e1mites.<\/p>\n\n\n\n<p class=\"wp-block-paragraph\"><\/p>\n","protected":false},"excerpt":{"rendered":"<p>La&nbsp;seremi de Cultura de la regi\u00f3n del Biob\u00edo, Paloma Z\u00fa\u00f1iga, calific\u00f3 como un&nbsp;retroceso&nbsp;una eventual&nbsp;consulta ciudadana para evaluar la<\/p>\n","protected":false},"author":5,"featured_media":11475,"comment_status":"open","ping_status":"open","sticky":false,"template":"","format":"standard","meta":{"_crdt_document":"","_uag_custom_page_level_css":"","_sitemap_exclude":false,"_sitemap_priority":"","_sitemap_frequency":"","_joinchat":[],"footnotes":""},"categories":[14],"tags":[],"class_list":["post-11474","post","type-post","status-publish","format-standard","has-post-thumbnail","hentry","category-nacional"],"featured_image_urls":{"full":["https:\/\/www.koncevisiontv.cl\/web\/wp-content\/uploads\/2025\/10\/Picsart_25-10-15_15-31-22-806.webp",1920,1079,false],"thumbnail":["https:\/\/www.koncevisiontv.cl\/web\/wp-content\/uploads\/2025\/10\/Picsart_25-10-15_15-31-22-806-150x150.webp",150,150,true],"medium":["https:\/\/www.koncevisiontv.cl\/web\/wp-content\/uploads\/2025\/10\/Picsart_25-10-15_15-31-22-806-300x169.webp",300,169,true],"medium_large":["https:\/\/www.koncevisiontv.cl\/web\/wp-content\/uploads\/2025\/10\/Picsart_25-10-15_15-31-22-806-768x432.webp",640,360,true],"large":["https:\/\/www.koncevisiontv.cl\/web\/wp-content\/uploads\/2025\/10\/Picsart_25-10-15_15-31-22-806-1024x575.webp",640,359,true],"1536x1536":["https:\/\/www.koncevisiontv.cl\/web\/wp-content\/uploads\/2025\/10\/Picsart_25-10-15_15-31-22-806-1536x863.webp",1536,863,true],"2048x2048":["https:\/\/www.koncevisiontv.cl\/web\/wp-content\/uploads\/2025\/10\/Picsart_25-10-15_15-31-22-806.webp",1920,1079,false],"darknews-featured":["https:\/\/www.koncevisiontv.cl\/web\/wp-content\/uploads\/2025\/10\/Picsart_25-10-15_15-31-22-806-1024x575.webp",1024,575,true],"darknews-large":["https:\/\/www.koncevisiontv.cl\/web\/wp-content\/uploads\/2025\/10\/Picsart_25-10-15_15-31-22-806-825x575.webp",825,575,true],"darknews-medium":["https:\/\/www.koncevisiontv.cl\/web\/wp-content\/uploads\/2025\/10\/Picsart_25-10-15_15-31-22-806-590x410.webp",590,410,true]},"author_info":{"info":["Web-Master"]},"category_info":"<a href=\"https:\/\/www.koncevisiontv.cl\/web\/category\/nacional\/\" rel=\"category tag\">Nacional<\/a>","tag_info":"Nacional","comment_count":"0","uagb_featured_image_src":{"full":["https:\/\/www.koncevisiontv.cl\/web\/wp-content\/uploads\/2025\/10\/Picsart_25-10-15_15-31-22-806.webp",1920,1079,false],"thumbnail":["https:\/\/www.koncevisiontv.cl\/web\/wp-content\/uploads\/2025\/10\/Picsart_25-10-15_15-31-22-806-150x150.webp",150,150,true],"medium":["https:\/\/www.koncevisiontv.cl\/web\/wp-content\/uploads\/2025\/10\/Picsart_25-10-15_15-31-22-806-300x169.webp",300,169,true],"medium_large":["https:\/\/www.koncevisiontv.cl\/web\/wp-content\/uploads\/2025\/10\/Picsart_25-10-15_15-31-22-806-768x432.webp",640,360,true],"large":["https:\/\/www.koncevisiontv.cl\/web\/wp-content\/uploads\/2025\/10\/Picsart_25-10-15_15-31-22-806-1024x575.webp",640,359,true],"1536x1536":["https:\/\/www.koncevisiontv.cl\/web\/wp-content\/uploads\/2025\/10\/Picsart_25-10-15_15-31-22-806-1536x863.webp",1536,863,true],"2048x2048":["https:\/\/www.koncevisiontv.cl\/web\/wp-content\/uploads\/2025\/10\/Picsart_25-10-15_15-31-22-806.webp",1920,1079,false],"darknews-featured":["https:\/\/www.koncevisiontv.cl\/web\/wp-content\/uploads\/2025\/10\/Picsart_25-10-15_15-31-22-806-1024x575.webp",1024,575,true],"darknews-large":["https:\/\/www.koncevisiontv.cl\/web\/wp-content\/uploads\/2025\/10\/Picsart_25-10-15_15-31-22-806-825x575.webp",825,575,true],"darknews-medium":["https:\/\/www.koncevisiontv.cl\/web\/wp-content\/uploads\/2025\/10\/Picsart_25-10-15_15-31-22-806-590x410.webp",590,410,true]},"uagb_author_info":{"display_name":"Web-Master","author_link":"https:\/\/www.koncevisiontv.cl\/web\/author\/koncevision\/"},"uagb_comment_info":0,"uagb_excerpt":"La&nbsp;seremi de Cultura de la regi\u00f3n del Biob\u00edo, Paloma Z\u00fa\u00f1iga, calific\u00f3 como un&nbsp;retroceso&nbsp;una eventual&nbsp;consulta ciudadana para evaluar la","_links":{"self":[{"href":"https:\/\/www.koncevisiontv.cl\/web\/wp-json\/wp\/v2\/posts\/11474","targetHints":{"allow":["GET"]}}],"collection":[{"href":"https:\/\/www.koncevisiontv.cl\/web\/wp-json\/wp\/v2\/posts"}],"about":[{"href":"https:\/\/www.koncevisiontv.cl\/web\/wp-json\/wp\/v2\/types\/post"}],"author":[{"embeddable":true,"href":"https:\/\/www.koncevisiontv.cl\/web\/wp-json\/wp\/v2\/users\/5"}],"replies":[{"embeddable":true,"href":"https:\/\/www.koncevisiontv.cl\/web\/wp-json\/wp\/v2\/comments?post=11474"}],"version-history":[{"count":1,"href":"https:\/\/www.koncevisiontv.cl\/web\/wp-json\/wp\/v2\/posts\/11474\/revisions"}],"predecessor-version":[{"id":11476,"href":"https:\/\/www.koncevisiontv.cl\/web\/wp-json\/wp\/v2\/posts\/11474\/revisions\/11476"}],"wp:featuredmedia":[{"embeddable":true,"href":"https:\/\/www.koncevisiontv.cl\/web\/wp-json\/wp\/v2\/media\/11475"}],"wp:attachment":[{"href":"https:\/\/www.koncevisiontv.cl\/web\/wp-json\/wp\/v2\/media?parent=11474"}],"wp:term":[{"taxonomy":"category","embeddable":true,"href":"https:\/\/www.koncevisiontv.cl\/web\/wp-json\/wp\/v2\/categories?post=11474"},{"taxonomy":"post_tag","embeddable":true,"href":"https:\/\/www.koncevisiontv.cl\/web\/wp-json\/wp\/v2\/tags?post=11474"}],"curies":[{"name":"wp","href":"https:\/\/api.w.org\/{rel}","templated":true}]}}