{"id":11478,"date":"2025-10-16T11:56:09","date_gmt":"2025-10-16T14:56:09","guid":{"rendered":"https:\/\/www.koncevisiontv.cl\/web\/?p=11478"},"modified":"2025-10-16T11:56:12","modified_gmt":"2025-10-16T14:56:12","slug":"daem-de-tucapel-bajo-la-lupa-contraloria-objeta-el-uso-de-mas-de-3-mil-millones-en-subvenciones-educativas","status":"publish","type":"post","link":"https:\/\/www.koncevisiontv.cl\/web\/daem-de-tucapel-bajo-la-lupa-contraloria-objeta-el-uso-de-mas-de-3-mil-millones-en-subvenciones-educativas\/","title":{"rendered":"DAEM de Tucapel bajo la lupa: Contralor\u00eda objeta el uso de m\u00e1s de $3 mil millones en subvenciones educativas."},"content":{"rendered":"\n<p class=\"wp-block-paragraph\">La comuna de Tucapel, en la regi\u00f3n del Biob\u00edo, se encuentra en alerta luego de que la Contralor\u00eda General de la Rep\u00fablica (CGR) informara que el Departamento de Administraci\u00f3n de la Educaci\u00f3n Municipal (DAEM) no ha podido justificar el uso de m\u00e1s de <strong>$3 mil millones<\/strong> en subvenciones escolares.<\/p>\n\n\n\n<p class=\"wp-block-paragraph\">En respuesta a la preocupaci\u00f3n comunal, el alcalde <strong>Jaime Veloso<\/strong> declar\u00f3 a Radio B\u00edo B\u00edo que este es un <strong>&#8220;tema engorroso&#8221;<\/strong> que arrastra problemas desde el a\u00f1o 2019.<\/p>\n\n\n\n<p class=\"wp-block-paragraph\">El jefe comunal defendi\u00f3 la gesti\u00f3n, asegurando que el problema es m\u00e1s bien de \u00edndole <strong>&#8220;digital&#8221;<\/strong> que administrativo. Seg\u00fan explic\u00f3, la documentaci\u00f3n existe y los fondos est\u00e1n acreditados, pero no se subieron o rindieron a tiempo en la plataforma digital del sistema.<\/p>\n\n\n\n<p class=\"wp-block-paragraph\">Veloso atribuy\u00f3 esta omisi\u00f3n a la pandemia, indicando que &#8220;por distintos motivos, relativos a la pandemia&#8230; no se elevaron o no se rindieron a trav\u00e9s de esta plataforma digital los gastos de la zona&#8221;.<\/p>\n\n\n\n<p class=\"wp-block-paragraph\">Finalmente, el alcalde enfatiz\u00f3 que la mayor parte de los recursos, un 85%, corresponde a sueldos y gastos habituales, y sostuvo que la auditor\u00eda de Contralor\u00eda confirmar\u00e1 que todos los pagos a docentes, subvenciones, bonos y pagos previsionales est\u00e1n debidamente respaldados. &#8220;Nosotros no registramos ninguna de estas falencias, ni tampoco demandas civiles al Departamento de Educaci\u00f3n\u201d, concluy\u00f3.<\/p>\n","protected":false},"excerpt":{"rendered":"<p>La comuna de Tucapel, en la regi\u00f3n del Biob\u00edo, se encuentra en alerta luego de que la Contralor\u00eda<\/p>\n","protected":false},"author":5,"featured_media":11482,"comment_status":"open","ping_status":"open","sticky":false,"template":"","format":"standard","meta":{"_crdt_document":"","_uag_custom_page_level_css":"","_sitemap_exclude":false,"_sitemap_priority":"","_sitemap_frequency":"","_joinchat":[],"footnotes":""},"categories":[1,210,216,14],"tags":[63],"class_list":["post-11478","post","type-post","status-publish","format-standard","has-post-thumbnail","hentry","category-bio-bio","category-corrupcion","category-fondos-publicos","category-nacional","tag-regiondelbiobio"],"featured_image_urls":{"full":["https:\/\/www.koncevisiontv.cl\/web\/wp-content\/uploads\/2025\/10\/sin-titulo-1200-x-633-px-43.webp",1200,633,false],"thumbnail":["https:\/\/www.koncevisiontv.cl\/web\/wp-content\/uploads\/2025\/10\/sin-titulo-1200-x-633-px-43-150x150.webp",150,150,true],"medium":["https:\/\/www.koncevisiontv.cl\/web\/wp-content\/uploads\/2025\/10\/sin-titulo-1200-x-633-px-43-300x158.webp",300,158,true],"medium_large":["https:\/\/www.koncevisiontv.cl\/web\/wp-content\/uploads\/2025\/10\/sin-titulo-1200-x-633-px-43-768x405.webp",640,338,true],"large":["https:\/\/www.koncevisiontv.cl\/web\/wp-content\/uploads\/2025\/10\/sin-titulo-1200-x-633-px-43-1024x540.webp",640,338,true],"1536x1536":["https:\/\/www.koncevisiontv.cl\/web\/wp-content\/uploads\/2025\/10\/sin-titulo-1200-x-633-px-43.webp",1200,633,false],"2048x2048":["https:\/\/www.koncevisiontv.cl\/web\/wp-content\/uploads\/2025\/10\/sin-titulo-1200-x-633-px-43.webp",1200,633,false],"darknews-featured":["https:\/\/www.koncevisiontv.cl\/web\/wp-content\/uploads\/2025\/10\/sin-titulo-1200-x-633-px-43-1024x540.webp",1024,540,true],"darknews-large":["https:\/\/www.koncevisiontv.cl\/web\/wp-content\/uploads\/2025\/10\/sin-titulo-1200-x-633-px-43-825x575.webp",825,575,true],"darknews-medium":["https:\/\/www.koncevisiontv.cl\/web\/wp-content\/uploads\/2025\/10\/sin-titulo-1200-x-633-px-43-590x410.webp",590,410,true]},"author_info":{"info":["Web-Master"]},"category_info":"<a href=\"https:\/\/www.koncevisiontv.cl\/web\/category\/bio-bio\/\" rel=\"category tag\">Bio-B\u00edo<\/a> <a href=\"https:\/\/www.koncevisiontv.cl\/web\/category\/corrupcion\/\" rel=\"category tag\">Corrupcion<\/a> <a href=\"https:\/\/www.koncevisiontv.cl\/web\/category\/fondos-publicos\/\" rel=\"category tag\">Fondos P\u00fablicos<\/a> <a href=\"https:\/\/www.koncevisiontv.cl\/web\/category\/nacional\/\" rel=\"category tag\">Nacional<\/a>","tag_info":"Nacional","comment_count":"0","uagb_featured_image_src":{"full":["https:\/\/www.koncevisiontv.cl\/web\/wp-content\/uploads\/2025\/10\/sin-titulo-1200-x-633-px-43.webp",1200,633,false],"thumbnail":["https:\/\/www.koncevisiontv.cl\/web\/wp-content\/uploads\/2025\/10\/sin-titulo-1200-x-633-px-43-150x150.webp",150,150,true],"medium":["https:\/\/www.koncevisiontv.cl\/web\/wp-content\/uploads\/2025\/10\/sin-titulo-1200-x-633-px-43-300x158.webp",300,158,true],"medium_large":["https:\/\/www.koncevisiontv.cl\/web\/wp-content\/uploads\/2025\/10\/sin-titulo-1200-x-633-px-43-768x405.webp",640,338,true],"large":["https:\/\/www.koncevisiontv.cl\/web\/wp-content\/uploads\/2025\/10\/sin-titulo-1200-x-633-px-43-1024x540.webp",640,338,true],"1536x1536":["https:\/\/www.koncevisiontv.cl\/web\/wp-content\/uploads\/2025\/10\/sin-titulo-1200-x-633-px-43.webp",1200,633,false],"2048x2048":["https:\/\/www.koncevisiontv.cl\/web\/wp-content\/uploads\/2025\/10\/sin-titulo-1200-x-633-px-43.webp",1200,633,false],"darknews-featured":["https:\/\/www.koncevisiontv.cl\/web\/wp-content\/uploads\/2025\/10\/sin-titulo-1200-x-633-px-43-1024x540.webp",1024,540,true],"darknews-large":["https:\/\/www.koncevisiontv.cl\/web\/wp-content\/uploads\/2025\/10\/sin-titulo-1200-x-633-px-43-825x575.webp",825,575,true],"darknews-medium":["https:\/\/www.koncevisiontv.cl\/web\/wp-content\/uploads\/2025\/10\/sin-titulo-1200-x-633-px-43-590x410.webp",590,410,true]},"uagb_author_info":{"display_name":"Web-Master","author_link":"https:\/\/www.koncevisiontv.cl\/web\/author\/koncevision\/"},"uagb_comment_info":0,"uagb_excerpt":"La comuna de Tucapel, en la regi\u00f3n del Biob\u00edo, se encuentra en alerta luego de que la Contralor\u00eda","_links":{"self":[{"href":"https:\/\/www.koncevisiontv.cl\/web\/wp-json\/wp\/v2\/posts\/11478","targetHints":{"allow":["GET"]}}],"collection":[{"href":"https:\/\/www.koncevisiontv.cl\/web\/wp-json\/wp\/v2\/posts"}],"about":[{"href":"https:\/\/www.koncevisiontv.cl\/web\/wp-json\/wp\/v2\/types\/post"}],"author":[{"embeddable":true,"href":"https:\/\/www.koncevisiontv.cl\/web\/wp-json\/wp\/v2\/users\/5"}],"replies":[{"embeddable":true,"href":"https:\/\/www.koncevisiontv.cl\/web\/wp-json\/wp\/v2\/comments?post=11478"}],"version-history":[{"count":2,"href":"https:\/\/www.koncevisiontv.cl\/web\/wp-json\/wp\/v2\/posts\/11478\/revisions"}],"predecessor-version":[{"id":11481,"href":"https:\/\/www.koncevisiontv.cl\/web\/wp-json\/wp\/v2\/posts\/11478\/revisions\/11481"}],"wp:featuredmedia":[{"embeddable":true,"href":"https:\/\/www.koncevisiontv.cl\/web\/wp-json\/wp\/v2\/media\/11482"}],"wp:attachment":[{"href":"https:\/\/www.koncevisiontv.cl\/web\/wp-json\/wp\/v2\/media?parent=11478"}],"wp:term":[{"taxonomy":"category","embeddable":true,"href":"https:\/\/www.koncevisiontv.cl\/web\/wp-json\/wp\/v2\/categories?post=11478"},{"taxonomy":"post_tag","embeddable":true,"href":"https:\/\/www.koncevisiontv.cl\/web\/wp-json\/wp\/v2\/tags?post=11478"}],"curies":[{"name":"wp","href":"https:\/\/api.w.org\/{rel}","templated":true}]}}