{"id":11483,"date":"2025-10-16T12:33:11","date_gmt":"2025-10-16T15:33:11","guid":{"rendered":"https:\/\/www.koncevisiontv.cl\/web\/?p=11483"},"modified":"2025-10-16T12:33:14","modified_gmt":"2025-10-16T15:33:14","slug":"chats-y-facturas-asi-documento-empresario-las-coimas-que-le-pidieron-en-coronel","status":"publish","type":"post","link":"https:\/\/www.koncevisiontv.cl\/web\/chats-y-facturas-asi-documento-empresario-las-coimas-que-le-pidieron-en-coronel\/","title":{"rendered":"Chats y facturas: As\u00ed document\u00f3 empresario las coimas que le pidieron en Coronel."},"content":{"rendered":"\n<p class=\"wp-block-paragraph\">El empresario <strong>H\u00e9ctor Sarmiento<\/strong>, representante de la empresa Profecxa, present\u00f3 una grave denuncia ante la Contralor\u00eda que expone presiones y exigencias de sobornos para continuar con la construcci\u00f3n de una cancha de f\u00fatbol en Coronel.<\/p>\n\n\n\n<p class=\"wp-block-paragraph\">La denuncia incluye como evidencia mensajes de <strong>WhatsApp<\/strong> y copias de <strong>facturas<\/strong> que, seg\u00fan el empresario, prueban las coimas que le eran solicitadas. Frases como <strong>&#8220;tendr\u00e1n que ponerse con todo&#8221;<\/strong> y la amenaza de <strong>&#8220;tirar la cadena&#8221;<\/strong> si no cumpl\u00eda, fueron algunas de las advertencias que habr\u00eda recibido Sarmiento de un presunto funcionario municipal.<\/p>\n\n\n\n<p class=\"wp-block-paragraph\">Sarmiento asegura que estas presiones se debieron a su negativa a entregar <strong>$60 millones<\/strong> que le exig\u00eda, a modo de soborno, el Inspector T\u00e9cnico de Obra (ITO) a cargo del proyecto &#8220;Cancha de F\u00fatbol Nuevo Amanecer&#8221; para agilizar los pagos y permitir la continuidad de los trabajos.<\/p>\n\n\n\n<p class=\"wp-block-paragraph\">El representante de Profecxa confirm\u00f3 que toda la evidencia, incluidos los mensajes y las facturas que supuestamente intentaban legalizar el il\u00edcito, fueron adjuntadas a la Contralor\u00eda.<\/p>\n\n\n\n<h3 class=\"wp-block-heading\">Reacci\u00f3n del Municipio y GORE<\/h3>\n\n\n\n<p class=\"wp-block-paragraph\">La <strong>Municipalidad de Coronel<\/strong> afirm\u00f3 haberse enterado de estas nuevas acusaciones de corrupci\u00f3n reci\u00e9n esta semana, a trav\u00e9s del concejal Selin Nur. Sin embargo, el edil se mostr\u00f3 &#8220;sorprendente&#8221; ante la postura del municipio, asegurando que la denuncia original de Sarmiento a la CGR fue enviada con copia a la corporaci\u00f3n edilicia.<\/p>\n\n\n\n<p class=\"wp-block-paragraph\">Ante las nuevas acusaciones contra funcionarios de la administraci\u00f3n del alcalde Boris Chamorro, se intent\u00f3 contactar al senador Gast\u00f3n Saavedra, quien estuvo presente en el lanzamiento del proyecto deportivo, pero no se obtuvo respuesta.<\/p>\n\n\n\n<p class=\"wp-block-paragraph\">Por su parte, el gobernador regional <strong>Sergio Giacaman<\/strong>, cuya repartici\u00f3n financia la obra, indic\u00f3 que no estaba al tanto de la paralizaci\u00f3n del proyecto. &#8220;Es una iniciativa que es financiada por el Gobierno Regional, pero quien contrata al final es el municipio de Coronel. Entendemos y sabemos que hay denuncias de situaciones irregulares, a nosotros nos interesa siempre que los recursos del Gobierno Regional se usen de manera adecuada&#8221;, se\u00f1al\u00f3.<\/p>\n\n\n\n<p class=\"wp-block-paragraph\">Tanto el concejal Nur como el municipio han solicitado una investigaci\u00f3n al <strong>Ministerio P\u00fablico<\/strong>, mientras que la corporaci\u00f3n edilicia tambi\u00e9n inici\u00f3 un <strong>sumario administrativo<\/strong> para esclarecer la existencia de los sobornos.<\/p>\n\n\n\n<figure class=\"wp-block-image size-large\"><img loading=\"lazy\" decoding=\"async\" width=\"1024\" height=\"540\" src=\"https:\/\/www.koncevisiontv.cl\/web\/wp-content\/uploads\/2025\/10\/presuntas-coimas-en-coronel-1-1024x540.webp\" alt=\"\" class=\"wp-image-11486\" title=\"\" srcset=\"https:\/\/www.koncevisiontv.cl\/web\/wp-content\/uploads\/2025\/10\/presuntas-coimas-en-coronel-1-1024x540.webp 1024w, https:\/\/www.koncevisiontv.cl\/web\/wp-content\/uploads\/2025\/10\/presuntas-coimas-en-coronel-1-300x158.webp 300w, https:\/\/www.koncevisiontv.cl\/web\/wp-content\/uploads\/2025\/10\/presuntas-coimas-en-coronel-1-768x405.webp 768w, https:\/\/www.koncevisiontv.cl\/web\/wp-content\/uploads\/2025\/10\/presuntas-coimas-en-coronel-1.webp 1200w\" sizes=\"auto, (max-width: 1024px) 100vw, 1024px\" \/><\/figure>\n\n\n\n<figure class=\"wp-block-image size-large\"><img loading=\"lazy\" decoding=\"async\" width=\"1024\" height=\"540\" src=\"https:\/\/www.koncevisiontv.cl\/web\/wp-content\/uploads\/2025\/10\/presuntas-coimas-en-coronel-2-1024x540.webp\" alt=\"\" class=\"wp-image-11487\" title=\"\" srcset=\"https:\/\/www.koncevisiontv.cl\/web\/wp-content\/uploads\/2025\/10\/presuntas-coimas-en-coronel-2-1024x540.webp 1024w, https:\/\/www.koncevisiontv.cl\/web\/wp-content\/uploads\/2025\/10\/presuntas-coimas-en-coronel-2-300x158.webp 300w, https:\/\/www.koncevisiontv.cl\/web\/wp-content\/uploads\/2025\/10\/presuntas-coimas-en-coronel-2-768x405.webp 768w, https:\/\/www.koncevisiontv.cl\/web\/wp-content\/uploads\/2025\/10\/presuntas-coimas-en-coronel-2.webp 1200w\" sizes=\"auto, (max-width: 1024px) 100vw, 1024px\" \/><\/figure>\n","protected":false},"excerpt":{"rendered":"<p>El empresario H\u00e9ctor Sarmiento, representante de la empresa Profecxa, present\u00f3 una grave denuncia ante la Contralor\u00eda que expone<\/p>\n","protected":false},"author":5,"featured_media":11488,"comment_status":"open","ping_status":"open","sticky":false,"template":"","format":"standard","meta":{"_crdt_document":"","_uag_custom_page_level_css":"","_sitemap_exclude":false,"_sitemap_priority":"","_sitemap_frequency":"","_joinchat":[],"footnotes":""},"categories":[1,14],"tags":[63],"class_list":["post-11483","post","type-post","status-publish","format-standard","has-post-thumbnail","hentry","category-bio-bio","category-nacional","tag-regiondelbiobio"],"featured_image_urls":{"full":["https:\/\/www.koncevisiontv.cl\/web\/wp-content\/uploads\/2025\/10\/obras.webp",1200,633,false],"thumbnail":["https:\/\/www.koncevisiontv.cl\/web\/wp-content\/uploads\/2025\/10\/obras-150x150.webp",150,150,true],"medium":["https:\/\/www.koncevisiontv.cl\/web\/wp-content\/uploads\/2025\/10\/obras-300x158.webp",300,158,true],"medium_large":["https:\/\/www.koncevisiontv.cl\/web\/wp-content\/uploads\/2025\/10\/obras-768x405.webp",640,338,true],"large":["https:\/\/www.koncevisiontv.cl\/web\/wp-content\/uploads\/2025\/10\/obras-1024x540.webp",640,338,true],"1536x1536":["https:\/\/www.koncevisiontv.cl\/web\/wp-content\/uploads\/2025\/10\/obras.webp",1200,633,false],"2048x2048":["https:\/\/www.koncevisiontv.cl\/web\/wp-content\/uploads\/2025\/10\/obras.webp",1200,633,false],"darknews-featured":["https:\/\/www.koncevisiontv.cl\/web\/wp-content\/uploads\/2025\/10\/obras-1024x540.webp",1024,540,true],"darknews-large":["https:\/\/www.koncevisiontv.cl\/web\/wp-content\/uploads\/2025\/10\/obras-825x575.webp",825,575,true],"darknews-medium":["https:\/\/www.koncevisiontv.cl\/web\/wp-content\/uploads\/2025\/10\/obras-590x410.webp",590,410,true]},"author_info":{"info":["Web-Master"]},"category_info":"<a href=\"https:\/\/www.koncevisiontv.cl\/web\/category\/bio-bio\/\" rel=\"category tag\">Bio-B\u00edo<\/a> <a href=\"https:\/\/www.koncevisiontv.cl\/web\/category\/nacional\/\" rel=\"category tag\">Nacional<\/a>","tag_info":"Nacional","comment_count":"0","uagb_featured_image_src":{"full":["https:\/\/www.koncevisiontv.cl\/web\/wp-content\/uploads\/2025\/10\/obras.webp",1200,633,false],"thumbnail":["https:\/\/www.koncevisiontv.cl\/web\/wp-content\/uploads\/2025\/10\/obras-150x150.webp",150,150,true],"medium":["https:\/\/www.koncevisiontv.cl\/web\/wp-content\/uploads\/2025\/10\/obras-300x158.webp",300,158,true],"medium_large":["https:\/\/www.koncevisiontv.cl\/web\/wp-content\/uploads\/2025\/10\/obras-768x405.webp",640,338,true],"large":["https:\/\/www.koncevisiontv.cl\/web\/wp-content\/uploads\/2025\/10\/obras-1024x540.webp",640,338,true],"1536x1536":["https:\/\/www.koncevisiontv.cl\/web\/wp-content\/uploads\/2025\/10\/obras.webp",1200,633,false],"2048x2048":["https:\/\/www.koncevisiontv.cl\/web\/wp-content\/uploads\/2025\/10\/obras.webp",1200,633,false],"darknews-featured":["https:\/\/www.koncevisiontv.cl\/web\/wp-content\/uploads\/2025\/10\/obras-1024x540.webp",1024,540,true],"darknews-large":["https:\/\/www.koncevisiontv.cl\/web\/wp-content\/uploads\/2025\/10\/obras-825x575.webp",825,575,true],"darknews-medium":["https:\/\/www.koncevisiontv.cl\/web\/wp-content\/uploads\/2025\/10\/obras-590x410.webp",590,410,true]},"uagb_author_info":{"display_name":"Web-Master","author_link":"https:\/\/www.koncevisiontv.cl\/web\/author\/koncevision\/"},"uagb_comment_info":0,"uagb_excerpt":"El empresario H\u00e9ctor Sarmiento, representante de la empresa Profecxa, present\u00f3 una grave denuncia ante la Contralor\u00eda que expone","_links":{"self":[{"href":"https:\/\/www.koncevisiontv.cl\/web\/wp-json\/wp\/v2\/posts\/11483","targetHints":{"allow":["GET"]}}],"collection":[{"href":"https:\/\/www.koncevisiontv.cl\/web\/wp-json\/wp\/v2\/posts"}],"about":[{"href":"https:\/\/www.koncevisiontv.cl\/web\/wp-json\/wp\/v2\/types\/post"}],"author":[{"embeddable":true,"href":"https:\/\/www.koncevisiontv.cl\/web\/wp-json\/wp\/v2\/users\/5"}],"replies":[{"embeddable":true,"href":"https:\/\/www.koncevisiontv.cl\/web\/wp-json\/wp\/v2\/comments?post=11483"}],"version-history":[{"count":2,"href":"https:\/\/www.koncevisiontv.cl\/web\/wp-json\/wp\/v2\/posts\/11483\/revisions"}],"predecessor-version":[{"id":11489,"href":"https:\/\/www.koncevisiontv.cl\/web\/wp-json\/wp\/v2\/posts\/11483\/revisions\/11489"}],"wp:featuredmedia":[{"embeddable":true,"href":"https:\/\/www.koncevisiontv.cl\/web\/wp-json\/wp\/v2\/media\/11488"}],"wp:attachment":[{"href":"https:\/\/www.koncevisiontv.cl\/web\/wp-json\/wp\/v2\/media?parent=11483"}],"wp:term":[{"taxonomy":"category","embeddable":true,"href":"https:\/\/www.koncevisiontv.cl\/web\/wp-json\/wp\/v2\/categories?post=11483"},{"taxonomy":"post_tag","embeddable":true,"href":"https:\/\/www.koncevisiontv.cl\/web\/wp-json\/wp\/v2\/tags?post=11483"}],"curies":[{"name":"wp","href":"https:\/\/api.w.org\/{rel}","templated":true}]}}