{"id":11490,"date":"2025-10-16T13:43:35","date_gmt":"2025-10-16T16:43:35","guid":{"rendered":"https:\/\/www.koncevisiontv.cl\/web\/?p=11490"},"modified":"2025-10-16T13:52:12","modified_gmt":"2025-10-16T16:52:12","slug":"director-de-hospital-regresa-a-su-cargo-tras-sumario-que-no-arrojo-culpables-en-denuncia-por-abuso-sexual","status":"publish","type":"post","link":"https:\/\/www.koncevisiontv.cl\/web\/director-de-hospital-regresa-a-su-cargo-tras-sumario-que-no-arrojo-culpables-en-denuncia-por-abuso-sexual\/","title":{"rendered":"Director de Hospital regresa a su cargo tras sumario que no arroj\u00f3 culpables en denuncia por abuso sexual."},"content":{"rendered":"\n<p class=\"wp-block-paragraph\">El director del Hospital de Curanilahue, <strong>Juan Gamboa Saravia<\/strong>, ha vuelto a asumir su cargo tras la culminaci\u00f3n de un sumario administrativo iniciado en su contra por denuncias de acoso y abuso sexual, lo que ha generado <strong>preocupaci\u00f3n e inquietud<\/strong> en la Fenpruss (Federaci\u00f3n Nacional de Profesionales Universitarios de los Servicios de Salud).<\/p>\n\n\n\n<p class=\"wp-block-paragraph\">La investigaci\u00f3n comenz\u00f3 en marzo de este a\u00f1o, luego de que un grupo de trabajadores acusara al director, lo que llev\u00f3 a su inmediata separaci\u00f3n del cargo. Sin embargo, tras siete meses de indagatorias, el sumario concluy\u00f3 <strong>sin lograr comprobar por completo los hechos<\/strong> de connotaci\u00f3n sexual debido a la falta de pruebas.<\/p>\n\n\n\n<p class=\"wp-block-paragraph\">A pesar de no acreditarse la denuncia principal, la investigaci\u00f3n s\u00ed determin\u00f3 una sanci\u00f3n para el director: una <strong>multa equivalente al 20% de su sueldo<\/strong> y una <strong>anotaci\u00f3n de dem\u00e9rito<\/strong>. Con esto, el Servicio de Salud de Arauco dio por finalizada la suspensi\u00f3n, permitiendo que Gamboa retomara sus funciones este mi\u00e9rcoles.<\/p>\n\n\n\n<p class=\"wp-block-paragraph\">El encargado regional de la Fenpruss, <strong>Pavel Gu\u00ed\u00f1ez<\/strong>, expres\u00f3 la molestia del gremio. Si bien el acoso sexual no pudo comprobarse, Gu\u00ed\u00f1ez se\u00f1al\u00f3 que lo grave es que s\u00ed se estableci\u00f3 una <strong>&#8220;falta a la probidad&#8221;<\/strong> por parte del director del hospital.<\/p>\n\n\n\n<p class=\"wp-block-paragraph\">Una de las mayores preocupaciones de la Fenpruss es que el personal denunciante deber\u00e1 seguir trabajando bajo la direcci\u00f3n de Gamboa. No obstante, el Servicio de Salud asegur\u00f3 que se tomaron medidas de resguardo, informando de una <strong>reubicaci\u00f3n consensuada del personal<\/strong> afectado.<\/p>\n\n\n\n<p class=\"wp-block-paragraph\"><\/p>\n","protected":false},"excerpt":{"rendered":"<p>El director del Hospital de Curanilahue, Juan Gamboa Saravia, ha vuelto a asumir su cargo tras la culminaci\u00f3n<\/p>\n","protected":false},"author":5,"featured_media":11491,"comment_status":"open","ping_status":"open","sticky":false,"template":"","format":"standard","meta":{"_crdt_document":"","_uag_custom_page_level_css":"","_sitemap_exclude":false,"_sitemap_priority":"","_sitemap_frequency":"","_joinchat":[],"footnotes":""},"categories":[1,14],"tags":[63],"class_list":["post-11490","post","type-post","status-publish","format-standard","has-post-thumbnail","hentry","category-bio-bio","category-nacional","tag-regiondelbiobio"],"featured_image_urls":{"full":["https:\/\/www.koncevisiontv.cl\/web\/wp-content\/uploads\/2025\/10\/hospital-curanialhue.webp",1484,826,false],"thumbnail":["https:\/\/www.koncevisiontv.cl\/web\/wp-content\/uploads\/2025\/10\/hospital-curanialhue-150x150.webp",150,150,true],"medium":["https:\/\/www.koncevisiontv.cl\/web\/wp-content\/uploads\/2025\/10\/hospital-curanialhue-300x167.webp",300,167,true],"medium_large":["https:\/\/www.koncevisiontv.cl\/web\/wp-content\/uploads\/2025\/10\/hospital-curanialhue-768x427.webp",640,356,true],"large":["https:\/\/www.koncevisiontv.cl\/web\/wp-content\/uploads\/2025\/10\/hospital-curanialhue-1024x570.webp",640,356,true],"1536x1536":["https:\/\/www.koncevisiontv.cl\/web\/wp-content\/uploads\/2025\/10\/hospital-curanialhue.webp",1484,826,false],"2048x2048":["https:\/\/www.koncevisiontv.cl\/web\/wp-content\/uploads\/2025\/10\/hospital-curanialhue.webp",1484,826,false],"darknews-featured":["https:\/\/www.koncevisiontv.cl\/web\/wp-content\/uploads\/2025\/10\/hospital-curanialhue-1024x570.webp",1024,570,true],"darknews-large":["https:\/\/www.koncevisiontv.cl\/web\/wp-content\/uploads\/2025\/10\/hospital-curanialhue-825x575.webp",825,575,true],"darknews-medium":["https:\/\/www.koncevisiontv.cl\/web\/wp-content\/uploads\/2025\/10\/hospital-curanialhue-590x410.webp",590,410,true]},"author_info":{"info":["Web-Master"]},"category_info":"<a href=\"https:\/\/www.koncevisiontv.cl\/web\/category\/bio-bio\/\" rel=\"category tag\">Bio-B\u00edo<\/a> <a href=\"https:\/\/www.koncevisiontv.cl\/web\/category\/nacional\/\" rel=\"category tag\">Nacional<\/a>","tag_info":"Nacional","comment_count":"0","uagb_featured_image_src":{"full":["https:\/\/www.koncevisiontv.cl\/web\/wp-content\/uploads\/2025\/10\/hospital-curanialhue.webp",1484,826,false],"thumbnail":["https:\/\/www.koncevisiontv.cl\/web\/wp-content\/uploads\/2025\/10\/hospital-curanialhue-150x150.webp",150,150,true],"medium":["https:\/\/www.koncevisiontv.cl\/web\/wp-content\/uploads\/2025\/10\/hospital-curanialhue-300x167.webp",300,167,true],"medium_large":["https:\/\/www.koncevisiontv.cl\/web\/wp-content\/uploads\/2025\/10\/hospital-curanialhue-768x427.webp",640,356,true],"large":["https:\/\/www.koncevisiontv.cl\/web\/wp-content\/uploads\/2025\/10\/hospital-curanialhue-1024x570.webp",640,356,true],"1536x1536":["https:\/\/www.koncevisiontv.cl\/web\/wp-content\/uploads\/2025\/10\/hospital-curanialhue.webp",1484,826,false],"2048x2048":["https:\/\/www.koncevisiontv.cl\/web\/wp-content\/uploads\/2025\/10\/hospital-curanialhue.webp",1484,826,false],"darknews-featured":["https:\/\/www.koncevisiontv.cl\/web\/wp-content\/uploads\/2025\/10\/hospital-curanialhue-1024x570.webp",1024,570,true],"darknews-large":["https:\/\/www.koncevisiontv.cl\/web\/wp-content\/uploads\/2025\/10\/hospital-curanialhue-825x575.webp",825,575,true],"darknews-medium":["https:\/\/www.koncevisiontv.cl\/web\/wp-content\/uploads\/2025\/10\/hospital-curanialhue-590x410.webp",590,410,true]},"uagb_author_info":{"display_name":"Web-Master","author_link":"https:\/\/www.koncevisiontv.cl\/web\/author\/koncevision\/"},"uagb_comment_info":0,"uagb_excerpt":"El director del Hospital de Curanilahue, Juan Gamboa Saravia, ha vuelto a asumir su cargo tras la culminaci\u00f3n","_links":{"self":[{"href":"https:\/\/www.koncevisiontv.cl\/web\/wp-json\/wp\/v2\/posts\/11490","targetHints":{"allow":["GET"]}}],"collection":[{"href":"https:\/\/www.koncevisiontv.cl\/web\/wp-json\/wp\/v2\/posts"}],"about":[{"href":"https:\/\/www.koncevisiontv.cl\/web\/wp-json\/wp\/v2\/types\/post"}],"author":[{"embeddable":true,"href":"https:\/\/www.koncevisiontv.cl\/web\/wp-json\/wp\/v2\/users\/5"}],"replies":[{"embeddable":true,"href":"https:\/\/www.koncevisiontv.cl\/web\/wp-json\/wp\/v2\/comments?post=11490"}],"version-history":[{"count":2,"href":"https:\/\/www.koncevisiontv.cl\/web\/wp-json\/wp\/v2\/posts\/11490\/revisions"}],"predecessor-version":[{"id":11493,"href":"https:\/\/www.koncevisiontv.cl\/web\/wp-json\/wp\/v2\/posts\/11490\/revisions\/11493"}],"wp:featuredmedia":[{"embeddable":true,"href":"https:\/\/www.koncevisiontv.cl\/web\/wp-json\/wp\/v2\/media\/11491"}],"wp:attachment":[{"href":"https:\/\/www.koncevisiontv.cl\/web\/wp-json\/wp\/v2\/media?parent=11490"}],"wp:term":[{"taxonomy":"category","embeddable":true,"href":"https:\/\/www.koncevisiontv.cl\/web\/wp-json\/wp\/v2\/categories?post=11490"},{"taxonomy":"post_tag","embeddable":true,"href":"https:\/\/www.koncevisiontv.cl\/web\/wp-json\/wp\/v2\/tags?post=11490"}],"curies":[{"name":"wp","href":"https:\/\/api.w.org\/{rel}","templated":true}]}}