{"id":11506,"date":"2025-10-16T16:03:03","date_gmt":"2025-10-16T19:03:03","guid":{"rendered":"https:\/\/www.koncevisiontv.cl\/web\/?p=11506"},"modified":"2025-10-16T16:03:06","modified_gmt":"2025-10-16T19:03:06","slug":"parisi-minimiza-querella-de-kaiser-lo-llama-lloron-y-critica-la-calidad-de-la-accion-judicial","status":"publish","type":"post","link":"https:\/\/www.koncevisiontv.cl\/web\/parisi-minimiza-querella-de-kaiser-lo-llama-lloron-y-critica-la-calidad-de-la-accion-judicial\/","title":{"rendered":"Parisi minimiza querella de Kaiser, lo llama &#8220;llor\u00f3n&#8221; y critica la calidad de la acci\u00f3n judicial."},"content":{"rendered":"\n<p class=\"wp-block-paragraph\">El candidato presidencial del Partido de la Gente, <strong>Franco Parisi<\/strong>, elev\u00f3 el tono de su enfrentamiento con <strong>Johannes Kaiser<\/strong>, a quien calific\u00f3 de <strong>\u201cllor\u00f3n\u201d<\/strong> tras la presentaci\u00f3n de una querella por parte del diputado del Partido Nacional Libertario.<\/p>\n\n\n\n<p class=\"wp-block-paragraph\">La acci\u00f3n judicial, que busca defender la honra de Kaiser ante supuestas afirmaciones sin sustento de Parisi, fue desestimada por el economista. Esta ma\u00f1ana, Parisi rompi\u00f3 su silencio sobre el caso, asegurando que la denuncia <strong>&#8220;le da lo mismo&#8221;<\/strong> e incluso ironiz\u00f3 con que &#8220;ya las echaba de menos&#8221;, dada la cantidad de acciones legales que ha enfrentado en otras candidaturas.<\/p>\n\n\n\n<p class=\"wp-block-paragraph\">Con un tono burl\u00f3n, Parisi desacredit\u00f3 la calidad del escrito judicial, se\u00f1alando que <strong>\u201cclaramente lo hizo un abogado de YouTube\u201d<\/strong> porque, a su juicio, &#8220;est\u00e1 s\u00faper mal hecha&#8221;.<\/p>\n\n\n\n<p class=\"wp-block-paragraph\">El origen de esta disputa se remonta a semanas atr\u00e1s, cuando Parisi impuls\u00f3 la denominada <strong>\u201cLey Kaiser\u201d<\/strong>, una propuesta para impedir que parlamentarios sigan cobrando su dieta mientras est\u00e1n en campa\u00f1a. En ese contexto, el abanderado del PDG emplaz\u00f3 directamente a Kaiser por el uso de recursos p\u00fablicos durante su gira presidencial &#8220;Ruta 4K&#8221;. Aunque Kaiser solicit\u00f3 un permiso sin goce de sueldo ese mismo d\u00eda, el conflicto escal\u00f3 hasta la querella, marcando un nuevo y tenso flanco en la carrera presidencial.<\/p>\n\n\n\n<p class=\"wp-block-paragraph\">Fuentes cercanas a Kaiser indican que el candidato ha evitado referirse a las declaraciones de Parisi para no darle tribuna ni desviar el foco de su campa\u00f1a.<\/p>\n\n\n\n<p class=\"wp-block-paragraph\"><\/p>\n","protected":false},"excerpt":{"rendered":"<p>El candidato presidencial del Partido de la Gente, Franco Parisi, elev\u00f3 el tono de su enfrentamiento con Johannes<\/p>\n","protected":false},"author":5,"featured_media":11507,"comment_status":"open","ping_status":"open","sticky":false,"template":"","format":"standard","meta":{"_crdt_document":"","_uag_custom_page_level_css":"","_sitemap_exclude":false,"_sitemap_priority":"","_sitemap_frequency":"","_joinchat":[],"footnotes":""},"categories":[447,14,444],"tags":[],"class_list":["post-11506","post","type-post","status-publish","format-standard","has-post-thumbnail","hentry","category-elecciones2025","category-nacional","category-presidenciales2025"],"featured_image_urls":{"full":["https:\/\/www.koncevisiontv.cl\/web\/wp-content\/uploads\/2025\/10\/lloron-1.png",768,402,false],"thumbnail":["https:\/\/www.koncevisiontv.cl\/web\/wp-content\/uploads\/2025\/10\/lloron-1-150x150.png",150,150,true],"medium":["https:\/\/www.koncevisiontv.cl\/web\/wp-content\/uploads\/2025\/10\/lloron-1-300x157.png",300,157,true],"medium_large":["https:\/\/www.koncevisiontv.cl\/web\/wp-content\/uploads\/2025\/10\/lloron-1.png",640,335,false],"large":["https:\/\/www.koncevisiontv.cl\/web\/wp-content\/uploads\/2025\/10\/lloron-1.png",640,335,false],"1536x1536":["https:\/\/www.koncevisiontv.cl\/web\/wp-content\/uploads\/2025\/10\/lloron-1.png",768,402,false],"2048x2048":["https:\/\/www.koncevisiontv.cl\/web\/wp-content\/uploads\/2025\/10\/lloron-1.png",768,402,false],"darknews-featured":["https:\/\/www.koncevisiontv.cl\/web\/wp-content\/uploads\/2025\/10\/lloron-1.png",768,402,false],"darknews-large":["https:\/\/www.koncevisiontv.cl\/web\/wp-content\/uploads\/2025\/10\/lloron-1.png",768,402,false],"darknews-medium":["https:\/\/www.koncevisiontv.cl\/web\/wp-content\/uploads\/2025\/10\/lloron-1-590x402.png",590,402,true]},"author_info":{"info":["Web-Master"]},"category_info":"<a href=\"https:\/\/www.koncevisiontv.cl\/web\/category\/elecciones2025\/\" rel=\"category tag\">Elecciones2025<\/a> <a href=\"https:\/\/www.koncevisiontv.cl\/web\/category\/nacional\/\" rel=\"category tag\">Nacional<\/a> <a href=\"https:\/\/www.koncevisiontv.cl\/web\/category\/presidenciales2025\/\" rel=\"category tag\">Presidenciales2025<\/a>","tag_info":"Presidenciales2025","comment_count":"0","uagb_featured_image_src":{"full":["https:\/\/www.koncevisiontv.cl\/web\/wp-content\/uploads\/2025\/10\/lloron-1.png",768,402,false],"thumbnail":["https:\/\/www.koncevisiontv.cl\/web\/wp-content\/uploads\/2025\/10\/lloron-1-150x150.png",150,150,true],"medium":["https:\/\/www.koncevisiontv.cl\/web\/wp-content\/uploads\/2025\/10\/lloron-1-300x157.png",300,157,true],"medium_large":["https:\/\/www.koncevisiontv.cl\/web\/wp-content\/uploads\/2025\/10\/lloron-1.png",640,335,false],"large":["https:\/\/www.koncevisiontv.cl\/web\/wp-content\/uploads\/2025\/10\/lloron-1.png",640,335,false],"1536x1536":["https:\/\/www.koncevisiontv.cl\/web\/wp-content\/uploads\/2025\/10\/lloron-1.png",768,402,false],"2048x2048":["https:\/\/www.koncevisiontv.cl\/web\/wp-content\/uploads\/2025\/10\/lloron-1.png",768,402,false],"darknews-featured":["https:\/\/www.koncevisiontv.cl\/web\/wp-content\/uploads\/2025\/10\/lloron-1.png",768,402,false],"darknews-large":["https:\/\/www.koncevisiontv.cl\/web\/wp-content\/uploads\/2025\/10\/lloron-1.png",768,402,false],"darknews-medium":["https:\/\/www.koncevisiontv.cl\/web\/wp-content\/uploads\/2025\/10\/lloron-1-590x402.png",590,402,true]},"uagb_author_info":{"display_name":"Web-Master","author_link":"https:\/\/www.koncevisiontv.cl\/web\/author\/koncevision\/"},"uagb_comment_info":0,"uagb_excerpt":"El candidato presidencial del Partido de la Gente, Franco Parisi, elev\u00f3 el tono de su enfrentamiento con Johannes","_links":{"self":[{"href":"https:\/\/www.koncevisiontv.cl\/web\/wp-json\/wp\/v2\/posts\/11506","targetHints":{"allow":["GET"]}}],"collection":[{"href":"https:\/\/www.koncevisiontv.cl\/web\/wp-json\/wp\/v2\/posts"}],"about":[{"href":"https:\/\/www.koncevisiontv.cl\/web\/wp-json\/wp\/v2\/types\/post"}],"author":[{"embeddable":true,"href":"https:\/\/www.koncevisiontv.cl\/web\/wp-json\/wp\/v2\/users\/5"}],"replies":[{"embeddable":true,"href":"https:\/\/www.koncevisiontv.cl\/web\/wp-json\/wp\/v2\/comments?post=11506"}],"version-history":[{"count":1,"href":"https:\/\/www.koncevisiontv.cl\/web\/wp-json\/wp\/v2\/posts\/11506\/revisions"}],"predecessor-version":[{"id":11508,"href":"https:\/\/www.koncevisiontv.cl\/web\/wp-json\/wp\/v2\/posts\/11506\/revisions\/11508"}],"wp:featuredmedia":[{"embeddable":true,"href":"https:\/\/www.koncevisiontv.cl\/web\/wp-json\/wp\/v2\/media\/11507"}],"wp:attachment":[{"href":"https:\/\/www.koncevisiontv.cl\/web\/wp-json\/wp\/v2\/media?parent=11506"}],"wp:term":[{"taxonomy":"category","embeddable":true,"href":"https:\/\/www.koncevisiontv.cl\/web\/wp-json\/wp\/v2\/categories?post=11506"},{"taxonomy":"post_tag","embeddable":true,"href":"https:\/\/www.koncevisiontv.cl\/web\/wp-json\/wp\/v2\/tags?post=11506"}],"curies":[{"name":"wp","href":"https:\/\/api.w.org\/{rel}","templated":true}]}}