{"id":11515,"date":"2025-10-16T17:01:23","date_gmt":"2025-10-16T20:01:23","guid":{"rendered":"https:\/\/www.koncevisiontv.cl\/web\/?p=11515"},"modified":"2025-10-16T17:01:26","modified_gmt":"2025-10-16T20:01:26","slug":"tricel-rechaza-reposicion-de-daniel-jadue-y-sella-su-exclusion-de-la-carrera-a-diputado","status":"publish","type":"post","link":"https:\/\/www.koncevisiontv.cl\/web\/tricel-rechaza-reposicion-de-daniel-jadue-y-sella-su-exclusion-de-la-carrera-a-diputado\/","title":{"rendered":"Tricel rechaza reposici\u00f3n de Daniel Jadue y sella su exclusi\u00f3n de la carrera a diputado."},"content":{"rendered":"\n<p class=\"wp-block-paragraph\">El <strong>Tribunal Calificador de Elecciones (Tricel)<\/strong> ha dictado la palabra final en el caso del exalcalde de Recoleta, <strong>Daniel Jadue<\/strong>, al <strong>rechazar por tres votos contra uno<\/strong> el recurso de reposici\u00f3n presentado por su defensa. Esta decisi\u00f3n sella la exclusi\u00f3n del imputado en el caso Farmacias Populares de la papeleta del Distrito 9 para las pr\u00f3ximas elecciones de diputado.<\/p>\n\n\n\n<p class=\"wp-block-paragraph\">El presidente (s) del Tricel, Mauricio Silva, explic\u00f3 que la defensa de Jadue, a cargo de los abogados Ciro Colombara y Aldo D\u00edaz, intentaba anular una sentencia definitiva dictada el 12 de septiembre, lo que jur\u00eddicamente es improcedente. Silva puntualiz\u00f3 que el recurso de reposici\u00f3n <strong>&#8220;no est\u00e1 concebido en la ley&#8221;<\/strong> para modificar fallos de naturaleza definitiva, sino solo interlocutoria.<\/p>\n\n\n\n<p class=\"wp-block-paragraph\">De esta forma, se <strong>agotan las v\u00edas en el Tricel<\/strong> para que el exalcalde pueda revertir su situaci\u00f3n y ser candidato.<\/p>\n\n\n\n<h3 class=\"wp-block-heading\">Reacciones de los querellantes<\/h3>\n\n\n\n<p class=\"wp-block-paragraph\">Desde la UDI, el abogado <strong>Pablo Toloza<\/strong> consider\u00f3 que el rechazo era esperable, pues la causa ya estaba &#8220;claramente ejecutoriada&#8221;. Toloza calific\u00f3 la acci\u00f3n de la defensa como una <strong>&#8220;maniobra&#8221;<\/strong> para obtener un certificado y poder llevar el caso al Tribunal Constitucional (TC). Asimismo, reafirm\u00f3 que Jadue &#8220;no ten\u00eda sus derechos ciudadanos&#8221; al momento de inscribir su candidatura.<\/p>\n\n\n\n<p class=\"wp-block-paragraph\">En la misma l\u00ednea, el abogado de RN, <strong>Marcelo Brunet<\/strong>, valor\u00f3 positivamente el fallo. &#8220;Ten\u00edamos certeza al respecto de que este ten\u00eda que ser el resultado. Era imposible que un candidato pudiera estar enfrentando cargos por cinco delitos con una prognosis de pena de 18 a 20 a\u00f1os&#8221;, declar\u00f3 Brunet.<\/p>\n","protected":false},"excerpt":{"rendered":"<p>El Tribunal Calificador de Elecciones (Tricel) ha dictado la palabra final en el caso del exalcalde de Recoleta,<\/p>\n","protected":false},"author":5,"featured_media":11516,"comment_status":"open","ping_status":"open","sticky":false,"template":"","format":"standard","meta":{"_crdt_document":"","_uag_custom_page_level_css":"","_sitemap_exclude":false,"_sitemap_priority":"","_sitemap_frequency":"","_joinchat":[],"footnotes":""},"categories":[14],"tags":[],"class_list":["post-11515","post","type-post","status-publish","format-standard","has-post-thumbnail","hentry","category-nacional"],"featured_image_urls":{"full":["https:\/\/www.koncevisiontv.cl\/web\/wp-content\/uploads\/2025\/10\/tricel-desestima-reclamo-de-daniel-jadue-y-no-podra-ser-candidato-a-diputado.png",1200,633,false],"thumbnail":["https:\/\/www.koncevisiontv.cl\/web\/wp-content\/uploads\/2025\/10\/tricel-desestima-reclamo-de-daniel-jadue-y-no-podra-ser-candidato-a-diputado-150x150.png",150,150,true],"medium":["https:\/\/www.koncevisiontv.cl\/web\/wp-content\/uploads\/2025\/10\/tricel-desestima-reclamo-de-daniel-jadue-y-no-podra-ser-candidato-a-diputado-300x158.png",300,158,true],"medium_large":["https:\/\/www.koncevisiontv.cl\/web\/wp-content\/uploads\/2025\/10\/tricel-desestima-reclamo-de-daniel-jadue-y-no-podra-ser-candidato-a-diputado-768x405.png",640,338,true],"large":["https:\/\/www.koncevisiontv.cl\/web\/wp-content\/uploads\/2025\/10\/tricel-desestima-reclamo-de-daniel-jadue-y-no-podra-ser-candidato-a-diputado-1024x540.png",640,338,true],"1536x1536":["https:\/\/www.koncevisiontv.cl\/web\/wp-content\/uploads\/2025\/10\/tricel-desestima-reclamo-de-daniel-jadue-y-no-podra-ser-candidato-a-diputado.png",1200,633,false],"2048x2048":["https:\/\/www.koncevisiontv.cl\/web\/wp-content\/uploads\/2025\/10\/tricel-desestima-reclamo-de-daniel-jadue-y-no-podra-ser-candidato-a-diputado.png",1200,633,false],"darknews-featured":["https:\/\/www.koncevisiontv.cl\/web\/wp-content\/uploads\/2025\/10\/tricel-desestima-reclamo-de-daniel-jadue-y-no-podra-ser-candidato-a-diputado-1024x540.png",1024,540,true],"darknews-large":["https:\/\/www.koncevisiontv.cl\/web\/wp-content\/uploads\/2025\/10\/tricel-desestima-reclamo-de-daniel-jadue-y-no-podra-ser-candidato-a-diputado-825x575.png",825,575,true],"darknews-medium":["https:\/\/www.koncevisiontv.cl\/web\/wp-content\/uploads\/2025\/10\/tricel-desestima-reclamo-de-daniel-jadue-y-no-podra-ser-candidato-a-diputado-590x410.png",590,410,true]},"author_info":{"info":["Web-Master"]},"category_info":"<a href=\"https:\/\/www.koncevisiontv.cl\/web\/category\/nacional\/\" rel=\"category tag\">Nacional<\/a>","tag_info":"Nacional","comment_count":"0","uagb_featured_image_src":{"full":["https:\/\/www.koncevisiontv.cl\/web\/wp-content\/uploads\/2025\/10\/tricel-desestima-reclamo-de-daniel-jadue-y-no-podra-ser-candidato-a-diputado.png",1200,633,false],"thumbnail":["https:\/\/www.koncevisiontv.cl\/web\/wp-content\/uploads\/2025\/10\/tricel-desestima-reclamo-de-daniel-jadue-y-no-podra-ser-candidato-a-diputado-150x150.png",150,150,true],"medium":["https:\/\/www.koncevisiontv.cl\/web\/wp-content\/uploads\/2025\/10\/tricel-desestima-reclamo-de-daniel-jadue-y-no-podra-ser-candidato-a-diputado-300x158.png",300,158,true],"medium_large":["https:\/\/www.koncevisiontv.cl\/web\/wp-content\/uploads\/2025\/10\/tricel-desestima-reclamo-de-daniel-jadue-y-no-podra-ser-candidato-a-diputado-768x405.png",640,338,true],"large":["https:\/\/www.koncevisiontv.cl\/web\/wp-content\/uploads\/2025\/10\/tricel-desestima-reclamo-de-daniel-jadue-y-no-podra-ser-candidato-a-diputado-1024x540.png",640,338,true],"1536x1536":["https:\/\/www.koncevisiontv.cl\/web\/wp-content\/uploads\/2025\/10\/tricel-desestima-reclamo-de-daniel-jadue-y-no-podra-ser-candidato-a-diputado.png",1200,633,false],"2048x2048":["https:\/\/www.koncevisiontv.cl\/web\/wp-content\/uploads\/2025\/10\/tricel-desestima-reclamo-de-daniel-jadue-y-no-podra-ser-candidato-a-diputado.png",1200,633,false],"darknews-featured":["https:\/\/www.koncevisiontv.cl\/web\/wp-content\/uploads\/2025\/10\/tricel-desestima-reclamo-de-daniel-jadue-y-no-podra-ser-candidato-a-diputado-1024x540.png",1024,540,true],"darknews-large":["https:\/\/www.koncevisiontv.cl\/web\/wp-content\/uploads\/2025\/10\/tricel-desestima-reclamo-de-daniel-jadue-y-no-podra-ser-candidato-a-diputado-825x575.png",825,575,true],"darknews-medium":["https:\/\/www.koncevisiontv.cl\/web\/wp-content\/uploads\/2025\/10\/tricel-desestima-reclamo-de-daniel-jadue-y-no-podra-ser-candidato-a-diputado-590x410.png",590,410,true]},"uagb_author_info":{"display_name":"Web-Master","author_link":"https:\/\/www.koncevisiontv.cl\/web\/author\/koncevision\/"},"uagb_comment_info":0,"uagb_excerpt":"El Tribunal Calificador de Elecciones (Tricel) ha dictado la palabra final en el caso del exalcalde de Recoleta,","_links":{"self":[{"href":"https:\/\/www.koncevisiontv.cl\/web\/wp-json\/wp\/v2\/posts\/11515","targetHints":{"allow":["GET"]}}],"collection":[{"href":"https:\/\/www.koncevisiontv.cl\/web\/wp-json\/wp\/v2\/posts"}],"about":[{"href":"https:\/\/www.koncevisiontv.cl\/web\/wp-json\/wp\/v2\/types\/post"}],"author":[{"embeddable":true,"href":"https:\/\/www.koncevisiontv.cl\/web\/wp-json\/wp\/v2\/users\/5"}],"replies":[{"embeddable":true,"href":"https:\/\/www.koncevisiontv.cl\/web\/wp-json\/wp\/v2\/comments?post=11515"}],"version-history":[{"count":1,"href":"https:\/\/www.koncevisiontv.cl\/web\/wp-json\/wp\/v2\/posts\/11515\/revisions"}],"predecessor-version":[{"id":11517,"href":"https:\/\/www.koncevisiontv.cl\/web\/wp-json\/wp\/v2\/posts\/11515\/revisions\/11517"}],"wp:featuredmedia":[{"embeddable":true,"href":"https:\/\/www.koncevisiontv.cl\/web\/wp-json\/wp\/v2\/media\/11516"}],"wp:attachment":[{"href":"https:\/\/www.koncevisiontv.cl\/web\/wp-json\/wp\/v2\/media?parent=11515"}],"wp:term":[{"taxonomy":"category","embeddable":true,"href":"https:\/\/www.koncevisiontv.cl\/web\/wp-json\/wp\/v2\/categories?post=11515"},{"taxonomy":"post_tag","embeddable":true,"href":"https:\/\/www.koncevisiontv.cl\/web\/wp-json\/wp\/v2\/tags?post=11515"}],"curies":[{"name":"wp","href":"https:\/\/api.w.org\/{rel}","templated":true}]}}