{"id":11519,"date":"2025-10-16T18:01:26","date_gmt":"2025-10-16T21:01:26","guid":{"rendered":"https:\/\/www.koncevisiontv.cl\/web\/?p=11519"},"modified":"2025-10-16T18:01:29","modified_gmt":"2025-10-16T21:01:29","slug":"rucalhue-depone-huelga-de-hambre-tras-cinco-dias-pero-sigue-acampando-en-plaza-espana-a-la-espera-de-acuerdo-con-autoridades-por-subsidio-habitacional","status":"publish","type":"post","link":"https:\/\/www.koncevisiontv.cl\/web\/rucalhue-depone-huelga-de-hambre-tras-cinco-dias-pero-sigue-acampando-en-plaza-espana-a-la-espera-de-acuerdo-con-autoridades-por-subsidio-habitacional\/","title":{"rendered":"Rucalhue depone huelga de hambre tras cinco d\u00edas, pero sigue acampando en plaza Espa\u00f1a a la espera de acuerdo con autoridades por subsidio habitacional."},"content":{"rendered":"\n<p class=\"wp-block-paragraph\">Los miembros del Comit\u00e9 Habitacional Rucalhue de Coronel, en la regi\u00f3n del B\u00edo B\u00edo, han puesto fin a la huelga de hambre que mantuvieron por cinco d\u00edas en la Plaza Espa\u00f1a de Concepci\u00f3n, donde acampan desde hace 17 d\u00edas. La decisi\u00f3n se tom\u00f3 luego de acordar una reuni\u00f3n con la Seremi y el alcalde de Coronel, lo que era la condici\u00f3n para deponer la medida de presi\u00f3n.<\/p>\n\n\n\n<p class=\"wp-block-paragraph\">Seg\u00fan detall\u00f3 Alejandro Escalona, presidente del Comit\u00e9, a Radio B\u00edo B\u00edo, el encuentro con las autoridades es visto con optimismo, aunque advirti\u00f3 que la huelga de hambre, depuesta el mi\u00e9rcoles, podr\u00eda ser retomada si no se logran avances. El dirigente explic\u00f3 que el acuerdo busca que la Seremi act\u00fae como intermediaria y garante en la revisi\u00f3n de sus carpetas, ya que acusan al Serviu de poner &#8220;trabas&#8221; y objetar &#8220;innumerables veces&#8221; el proyecto, impidiendo la calificaci\u00f3n necesaria para postular al subsidio.<\/p>\n\n\n\n<p class=\"wp-block-paragraph\">La urgencia se hizo evidente al tercer d\u00eda de la huelga, cuando varias vecinas sufrieron descompensaciones y debieron ser trasladadas al Hospital Regional. El objetivo principal es que se califiquen sus carpetas de una vez por todas, obteniendo el visto bueno para que la Ditec en Santiago realice la evaluaci\u00f3n final.<\/p>\n\n\n\n<p class=\"wp-block-paragraph\">Aunque cesaron la huelga y se comprometieron a no emitir ruidos en la plaza por orden de la delegaci\u00f3n, los integrantes del proyecto Rucalhue aseguraron que mantendr\u00e1n su campamento en Plaza Espa\u00f1a hasta conseguir una respuesta y un acuerdo definitivo a sus demandas.<\/p>\n","protected":false},"excerpt":{"rendered":"<p>Los miembros del Comit\u00e9 Habitacional Rucalhue de Coronel, en la regi\u00f3n del B\u00edo B\u00edo, han puesto fin a<\/p>\n","protected":false},"author":5,"featured_media":11520,"comment_status":"open","ping_status":"open","sticky":false,"template":"","format":"standard","meta":{"_crdt_document":"","_uag_custom_page_level_css":"","_sitemap_exclude":false,"_sitemap_priority":"","_sitemap_frequency":"","_joinchat":[],"footnotes":""},"categories":[226,219,14],"tags":[63],"class_list":["post-11519","post","type-post","status-publish","format-standard","has-post-thumbnail","hentry","category-concepcion","category-coronel","category-nacional","tag-regiondelbiobio"],"featured_image_urls":{"full":["https:\/\/www.koncevisiontv.cl\/web\/wp-content\/uploads\/2025\/10\/miembros-del-proyecto-rucalhue-deponen-huelga-de-hambre-pero-seguiran-acampando-en-plaza-espana.webp",1200,633,false],"thumbnail":["https:\/\/www.koncevisiontv.cl\/web\/wp-content\/uploads\/2025\/10\/miembros-del-proyecto-rucalhue-deponen-huelga-de-hambre-pero-seguiran-acampando-en-plaza-espana-150x150.webp",150,150,true],"medium":["https:\/\/www.koncevisiontv.cl\/web\/wp-content\/uploads\/2025\/10\/miembros-del-proyecto-rucalhue-deponen-huelga-de-hambre-pero-seguiran-acampando-en-plaza-espana-300x158.webp",300,158,true],"medium_large":["https:\/\/www.koncevisiontv.cl\/web\/wp-content\/uploads\/2025\/10\/miembros-del-proyecto-rucalhue-deponen-huelga-de-hambre-pero-seguiran-acampando-en-plaza-espana-768x405.webp",640,338,true],"large":["https:\/\/www.koncevisiontv.cl\/web\/wp-content\/uploads\/2025\/10\/miembros-del-proyecto-rucalhue-deponen-huelga-de-hambre-pero-seguiran-acampando-en-plaza-espana-1024x540.webp",640,338,true],"1536x1536":["https:\/\/www.koncevisiontv.cl\/web\/wp-content\/uploads\/2025\/10\/miembros-del-proyecto-rucalhue-deponen-huelga-de-hambre-pero-seguiran-acampando-en-plaza-espana.webp",1200,633,false],"2048x2048":["https:\/\/www.koncevisiontv.cl\/web\/wp-content\/uploads\/2025\/10\/miembros-del-proyecto-rucalhue-deponen-huelga-de-hambre-pero-seguiran-acampando-en-plaza-espana.webp",1200,633,false],"darknews-featured":["https:\/\/www.koncevisiontv.cl\/web\/wp-content\/uploads\/2025\/10\/miembros-del-proyecto-rucalhue-deponen-huelga-de-hambre-pero-seguiran-acampando-en-plaza-espana-1024x540.webp",1024,540,true],"darknews-large":["https:\/\/www.koncevisiontv.cl\/web\/wp-content\/uploads\/2025\/10\/miembros-del-proyecto-rucalhue-deponen-huelga-de-hambre-pero-seguiran-acampando-en-plaza-espana-825x575.webp",825,575,true],"darknews-medium":["https:\/\/www.koncevisiontv.cl\/web\/wp-content\/uploads\/2025\/10\/miembros-del-proyecto-rucalhue-deponen-huelga-de-hambre-pero-seguiran-acampando-en-plaza-espana-590x410.webp",590,410,true]},"author_info":{"info":["Web-Master"]},"category_info":"<a href=\"https:\/\/www.koncevisiontv.cl\/web\/category\/concepcion\/\" rel=\"category tag\">Concepcion<\/a> <a href=\"https:\/\/www.koncevisiontv.cl\/web\/category\/coronel\/\" rel=\"category tag\">Coronel<\/a> <a href=\"https:\/\/www.koncevisiontv.cl\/web\/category\/nacional\/\" rel=\"category tag\">Nacional<\/a>","tag_info":"Nacional","comment_count":"0","uagb_featured_image_src":{"full":["https:\/\/www.koncevisiontv.cl\/web\/wp-content\/uploads\/2025\/10\/miembros-del-proyecto-rucalhue-deponen-huelga-de-hambre-pero-seguiran-acampando-en-plaza-espana.webp",1200,633,false],"thumbnail":["https:\/\/www.koncevisiontv.cl\/web\/wp-content\/uploads\/2025\/10\/miembros-del-proyecto-rucalhue-deponen-huelga-de-hambre-pero-seguiran-acampando-en-plaza-espana-150x150.webp",150,150,true],"medium":["https:\/\/www.koncevisiontv.cl\/web\/wp-content\/uploads\/2025\/10\/miembros-del-proyecto-rucalhue-deponen-huelga-de-hambre-pero-seguiran-acampando-en-plaza-espana-300x158.webp",300,158,true],"medium_large":["https:\/\/www.koncevisiontv.cl\/web\/wp-content\/uploads\/2025\/10\/miembros-del-proyecto-rucalhue-deponen-huelga-de-hambre-pero-seguiran-acampando-en-plaza-espana-768x405.webp",640,338,true],"large":["https:\/\/www.koncevisiontv.cl\/web\/wp-content\/uploads\/2025\/10\/miembros-del-proyecto-rucalhue-deponen-huelga-de-hambre-pero-seguiran-acampando-en-plaza-espana-1024x540.webp",640,338,true],"1536x1536":["https:\/\/www.koncevisiontv.cl\/web\/wp-content\/uploads\/2025\/10\/miembros-del-proyecto-rucalhue-deponen-huelga-de-hambre-pero-seguiran-acampando-en-plaza-espana.webp",1200,633,false],"2048x2048":["https:\/\/www.koncevisiontv.cl\/web\/wp-content\/uploads\/2025\/10\/miembros-del-proyecto-rucalhue-deponen-huelga-de-hambre-pero-seguiran-acampando-en-plaza-espana.webp",1200,633,false],"darknews-featured":["https:\/\/www.koncevisiontv.cl\/web\/wp-content\/uploads\/2025\/10\/miembros-del-proyecto-rucalhue-deponen-huelga-de-hambre-pero-seguiran-acampando-en-plaza-espana-1024x540.webp",1024,540,true],"darknews-large":["https:\/\/www.koncevisiontv.cl\/web\/wp-content\/uploads\/2025\/10\/miembros-del-proyecto-rucalhue-deponen-huelga-de-hambre-pero-seguiran-acampando-en-plaza-espana-825x575.webp",825,575,true],"darknews-medium":["https:\/\/www.koncevisiontv.cl\/web\/wp-content\/uploads\/2025\/10\/miembros-del-proyecto-rucalhue-deponen-huelga-de-hambre-pero-seguiran-acampando-en-plaza-espana-590x410.webp",590,410,true]},"uagb_author_info":{"display_name":"Web-Master","author_link":"https:\/\/www.koncevisiontv.cl\/web\/author\/koncevision\/"},"uagb_comment_info":0,"uagb_excerpt":"Los miembros del Comit\u00e9 Habitacional Rucalhue de Coronel, en la regi\u00f3n del B\u00edo B\u00edo, han puesto fin a","_links":{"self":[{"href":"https:\/\/www.koncevisiontv.cl\/web\/wp-json\/wp\/v2\/posts\/11519","targetHints":{"allow":["GET"]}}],"collection":[{"href":"https:\/\/www.koncevisiontv.cl\/web\/wp-json\/wp\/v2\/posts"}],"about":[{"href":"https:\/\/www.koncevisiontv.cl\/web\/wp-json\/wp\/v2\/types\/post"}],"author":[{"embeddable":true,"href":"https:\/\/www.koncevisiontv.cl\/web\/wp-json\/wp\/v2\/users\/5"}],"replies":[{"embeddable":true,"href":"https:\/\/www.koncevisiontv.cl\/web\/wp-json\/wp\/v2\/comments?post=11519"}],"version-history":[{"count":1,"href":"https:\/\/www.koncevisiontv.cl\/web\/wp-json\/wp\/v2\/posts\/11519\/revisions"}],"predecessor-version":[{"id":11521,"href":"https:\/\/www.koncevisiontv.cl\/web\/wp-json\/wp\/v2\/posts\/11519\/revisions\/11521"}],"wp:featuredmedia":[{"embeddable":true,"href":"https:\/\/www.koncevisiontv.cl\/web\/wp-json\/wp\/v2\/media\/11520"}],"wp:attachment":[{"href":"https:\/\/www.koncevisiontv.cl\/web\/wp-json\/wp\/v2\/media?parent=11519"}],"wp:term":[{"taxonomy":"category","embeddable":true,"href":"https:\/\/www.koncevisiontv.cl\/web\/wp-json\/wp\/v2\/categories?post=11519"},{"taxonomy":"post_tag","embeddable":true,"href":"https:\/\/www.koncevisiontv.cl\/web\/wp-json\/wp\/v2\/tags?post=11519"}],"curies":[{"name":"wp","href":"https:\/\/api.w.org\/{rel}","templated":true}]}}