{"id":11522,"date":"2025-10-17T12:11:13","date_gmt":"2025-10-17T15:11:13","guid":{"rendered":"https:\/\/www.koncevisiontv.cl\/web\/?p=11522"},"modified":"2025-10-17T12:11:17","modified_gmt":"2025-10-17T15:11:17","slug":"cancilleria-declara-dato-sensible-el-costo-de-la-campana-de-michelle-bachelet-a-la-onu-y-desata-controversia-presupuestaria","status":"publish","type":"post","link":"https:\/\/www.koncevisiontv.cl\/web\/cancilleria-declara-dato-sensible-el-costo-de-la-campana-de-michelle-bachelet-a-la-onu-y-desata-controversia-presupuestaria\/","title":{"rendered":"Canciller\u00eda declara &#8220;dato sensible&#8221; el costo de la campa\u00f1a de Michelle Bachelet a la ONU y desata controversia presupuestaria"},"content":{"rendered":"\n<p class=\"wp-block-paragraph\"><strong>Santiago.-<\/strong> La pugna pol\u00edtica entre el oficialismo y la oposici\u00f3n escal\u00f3 este jueves en el Congreso, centr\u00e1ndose nuevamente en la postulaci\u00f3n de la expresidenta Michelle Bachelet a la secretar\u00eda general de las Naciones Unidas (ONU). En medio de la discusi\u00f3n del Presupuesto 2026, la Canciller\u00eda chilena se neg\u00f3 a revelar el monto destinado a la campa\u00f1a, calific\u00e1ndolo de &#8220;dato sensible&#8221; y de &#8220;inter\u00e9s nacional&#8221;, con lo que le otorg\u00f3 car\u00e1cter reservado.<\/p>\n\n\n\n<p class=\"wp-block-paragraph\">Esta decisi\u00f3n del Ministerio de Relaciones Exteriores encendi\u00f3 las alarmas de la oposici\u00f3n, que acusa falta de transparencia en el uso de recursos p\u00fablicos. La controversia llev\u00f3 a la tercera subcomisi\u00f3n mixta a tomar una dr\u00e1stica determinaci\u00f3n: no votar la partida de la Canciller\u00eda y enviarla directamente a la Comisi\u00f3n Mixta, buscando evitar un rechazo inmediato por parte de la derecha, que hab\u00eda condicionado su aprobaci\u00f3n a la clarificaci\u00f3n de los gastos de la candidatura.<\/p>\n\n\n\n<p class=\"wp-block-paragraph\"><strong>&#8220;Ins\u00f3lito&#8221;: La oposici\u00f3n critica el secretismo<\/strong><\/p>\n\n\n\n<p class=\"wp-block-paragraph\">La reserva del monto gener\u00f3 inmediatas y duras reacciones en la oposici\u00f3n. El diputado republicano Agust\u00edn Romero calific\u00f3 la postura del Gobierno como &#8220;ins\u00f3lita&#8221; y lo acus\u00f3 de ocultar la informaci\u00f3n para proteger sus &#8220;intereses pol\u00edticos&#8221;. &#8220;Cu\u00e1nto se gasta en promover a una expresidenta es m\u00e1s secreto que incluso las capacidades de nuestras Fuerzas Armadas o de Carabineros&#8221;, sentenci\u00f3 el parlamentario.<\/p>\n\n\n\n<p class=\"wp-block-paragraph\">Por su parte, el diputado de Renovaci\u00f3n Nacional e integrante de la Comisi\u00f3n de Relaciones Exteriores, Diego Schalper, lament\u00f3 la gesti\u00f3n del Ejecutivo, sosteniendo que, si se quer\u00eda que la candidatura fuera un verdadero &#8220;tema de Estado&#8221;, debieron transparentar los gastos desde el inicio y buscar un acuerdo pol\u00edtico amplio con los diversos sectores.<\/p>\n\n\n\n<p class=\"wp-block-paragraph\"><strong>Oficialismo llama a la calma y transparencia futura<\/strong><\/p>\n\n\n\n<p class=\"wp-block-paragraph\">En el oficialismo, el senador Juan Ignacio Latorre (Frente Amplio), miembro de la Comisi\u00f3n de Relaciones Exteriores del Senado, defendi\u00f3 que la instancia presupuestaria ser\u00e1 la clave para la clarificaci\u00f3n. &#8220;No me cabe duda que a medida que vaya avanzando este tr\u00e1mite se ir\u00e1 transparentando toda la informaci\u00f3n&#8221;, afirm\u00f3 Latorre, reiterando la necesidad de que la postulaci\u00f3n de Bachelet sea considerada una &#8220;pol\u00edtica de Estado&#8221;.<\/p>\n\n\n\n<p class=\"wp-block-paragraph\">La discusi\u00f3n por los recursos de la Canciller\u00eda continuar\u00e1 en las pr\u00f3ximas semanas en la Comisi\u00f3n Mixta, donde el Gobierno se ver\u00e1 presionado a levantar el manto de secretismo sobre los costos de la campa\u00f1a. Mientras tanto, la expresidenta Michelle Bachelet sigue con su despliegue internacional, en medio de la disputa presupuestaria y pol\u00edtica en su propio pa\u00eds.<\/p>\n","protected":false},"excerpt":{"rendered":"<p>Santiago.- La pugna pol\u00edtica entre el oficialismo y la oposici\u00f3n escal\u00f3 este jueves en el Congreso, centr\u00e1ndose nuevamente<\/p>\n","protected":false},"author":5,"featured_media":11523,"comment_status":"open","ping_status":"open","sticky":false,"template":"","format":"standard","meta":{"_crdt_document":"","_uag_custom_page_level_css":"","_sitemap_exclude":false,"_sitemap_priority":"","_sitemap_frequency":"","_joinchat":[],"footnotes":""},"categories":[14],"tags":[],"class_list":["post-11522","post","type-post","status-publish","format-standard","has-post-thumbnail","hentry","category-nacional"],"featured_image_urls":{"full":["https:\/\/www.koncevisiontv.cl\/web\/wp-content\/uploads\/2025\/10\/campana-bachelet.webp",1484,826,false],"thumbnail":["https:\/\/www.koncevisiontv.cl\/web\/wp-content\/uploads\/2025\/10\/campana-bachelet-150x150.webp",150,150,true],"medium":["https:\/\/www.koncevisiontv.cl\/web\/wp-content\/uploads\/2025\/10\/campana-bachelet-300x167.webp",300,167,true],"medium_large":["https:\/\/www.koncevisiontv.cl\/web\/wp-content\/uploads\/2025\/10\/campana-bachelet-768x427.webp",640,356,true],"large":["https:\/\/www.koncevisiontv.cl\/web\/wp-content\/uploads\/2025\/10\/campana-bachelet-1024x570.webp",640,356,true],"1536x1536":["https:\/\/www.koncevisiontv.cl\/web\/wp-content\/uploads\/2025\/10\/campana-bachelet.webp",1484,826,false],"2048x2048":["https:\/\/www.koncevisiontv.cl\/web\/wp-content\/uploads\/2025\/10\/campana-bachelet.webp",1484,826,false],"darknews-featured":["https:\/\/www.koncevisiontv.cl\/web\/wp-content\/uploads\/2025\/10\/campana-bachelet-1024x570.webp",1024,570,true],"darknews-large":["https:\/\/www.koncevisiontv.cl\/web\/wp-content\/uploads\/2025\/10\/campana-bachelet-825x575.webp",825,575,true],"darknews-medium":["https:\/\/www.koncevisiontv.cl\/web\/wp-content\/uploads\/2025\/10\/campana-bachelet-590x410.webp",590,410,true]},"author_info":{"info":["Web-Master"]},"category_info":"<a href=\"https:\/\/www.koncevisiontv.cl\/web\/category\/nacional\/\" rel=\"category tag\">Nacional<\/a>","tag_info":"Nacional","comment_count":"0","uagb_featured_image_src":{"full":["https:\/\/www.koncevisiontv.cl\/web\/wp-content\/uploads\/2025\/10\/campana-bachelet.webp",1484,826,false],"thumbnail":["https:\/\/www.koncevisiontv.cl\/web\/wp-content\/uploads\/2025\/10\/campana-bachelet-150x150.webp",150,150,true],"medium":["https:\/\/www.koncevisiontv.cl\/web\/wp-content\/uploads\/2025\/10\/campana-bachelet-300x167.webp",300,167,true],"medium_large":["https:\/\/www.koncevisiontv.cl\/web\/wp-content\/uploads\/2025\/10\/campana-bachelet-768x427.webp",640,356,true],"large":["https:\/\/www.koncevisiontv.cl\/web\/wp-content\/uploads\/2025\/10\/campana-bachelet-1024x570.webp",640,356,true],"1536x1536":["https:\/\/www.koncevisiontv.cl\/web\/wp-content\/uploads\/2025\/10\/campana-bachelet.webp",1484,826,false],"2048x2048":["https:\/\/www.koncevisiontv.cl\/web\/wp-content\/uploads\/2025\/10\/campana-bachelet.webp",1484,826,false],"darknews-featured":["https:\/\/www.koncevisiontv.cl\/web\/wp-content\/uploads\/2025\/10\/campana-bachelet-1024x570.webp",1024,570,true],"darknews-large":["https:\/\/www.koncevisiontv.cl\/web\/wp-content\/uploads\/2025\/10\/campana-bachelet-825x575.webp",825,575,true],"darknews-medium":["https:\/\/www.koncevisiontv.cl\/web\/wp-content\/uploads\/2025\/10\/campana-bachelet-590x410.webp",590,410,true]},"uagb_author_info":{"display_name":"Web-Master","author_link":"https:\/\/www.koncevisiontv.cl\/web\/author\/koncevision\/"},"uagb_comment_info":0,"uagb_excerpt":"Santiago.- La pugna pol\u00edtica entre el oficialismo y la oposici\u00f3n escal\u00f3 este jueves en el Congreso, centr\u00e1ndose nuevamente","_links":{"self":[{"href":"https:\/\/www.koncevisiontv.cl\/web\/wp-json\/wp\/v2\/posts\/11522","targetHints":{"allow":["GET"]}}],"collection":[{"href":"https:\/\/www.koncevisiontv.cl\/web\/wp-json\/wp\/v2\/posts"}],"about":[{"href":"https:\/\/www.koncevisiontv.cl\/web\/wp-json\/wp\/v2\/types\/post"}],"author":[{"embeddable":true,"href":"https:\/\/www.koncevisiontv.cl\/web\/wp-json\/wp\/v2\/users\/5"}],"replies":[{"embeddable":true,"href":"https:\/\/www.koncevisiontv.cl\/web\/wp-json\/wp\/v2\/comments?post=11522"}],"version-history":[{"count":1,"href":"https:\/\/www.koncevisiontv.cl\/web\/wp-json\/wp\/v2\/posts\/11522\/revisions"}],"predecessor-version":[{"id":11524,"href":"https:\/\/www.koncevisiontv.cl\/web\/wp-json\/wp\/v2\/posts\/11522\/revisions\/11524"}],"wp:featuredmedia":[{"embeddable":true,"href":"https:\/\/www.koncevisiontv.cl\/web\/wp-json\/wp\/v2\/media\/11523"}],"wp:attachment":[{"href":"https:\/\/www.koncevisiontv.cl\/web\/wp-json\/wp\/v2\/media?parent=11522"}],"wp:term":[{"taxonomy":"category","embeddable":true,"href":"https:\/\/www.koncevisiontv.cl\/web\/wp-json\/wp\/v2\/categories?post=11522"},{"taxonomy":"post_tag","embeddable":true,"href":"https:\/\/www.koncevisiontv.cl\/web\/wp-json\/wp\/v2\/tags?post=11522"}],"curies":[{"name":"wp","href":"https:\/\/api.w.org\/{rel}","templated":true}]}}