{"id":11525,"date":"2025-10-17T12:24:34","date_gmt":"2025-10-17T15:24:34","guid":{"rendered":"https:\/\/www.koncevisiontv.cl\/web\/?p=11525"},"modified":"2025-10-17T12:24:36","modified_gmt":"2025-10-17T15:24:36","slug":"descubren-centenar-de-videos-de-abuso-sexual-infantil-tras-denuncia-por-espionaje-a-menor-en-bio-bio","status":"publish","type":"post","link":"https:\/\/www.koncevisiontv.cl\/web\/descubren-centenar-de-videos-de-abuso-sexual-infantil-tras-denuncia-por-espionaje-a-menor-en-bio-bio\/","title":{"rendered":"Descubren centenar de videos de abuso sexual infantil tras denuncia por espionaje a menor en B\u00edo B\u00edo"},"content":{"rendered":"\n<p class=\"wp-block-paragraph\"><strong>Concepci\u00f3n.-<\/strong> Un grave hallazgo en la regi\u00f3n del B\u00edo B\u00edo ha llevado a la detenci\u00f3n de un hombre de 32 a\u00f1os, imputado por el delito de producci\u00f3n y almacenamiento de material pornogr\u00e1fico infantil. El caso sali\u00f3 a la luz tras un incidente que involucr\u00f3 a un miembro de su propia familia.<\/p>\n\n\n\n<p class=\"wp-block-paragraph\">La detenci\u00f3n se concret\u00f3 luego de que el sujeto fuera denunciado por sorprender y espiar a una menor de edad en el ba\u00f1o. A ra\u00edz de esta grave acusaci\u00f3n, la Polic\u00eda de Investigaciones (PDI) inici\u00f3 una investigaci\u00f3n, concentrando sus esfuerzos en el peritaje del tel\u00e9fono m\u00f3vil del acusado.<\/p>\n\n\n\n<p class=\"wp-block-paragraph\">El an\u00e1lisis del dispositivo, a cargo de la Brigada Investigadora del Cibercrimen de Concepci\u00f3n, arroj\u00f3 un resultado alarmante: se encontraron <strong>m\u00e1s de un centenar de videos de abuso sexual infantil<\/strong>.<\/p>\n\n\n\n<p class=\"wp-block-paragraph\">El subprefecto Jorge Domke, jefe del Cibercrimen Concepci\u00f3n, confirm\u00f3 que el peritaje al celular comprob\u00f3 que el imputado no solo hab\u00eda grabado a la menor que lo denunci\u00f3, sino que tambi\u00e9n pose\u00eda numerosos archivos audiovisuales catalogados y penados por la ley como material de explotaci\u00f3n sexual infantil.<\/p>\n\n\n\n<p class=\"wp-block-paragraph\">La PDI puso al detenido a disposici\u00f3n de la justicia para su control de detenci\u00f3n y formalizaci\u00f3n por los delitos correspondientes.<\/p>\n\n\n\n<hr class=\"wp-block-separator has-alpha-channel-opacity\"\/>\n\n\n\n<p class=\"wp-block-paragraph\"><strong>Nota del editor:<\/strong> De acuerdo con el Art\u00edculo 04 del C\u00f3digo Procesal Penal, este es un proceso judicial en curso. No se debe considerar al imputado como culpable hasta que la Justicia dicte sentencia en su contra.<\/p>\n","protected":false},"excerpt":{"rendered":"<p>Concepci\u00f3n.- Un grave hallazgo en la regi\u00f3n del B\u00edo B\u00edo ha llevado a la detenci\u00f3n de un hombre<\/p>\n","protected":false},"author":5,"featured_media":11526,"comment_status":"open","ping_status":"open","sticky":false,"template":"","format":"standard","meta":{"_crdt_document":"","_uag_custom_page_level_css":"","_sitemap_exclude":false,"_sitemap_priority":"","_sitemap_frequency":"","_joinchat":[],"footnotes":""},"categories":[1,226,14],"tags":[46,63],"class_list":["post-11525","post","type-post","status-publish","format-standard","has-post-thumbnail","hentry","category-bio-bio","category-concepcion","category-nacional","tag-concepcion","tag-regiondelbiobio"],"featured_image_urls":{"full":["https:\/\/www.koncevisiontv.cl\/web\/wp-content\/uploads\/2025\/10\/detenido-pornografia-infantil-concepcion.webp",1200,633,false],"thumbnail":["https:\/\/www.koncevisiontv.cl\/web\/wp-content\/uploads\/2025\/10\/detenido-pornografia-infantil-concepcion-150x150.webp",150,150,true],"medium":["https:\/\/www.koncevisiontv.cl\/web\/wp-content\/uploads\/2025\/10\/detenido-pornografia-infantil-concepcion-300x158.webp",300,158,true],"medium_large":["https:\/\/www.koncevisiontv.cl\/web\/wp-content\/uploads\/2025\/10\/detenido-pornografia-infantil-concepcion-768x405.webp",640,338,true],"large":["https:\/\/www.koncevisiontv.cl\/web\/wp-content\/uploads\/2025\/10\/detenido-pornografia-infantil-concepcion-1024x540.webp",640,338,true],"1536x1536":["https:\/\/www.koncevisiontv.cl\/web\/wp-content\/uploads\/2025\/10\/detenido-pornografia-infantil-concepcion.webp",1200,633,false],"2048x2048":["https:\/\/www.koncevisiontv.cl\/web\/wp-content\/uploads\/2025\/10\/detenido-pornografia-infantil-concepcion.webp",1200,633,false],"darknews-featured":["https:\/\/www.koncevisiontv.cl\/web\/wp-content\/uploads\/2025\/10\/detenido-pornografia-infantil-concepcion-1024x540.webp",1024,540,true],"darknews-large":["https:\/\/www.koncevisiontv.cl\/web\/wp-content\/uploads\/2025\/10\/detenido-pornografia-infantil-concepcion-825x575.webp",825,575,true],"darknews-medium":["https:\/\/www.koncevisiontv.cl\/web\/wp-content\/uploads\/2025\/10\/detenido-pornografia-infantil-concepcion-590x410.webp",590,410,true]},"author_info":{"info":["Web-Master"]},"category_info":"<a href=\"https:\/\/www.koncevisiontv.cl\/web\/category\/bio-bio\/\" rel=\"category tag\">Bio-B\u00edo<\/a> <a href=\"https:\/\/www.koncevisiontv.cl\/web\/category\/concepcion\/\" rel=\"category tag\">Concepcion<\/a> <a href=\"https:\/\/www.koncevisiontv.cl\/web\/category\/nacional\/\" rel=\"category tag\">Nacional<\/a>","tag_info":"Nacional","comment_count":"0","uagb_featured_image_src":{"full":["https:\/\/www.koncevisiontv.cl\/web\/wp-content\/uploads\/2025\/10\/detenido-pornografia-infantil-concepcion.webp",1200,633,false],"thumbnail":["https:\/\/www.koncevisiontv.cl\/web\/wp-content\/uploads\/2025\/10\/detenido-pornografia-infantil-concepcion-150x150.webp",150,150,true],"medium":["https:\/\/www.koncevisiontv.cl\/web\/wp-content\/uploads\/2025\/10\/detenido-pornografia-infantil-concepcion-300x158.webp",300,158,true],"medium_large":["https:\/\/www.koncevisiontv.cl\/web\/wp-content\/uploads\/2025\/10\/detenido-pornografia-infantil-concepcion-768x405.webp",640,338,true],"large":["https:\/\/www.koncevisiontv.cl\/web\/wp-content\/uploads\/2025\/10\/detenido-pornografia-infantil-concepcion-1024x540.webp",640,338,true],"1536x1536":["https:\/\/www.koncevisiontv.cl\/web\/wp-content\/uploads\/2025\/10\/detenido-pornografia-infantil-concepcion.webp",1200,633,false],"2048x2048":["https:\/\/www.koncevisiontv.cl\/web\/wp-content\/uploads\/2025\/10\/detenido-pornografia-infantil-concepcion.webp",1200,633,false],"darknews-featured":["https:\/\/www.koncevisiontv.cl\/web\/wp-content\/uploads\/2025\/10\/detenido-pornografia-infantil-concepcion-1024x540.webp",1024,540,true],"darknews-large":["https:\/\/www.koncevisiontv.cl\/web\/wp-content\/uploads\/2025\/10\/detenido-pornografia-infantil-concepcion-825x575.webp",825,575,true],"darknews-medium":["https:\/\/www.koncevisiontv.cl\/web\/wp-content\/uploads\/2025\/10\/detenido-pornografia-infantil-concepcion-590x410.webp",590,410,true]},"uagb_author_info":{"display_name":"Web-Master","author_link":"https:\/\/www.koncevisiontv.cl\/web\/author\/koncevision\/"},"uagb_comment_info":0,"uagb_excerpt":"Concepci\u00f3n.- Un grave hallazgo en la regi\u00f3n del B\u00edo B\u00edo ha llevado a la detenci\u00f3n de un hombre","_links":{"self":[{"href":"https:\/\/www.koncevisiontv.cl\/web\/wp-json\/wp\/v2\/posts\/11525","targetHints":{"allow":["GET"]}}],"collection":[{"href":"https:\/\/www.koncevisiontv.cl\/web\/wp-json\/wp\/v2\/posts"}],"about":[{"href":"https:\/\/www.koncevisiontv.cl\/web\/wp-json\/wp\/v2\/types\/post"}],"author":[{"embeddable":true,"href":"https:\/\/www.koncevisiontv.cl\/web\/wp-json\/wp\/v2\/users\/5"}],"replies":[{"embeddable":true,"href":"https:\/\/www.koncevisiontv.cl\/web\/wp-json\/wp\/v2\/comments?post=11525"}],"version-history":[{"count":1,"href":"https:\/\/www.koncevisiontv.cl\/web\/wp-json\/wp\/v2\/posts\/11525\/revisions"}],"predecessor-version":[{"id":11527,"href":"https:\/\/www.koncevisiontv.cl\/web\/wp-json\/wp\/v2\/posts\/11525\/revisions\/11527"}],"wp:featuredmedia":[{"embeddable":true,"href":"https:\/\/www.koncevisiontv.cl\/web\/wp-json\/wp\/v2\/media\/11526"}],"wp:attachment":[{"href":"https:\/\/www.koncevisiontv.cl\/web\/wp-json\/wp\/v2\/media?parent=11525"}],"wp:term":[{"taxonomy":"category","embeddable":true,"href":"https:\/\/www.koncevisiontv.cl\/web\/wp-json\/wp\/v2\/categories?post=11525"},{"taxonomy":"post_tag","embeddable":true,"href":"https:\/\/www.koncevisiontv.cl\/web\/wp-json\/wp\/v2\/tags?post=11525"}],"curies":[{"name":"wp","href":"https:\/\/api.w.org\/{rel}","templated":true}]}}