{"id":11531,"date":"2025-10-17T13:26:14","date_gmt":"2025-10-17T16:26:14","guid":{"rendered":"https:\/\/www.koncevisiontv.cl\/web\/?p=11531"},"modified":"2025-10-17T13:26:16","modified_gmt":"2025-10-17T16:26:16","slug":"franco-parisi-arremete-contra-el-general-iturriaga-no-puede-estar-llorando-por-plata-en-los-medios","status":"publish","type":"post","link":"https:\/\/www.koncevisiontv.cl\/web\/franco-parisi-arremete-contra-el-general-iturriaga-no-puede-estar-llorando-por-plata-en-los-medios\/","title":{"rendered":"Franco Parisi arremete contra el general Iturriaga: &#8220;No puede estar llorando por plata en los medios&#8221;"},"content":{"rendered":"\n<p class=\"wp-block-paragraph\"><strong>Santiago.-<\/strong> El debate sobre el Presupuesto 2026 y la solicitud de mayores recursos por parte del Ej\u00e9rcito gener\u00f3 una dura cr\u00edtica del candidato presidencial del Partido de la Gente (PDG), Franco Parisi, dirigida al comandante en jefe de la instituci\u00f3n, general Javier Iturriaga.<\/p>\n\n\n\n<p class=\"wp-block-paragraph\">Parisi cuestion\u00f3 abiertamente las recientes declaraciones del Ej\u00e9rcito ante la subcomisi\u00f3n mixta de Presupuestos del Senado, donde se expuso la falta de fondos.<\/p>\n\n\n\n<p class=\"wp-block-paragraph\">En el programa &#8220;Candidato, lleg\u00f3 tu hora&#8221; de TVN, el aspirante a La Moneda no ocult\u00f3 su molestia y fue enf\u00e1tico al se\u00f1alar que una autoridad militar de ese rango debe manejar el tema con discreci\u00f3n.<\/p>\n\n\n\n<p class=\"wp-block-paragraph\">\u201cNo me gust\u00f3 cuando el comandante en jefe del Ej\u00e9rcito sali\u00f3 diciendo que no hab\u00eda presupuesto. Yo creo que me habr\u00eda molestado bastante si me lo hace a m\u00ed\u201d, comenz\u00f3 Parisi, a\u00f1adiendo una cr\u00edtica directa: <strong>\u201cUn militar del rango de \u00e9l no puede estar llorando por plata en los medios de comunicaci\u00f3n. Eso no se hace. Fue una falta de respeto a mi juicio. Lo saco de inmediato\u201d<\/strong>.<\/p>\n\n\n\n<p class=\"wp-block-paragraph\">El l\u00edder del PDG, adem\u00e1s, manifest\u00f3 que, de ser Presidente, no habr\u00eda dudado en solicitar la renuncia de Iturriaga tras estas declaraciones.<\/p>\n\n\n\n<p class=\"wp-block-paragraph\">En otro punto de la discusi\u00f3n, Parisi tambi\u00e9n se refiri\u00f3 al rol de las Fuerzas Armadas en la seguridad p\u00fablica, sosteniendo que deben estar al servicio de la autoridad civil. &#8220;Al Presidente se le obedece. Las FFAA son jer\u00e1rquicas (&#8230;). El comandante en jefe, de todas las FFAA, es el Presidente de la Rep\u00fablica, lo dice la Constituci\u00f3n\u201d, record\u00f3.<\/p>\n","protected":false},"excerpt":{"rendered":"<p>Santiago.- El debate sobre el Presupuesto 2026 y la solicitud de mayores recursos por parte del Ej\u00e9rcito gener\u00f3<\/p>\n","protected":false},"author":5,"featured_media":11532,"comment_status":"open","ping_status":"open","sticky":false,"template":"","format":"standard","meta":{"_crdt_document":"","_uag_custom_page_level_css":"","_sitemap_exclude":false,"_sitemap_priority":"","_sitemap_frequency":"","_joinchat":[],"footnotes":""},"categories":[447,14,444],"tags":[128],"class_list":["post-11531","post","type-post","status-publish","format-standard","has-post-thumbnail","hentry","category-elecciones2025","category-nacional","category-presidenciales2025","tag-santiago"],"featured_image_urls":{"full":["https:\/\/www.koncevisiontv.cl\/web\/wp-content\/uploads\/2025\/10\/parisi.png",1024,575,false],"thumbnail":["https:\/\/www.koncevisiontv.cl\/web\/wp-content\/uploads\/2025\/10\/parisi-150x150.png",150,150,true],"medium":["https:\/\/www.koncevisiontv.cl\/web\/wp-content\/uploads\/2025\/10\/parisi-300x168.png",300,168,true],"medium_large":["https:\/\/www.koncevisiontv.cl\/web\/wp-content\/uploads\/2025\/10\/parisi-768x431.png",640,359,true],"large":["https:\/\/www.koncevisiontv.cl\/web\/wp-content\/uploads\/2025\/10\/parisi.png",640,359,false],"1536x1536":["https:\/\/www.koncevisiontv.cl\/web\/wp-content\/uploads\/2025\/10\/parisi.png",1024,575,false],"2048x2048":["https:\/\/www.koncevisiontv.cl\/web\/wp-content\/uploads\/2025\/10\/parisi.png",1024,575,false],"darknews-featured":["https:\/\/www.koncevisiontv.cl\/web\/wp-content\/uploads\/2025\/10\/parisi.png",1024,575,false],"darknews-large":["https:\/\/www.koncevisiontv.cl\/web\/wp-content\/uploads\/2025\/10\/parisi-825x575.png",825,575,true],"darknews-medium":["https:\/\/www.koncevisiontv.cl\/web\/wp-content\/uploads\/2025\/10\/parisi-590x410.png",590,410,true]},"author_info":{"info":["Web-Master"]},"category_info":"<a href=\"https:\/\/www.koncevisiontv.cl\/web\/category\/elecciones2025\/\" rel=\"category tag\">Elecciones2025<\/a> <a href=\"https:\/\/www.koncevisiontv.cl\/web\/category\/nacional\/\" rel=\"category tag\">Nacional<\/a> <a href=\"https:\/\/www.koncevisiontv.cl\/web\/category\/presidenciales2025\/\" rel=\"category tag\">Presidenciales2025<\/a>","tag_info":"Presidenciales2025","comment_count":"0","uagb_featured_image_src":{"full":["https:\/\/www.koncevisiontv.cl\/web\/wp-content\/uploads\/2025\/10\/parisi.png",1024,575,false],"thumbnail":["https:\/\/www.koncevisiontv.cl\/web\/wp-content\/uploads\/2025\/10\/parisi-150x150.png",150,150,true],"medium":["https:\/\/www.koncevisiontv.cl\/web\/wp-content\/uploads\/2025\/10\/parisi-300x168.png",300,168,true],"medium_large":["https:\/\/www.koncevisiontv.cl\/web\/wp-content\/uploads\/2025\/10\/parisi-768x431.png",640,359,true],"large":["https:\/\/www.koncevisiontv.cl\/web\/wp-content\/uploads\/2025\/10\/parisi.png",640,359,false],"1536x1536":["https:\/\/www.koncevisiontv.cl\/web\/wp-content\/uploads\/2025\/10\/parisi.png",1024,575,false],"2048x2048":["https:\/\/www.koncevisiontv.cl\/web\/wp-content\/uploads\/2025\/10\/parisi.png",1024,575,false],"darknews-featured":["https:\/\/www.koncevisiontv.cl\/web\/wp-content\/uploads\/2025\/10\/parisi.png",1024,575,false],"darknews-large":["https:\/\/www.koncevisiontv.cl\/web\/wp-content\/uploads\/2025\/10\/parisi-825x575.png",825,575,true],"darknews-medium":["https:\/\/www.koncevisiontv.cl\/web\/wp-content\/uploads\/2025\/10\/parisi-590x410.png",590,410,true]},"uagb_author_info":{"display_name":"Web-Master","author_link":"https:\/\/www.koncevisiontv.cl\/web\/author\/koncevision\/"},"uagb_comment_info":0,"uagb_excerpt":"Santiago.- El debate sobre el Presupuesto 2026 y la solicitud de mayores recursos por parte del Ej\u00e9rcito gener\u00f3","_links":{"self":[{"href":"https:\/\/www.koncevisiontv.cl\/web\/wp-json\/wp\/v2\/posts\/11531","targetHints":{"allow":["GET"]}}],"collection":[{"href":"https:\/\/www.koncevisiontv.cl\/web\/wp-json\/wp\/v2\/posts"}],"about":[{"href":"https:\/\/www.koncevisiontv.cl\/web\/wp-json\/wp\/v2\/types\/post"}],"author":[{"embeddable":true,"href":"https:\/\/www.koncevisiontv.cl\/web\/wp-json\/wp\/v2\/users\/5"}],"replies":[{"embeddable":true,"href":"https:\/\/www.koncevisiontv.cl\/web\/wp-json\/wp\/v2\/comments?post=11531"}],"version-history":[{"count":1,"href":"https:\/\/www.koncevisiontv.cl\/web\/wp-json\/wp\/v2\/posts\/11531\/revisions"}],"predecessor-version":[{"id":11533,"href":"https:\/\/www.koncevisiontv.cl\/web\/wp-json\/wp\/v2\/posts\/11531\/revisions\/11533"}],"wp:featuredmedia":[{"embeddable":true,"href":"https:\/\/www.koncevisiontv.cl\/web\/wp-json\/wp\/v2\/media\/11532"}],"wp:attachment":[{"href":"https:\/\/www.koncevisiontv.cl\/web\/wp-json\/wp\/v2\/media?parent=11531"}],"wp:term":[{"taxonomy":"category","embeddable":true,"href":"https:\/\/www.koncevisiontv.cl\/web\/wp-json\/wp\/v2\/categories?post=11531"},{"taxonomy":"post_tag","embeddable":true,"href":"https:\/\/www.koncevisiontv.cl\/web\/wp-json\/wp\/v2\/tags?post=11531"}],"curies":[{"name":"wp","href":"https:\/\/api.w.org\/{rel}","templated":true}]}}