{"id":11542,"date":"2025-10-17T14:34:30","date_gmt":"2025-10-17T17:34:30","guid":{"rendered":"https:\/\/www.koncevisiontv.cl\/web\/?p=11542"},"modified":"2025-10-17T14:34:33","modified_gmt":"2025-10-17T17:34:33","slug":"familia-de-joven-desaparecida-en-san-bernardo-acusa-vinculo-con-red-de-narcotrafico","status":"publish","type":"post","link":"https:\/\/www.koncevisiontv.cl\/web\/familia-de-joven-desaparecida-en-san-bernardo-acusa-vinculo-con-red-de-narcotrafico\/","title":{"rendered":"Familia de Joven Desaparecida en San Bernardo Acusa V\u00ednculo con Red de Narcotr\u00e1fico"},"content":{"rendered":"\n<p class=\"wp-block-paragraph\"><strong>San Bernardo.-<\/strong> La intensa y angustiante b\u00fasqueda de Krishna Aguilera Y\u00e1\u00f1ez, la joven de 19 a\u00f1os de quien se perdi\u00f3 el rastro el 4 de octubre, ha tomado un giro complejo. Este viernes, la hermana de Krishna, Cristal Aguilera, entreg\u00f3 nuevas declaraciones que vinculan a una menor de edad detenida y al principal sospechoso, Juan Beltr\u00e1n, con el narcotr\u00e1fico local.<\/p>\n\n\n\n<p class=\"wp-block-paragraph\">Cristal Aguilera se refiri\u00f3 en televisi\u00f3n a la detenci\u00f3n de una adolescente de 17 a\u00f1os, realizada ayer por la PDI debido a una orden judicial pendiente por hurto, y que no est\u00e1 directamente relacionada con la desaparici\u00f3n de Krishna. Sin embargo, Cristal confirm\u00f3 que conoc\u00eda a la menor y revel\u00f3 que esta tuvo una fuerte discusi\u00f3n con su hermana justo antes de que desapareciera.<\/p>\n\n\n\n<p class=\"wp-block-paragraph\">La hermana de la joven desaparecida fue m\u00e1s all\u00e1 y vincul\u00f3 a la menor y a su madre directamente con Juan Beltr\u00e1n, el hombre de 45 a\u00f1os y principal sospechoso del caso. &#8220;Esta ni\u00f1ita era muy agresiva&#8230; La mam\u00e1 igual trat\u00f3 s\u00faper mal a mi hermana y ellas igual se vinculan con Juan Beltr\u00e1n porque la mam\u00e1 y ella igual le trabajan a Juan Beltr\u00e1n en los puntos [de droga]&#8230; ella est\u00e1 viviendo en una casa de Juan Beltr\u00e1n, ella y la mam\u00e1&#8221;, afirm\u00f3 Cristal Aguilera.<\/p>\n\n\n\n<p class=\"wp-block-paragraph\"><strong>B\u00fasqueda e Investigaci\u00f3n Ampliada<\/strong><\/p>\n\n\n\n<p class=\"wp-block-paragraph\">Mientras se desarrolla la investigaci\u00f3n bajo la figura legal de una persona &#8220;desaparecida&#8221; de forma involuntaria, la PDI traslad\u00f3 esta ma\u00f1ana a los padres de Krishna Aguilera para la toma de muestras de ADN. Esta acci\u00f3n se produce tras el hallazgo de restos biol\u00f3gicos en el sector de la calle Pirineos, en San Bernardo, que ser\u00e1n analizados para determinar su origen.<\/p>\n\n\n\n<p class=\"wp-block-paragraph\">En tanto, el principal sospechoso, Juan Beltr\u00e1n, quien fue la \u00faltima persona en ser vista con Krishna tras salir con ella a una discoteca, contin\u00faa bajo detenci\u00f3n. Su aprehensi\u00f3n inicial por obstrucci\u00f3n a la investigaci\u00f3n y lesiones a funcionarios fue ampliada por el Ministerio P\u00fablico hasta el pr\u00f3ximo domingo 19 de octubre.<\/p>\n","protected":false},"excerpt":{"rendered":"<p>San Bernardo.- La intensa y angustiante b\u00fasqueda de Krishna Aguilera Y\u00e1\u00f1ez, la joven de 19 a\u00f1os de quien<\/p>\n","protected":false},"author":5,"featured_media":11543,"comment_status":"open","ping_status":"open","sticky":false,"template":"","format":"standard","meta":{"_crdt_document":"","_uag_custom_page_level_css":"","_sitemap_exclude":false,"_sitemap_priority":"","_sitemap_frequency":"","_joinchat":[],"footnotes":""},"categories":[14,204],"tags":[128],"class_list":["post-11542","post","type-post","status-publish","format-standard","has-post-thumbnail","hentry","category-nacional","category-rm","tag-santiago"],"featured_image_urls":{"full":["https:\/\/www.koncevisiontv.cl\/web\/wp-content\/uploads\/2025\/10\/rbiobio-2025-10-17t135414-475.jpg",1200,633,false],"thumbnail":["https:\/\/www.koncevisiontv.cl\/web\/wp-content\/uploads\/2025\/10\/rbiobio-2025-10-17t135414-475-150x150.jpg",150,150,true],"medium":["https:\/\/www.koncevisiontv.cl\/web\/wp-content\/uploads\/2025\/10\/rbiobio-2025-10-17t135414-475-300x158.jpg",300,158,true],"medium_large":["https:\/\/www.koncevisiontv.cl\/web\/wp-content\/uploads\/2025\/10\/rbiobio-2025-10-17t135414-475-768x405.jpg",640,338,true],"large":["https:\/\/www.koncevisiontv.cl\/web\/wp-content\/uploads\/2025\/10\/rbiobio-2025-10-17t135414-475-1024x540.jpg",640,338,true],"1536x1536":["https:\/\/www.koncevisiontv.cl\/web\/wp-content\/uploads\/2025\/10\/rbiobio-2025-10-17t135414-475.jpg",1200,633,false],"2048x2048":["https:\/\/www.koncevisiontv.cl\/web\/wp-content\/uploads\/2025\/10\/rbiobio-2025-10-17t135414-475.jpg",1200,633,false],"darknews-featured":["https:\/\/www.koncevisiontv.cl\/web\/wp-content\/uploads\/2025\/10\/rbiobio-2025-10-17t135414-475-1024x540.jpg",1024,540,true],"darknews-large":["https:\/\/www.koncevisiontv.cl\/web\/wp-content\/uploads\/2025\/10\/rbiobio-2025-10-17t135414-475-825x575.jpg",825,575,true],"darknews-medium":["https:\/\/www.koncevisiontv.cl\/web\/wp-content\/uploads\/2025\/10\/rbiobio-2025-10-17t135414-475-590x410.jpg",590,410,true]},"author_info":{"info":["Web-Master"]},"category_info":"<a href=\"https:\/\/www.koncevisiontv.cl\/web\/category\/nacional\/\" rel=\"category tag\">Nacional<\/a> <a href=\"https:\/\/www.koncevisiontv.cl\/web\/category\/rm\/\" rel=\"category tag\">RM<\/a>","tag_info":"RM","comment_count":"0","uagb_featured_image_src":{"full":["https:\/\/www.koncevisiontv.cl\/web\/wp-content\/uploads\/2025\/10\/rbiobio-2025-10-17t135414-475.jpg",1200,633,false],"thumbnail":["https:\/\/www.koncevisiontv.cl\/web\/wp-content\/uploads\/2025\/10\/rbiobio-2025-10-17t135414-475-150x150.jpg",150,150,true],"medium":["https:\/\/www.koncevisiontv.cl\/web\/wp-content\/uploads\/2025\/10\/rbiobio-2025-10-17t135414-475-300x158.jpg",300,158,true],"medium_large":["https:\/\/www.koncevisiontv.cl\/web\/wp-content\/uploads\/2025\/10\/rbiobio-2025-10-17t135414-475-768x405.jpg",640,338,true],"large":["https:\/\/www.koncevisiontv.cl\/web\/wp-content\/uploads\/2025\/10\/rbiobio-2025-10-17t135414-475-1024x540.jpg",640,338,true],"1536x1536":["https:\/\/www.koncevisiontv.cl\/web\/wp-content\/uploads\/2025\/10\/rbiobio-2025-10-17t135414-475.jpg",1200,633,false],"2048x2048":["https:\/\/www.koncevisiontv.cl\/web\/wp-content\/uploads\/2025\/10\/rbiobio-2025-10-17t135414-475.jpg",1200,633,false],"darknews-featured":["https:\/\/www.koncevisiontv.cl\/web\/wp-content\/uploads\/2025\/10\/rbiobio-2025-10-17t135414-475-1024x540.jpg",1024,540,true],"darknews-large":["https:\/\/www.koncevisiontv.cl\/web\/wp-content\/uploads\/2025\/10\/rbiobio-2025-10-17t135414-475-825x575.jpg",825,575,true],"darknews-medium":["https:\/\/www.koncevisiontv.cl\/web\/wp-content\/uploads\/2025\/10\/rbiobio-2025-10-17t135414-475-590x410.jpg",590,410,true]},"uagb_author_info":{"display_name":"Web-Master","author_link":"https:\/\/www.koncevisiontv.cl\/web\/author\/koncevision\/"},"uagb_comment_info":0,"uagb_excerpt":"San Bernardo.- La intensa y angustiante b\u00fasqueda de Krishna Aguilera Y\u00e1\u00f1ez, la joven de 19 a\u00f1os de quien","_links":{"self":[{"href":"https:\/\/www.koncevisiontv.cl\/web\/wp-json\/wp\/v2\/posts\/11542","targetHints":{"allow":["GET"]}}],"collection":[{"href":"https:\/\/www.koncevisiontv.cl\/web\/wp-json\/wp\/v2\/posts"}],"about":[{"href":"https:\/\/www.koncevisiontv.cl\/web\/wp-json\/wp\/v2\/types\/post"}],"author":[{"embeddable":true,"href":"https:\/\/www.koncevisiontv.cl\/web\/wp-json\/wp\/v2\/users\/5"}],"replies":[{"embeddable":true,"href":"https:\/\/www.koncevisiontv.cl\/web\/wp-json\/wp\/v2\/comments?post=11542"}],"version-history":[{"count":1,"href":"https:\/\/www.koncevisiontv.cl\/web\/wp-json\/wp\/v2\/posts\/11542\/revisions"}],"predecessor-version":[{"id":11544,"href":"https:\/\/www.koncevisiontv.cl\/web\/wp-json\/wp\/v2\/posts\/11542\/revisions\/11544"}],"wp:featuredmedia":[{"embeddable":true,"href":"https:\/\/www.koncevisiontv.cl\/web\/wp-json\/wp\/v2\/media\/11543"}],"wp:attachment":[{"href":"https:\/\/www.koncevisiontv.cl\/web\/wp-json\/wp\/v2\/media?parent=11542"}],"wp:term":[{"taxonomy":"category","embeddable":true,"href":"https:\/\/www.koncevisiontv.cl\/web\/wp-json\/wp\/v2\/categories?post=11542"},{"taxonomy":"post_tag","embeddable":true,"href":"https:\/\/www.koncevisiontv.cl\/web\/wp-json\/wp\/v2\/tags?post=11542"}],"curies":[{"name":"wp","href":"https:\/\/api.w.org\/{rel}","templated":true}]}}