{"id":11545,"date":"2025-10-17T14:50:14","date_gmt":"2025-10-17T17:50:14","guid":{"rendered":"https:\/\/www.koncevisiontv.cl\/web\/?p=11545"},"modified":"2025-10-17T14:50:17","modified_gmt":"2025-10-17T17:50:17","slug":"detenido-en-hualpen-por-parricidio-frustrado-tras-disparar-en-el-abdomen-a-su-madre","status":"publish","type":"post","link":"https:\/\/www.koncevisiontv.cl\/web\/detenido-en-hualpen-por-parricidio-frustrado-tras-disparar-en-el-abdomen-a-su-madre\/","title":{"rendered":"Detenido en Hualp\u00e9n por parricidio frustrado tras disparar en el abdomen a su madre"},"content":{"rendered":"\n<p class=\"wp-block-paragraph\"><strong>Hualp\u00e9n.-<\/strong> Un impactante caso de violencia intrafamiliar se registr\u00f3 durante la madrugada de este viernes en la comuna de Hualp\u00e9n, Regi\u00f3n del B\u00edo B\u00edo, donde un hombre fue detenido por intentar asesinar a su propia madre.<\/p>\n\n\n\n<p class=\"wp-block-paragraph\">Los hechos se precipitaron en la poblaci\u00f3n 11 de Septiembre, cuando vecinos alertaron a Carabineros de la Cuarta Comisar\u00eda sobre disparos al interior de una vivienda.<\/p>\n\n\n\n<p class=\"wp-block-paragraph\">Al llegar al lugar, el personal policial constat\u00f3 que la due\u00f1a de casa presentaba una grave herida de bala en el abdomen. La v\u00edctima, en medio de la emergencia, logr\u00f3 identificar a su agresor: su propio hijo, quien a\u00fan se encontraba en la casa, seg\u00fan detall\u00f3 el capit\u00e1n V\u00edctor Cerda.<\/p>\n\n\n\n<p class=\"wp-block-paragraph\">Ante la gravedad del hecho, el hombre fue inmediatamente detenido bajo el cargo de <strong>parricidio frustrado<\/strong>. En el sitio, Carabineros logr\u00f3 incautar el arma utilizada en el ataque, la cual, tras las primeras verificaciones, manten\u00eda una orden vigente por robo que data del a\u00f1o 2015.<\/p>\n\n\n\n<p class=\"wp-block-paragraph\">La mujer fue trasladada de urgencia hasta el Hospital Las Higueras, donde, a pesar de la gravedad de su lesi\u00f3n, permanece estable.<\/p>\n\n\n\n<p class=\"wp-block-paragraph\">Los antecedentes del caso han sido puestos a disposici\u00f3n del Ministerio P\u00fablico para que inicie las diligencias de rigor. Hasta el momento, se desconocen los motivos o la din\u00e1mica exacta que llev\u00f3 al hombre a dispararle a su madre.<\/p>\n\n\n\n<hr class=\"wp-block-separator has-alpha-channel-opacity\"\/>\n\n\n\n<p class=\"wp-block-paragraph\"><strong>Nota:<\/strong> Este art\u00edculo describe un proceso judicial en curso. De acuerdo con el Art\u00edculo 04 del C\u00f3digo Procesal Penal, el imputado no debe ser considerado culpable hasta que la Justicia dicte sentencia en su contra.<\/p>\n","protected":false},"excerpt":{"rendered":"<p>Hualp\u00e9n.- Un impactante caso de violencia intrafamiliar se registr\u00f3 durante la madrugada de este viernes en la comuna<\/p>\n","protected":false},"author":5,"featured_media":11546,"comment_status":"open","ping_status":"open","sticky":false,"template":"","format":"standard","meta":{"_crdt_document":"","_uag_custom_page_level_css":"","_sitemap_exclude":false,"_sitemap_priority":"","_sitemap_frequency":"","_joinchat":[],"footnotes":""},"categories":[1,432,14],"tags":[63],"class_list":["post-11545","post","type-post","status-publish","format-standard","has-post-thumbnail","hentry","category-bio-bio","category-hualpen","category-nacional","tag-regiondelbiobio"],"featured_image_urls":{"full":["https:\/\/www.koncevisiontv.cl\/web\/wp-content\/uploads\/2025\/10\/detenido-balear-madre-hualpen.jpg",1200,633,false],"thumbnail":["https:\/\/www.koncevisiontv.cl\/web\/wp-content\/uploads\/2025\/10\/detenido-balear-madre-hualpen-150x150.jpg",150,150,true],"medium":["https:\/\/www.koncevisiontv.cl\/web\/wp-content\/uploads\/2025\/10\/detenido-balear-madre-hualpen-300x158.jpg",300,158,true],"medium_large":["https:\/\/www.koncevisiontv.cl\/web\/wp-content\/uploads\/2025\/10\/detenido-balear-madre-hualpen-768x405.jpg",640,338,true],"large":["https:\/\/www.koncevisiontv.cl\/web\/wp-content\/uploads\/2025\/10\/detenido-balear-madre-hualpen-1024x540.jpg",640,338,true],"1536x1536":["https:\/\/www.koncevisiontv.cl\/web\/wp-content\/uploads\/2025\/10\/detenido-balear-madre-hualpen.jpg",1200,633,false],"2048x2048":["https:\/\/www.koncevisiontv.cl\/web\/wp-content\/uploads\/2025\/10\/detenido-balear-madre-hualpen.jpg",1200,633,false],"darknews-featured":["https:\/\/www.koncevisiontv.cl\/web\/wp-content\/uploads\/2025\/10\/detenido-balear-madre-hualpen-1024x540.jpg",1024,540,true],"darknews-large":["https:\/\/www.koncevisiontv.cl\/web\/wp-content\/uploads\/2025\/10\/detenido-balear-madre-hualpen-825x575.jpg",825,575,true],"darknews-medium":["https:\/\/www.koncevisiontv.cl\/web\/wp-content\/uploads\/2025\/10\/detenido-balear-madre-hualpen-590x410.jpg",590,410,true]},"author_info":{"info":["Web-Master"]},"category_info":"<a href=\"https:\/\/www.koncevisiontv.cl\/web\/category\/bio-bio\/\" rel=\"category tag\">Bio-B\u00edo<\/a> <a href=\"https:\/\/www.koncevisiontv.cl\/web\/category\/hualpen\/\" rel=\"category tag\">Hualpen<\/a> <a href=\"https:\/\/www.koncevisiontv.cl\/web\/category\/nacional\/\" rel=\"category tag\">Nacional<\/a>","tag_info":"Nacional","comment_count":"0","uagb_featured_image_src":{"full":["https:\/\/www.koncevisiontv.cl\/web\/wp-content\/uploads\/2025\/10\/detenido-balear-madre-hualpen.jpg",1200,633,false],"thumbnail":["https:\/\/www.koncevisiontv.cl\/web\/wp-content\/uploads\/2025\/10\/detenido-balear-madre-hualpen-150x150.jpg",150,150,true],"medium":["https:\/\/www.koncevisiontv.cl\/web\/wp-content\/uploads\/2025\/10\/detenido-balear-madre-hualpen-300x158.jpg",300,158,true],"medium_large":["https:\/\/www.koncevisiontv.cl\/web\/wp-content\/uploads\/2025\/10\/detenido-balear-madre-hualpen-768x405.jpg",640,338,true],"large":["https:\/\/www.koncevisiontv.cl\/web\/wp-content\/uploads\/2025\/10\/detenido-balear-madre-hualpen-1024x540.jpg",640,338,true],"1536x1536":["https:\/\/www.koncevisiontv.cl\/web\/wp-content\/uploads\/2025\/10\/detenido-balear-madre-hualpen.jpg",1200,633,false],"2048x2048":["https:\/\/www.koncevisiontv.cl\/web\/wp-content\/uploads\/2025\/10\/detenido-balear-madre-hualpen.jpg",1200,633,false],"darknews-featured":["https:\/\/www.koncevisiontv.cl\/web\/wp-content\/uploads\/2025\/10\/detenido-balear-madre-hualpen-1024x540.jpg",1024,540,true],"darknews-large":["https:\/\/www.koncevisiontv.cl\/web\/wp-content\/uploads\/2025\/10\/detenido-balear-madre-hualpen-825x575.jpg",825,575,true],"darknews-medium":["https:\/\/www.koncevisiontv.cl\/web\/wp-content\/uploads\/2025\/10\/detenido-balear-madre-hualpen-590x410.jpg",590,410,true]},"uagb_author_info":{"display_name":"Web-Master","author_link":"https:\/\/www.koncevisiontv.cl\/web\/author\/koncevision\/"},"uagb_comment_info":0,"uagb_excerpt":"Hualp\u00e9n.- Un impactante caso de violencia intrafamiliar se registr\u00f3 durante la madrugada de este viernes en la comuna","_links":{"self":[{"href":"https:\/\/www.koncevisiontv.cl\/web\/wp-json\/wp\/v2\/posts\/11545","targetHints":{"allow":["GET"]}}],"collection":[{"href":"https:\/\/www.koncevisiontv.cl\/web\/wp-json\/wp\/v2\/posts"}],"about":[{"href":"https:\/\/www.koncevisiontv.cl\/web\/wp-json\/wp\/v2\/types\/post"}],"author":[{"embeddable":true,"href":"https:\/\/www.koncevisiontv.cl\/web\/wp-json\/wp\/v2\/users\/5"}],"replies":[{"embeddable":true,"href":"https:\/\/www.koncevisiontv.cl\/web\/wp-json\/wp\/v2\/comments?post=11545"}],"version-history":[{"count":1,"href":"https:\/\/www.koncevisiontv.cl\/web\/wp-json\/wp\/v2\/posts\/11545\/revisions"}],"predecessor-version":[{"id":11547,"href":"https:\/\/www.koncevisiontv.cl\/web\/wp-json\/wp\/v2\/posts\/11545\/revisions\/11547"}],"wp:featuredmedia":[{"embeddable":true,"href":"https:\/\/www.koncevisiontv.cl\/web\/wp-json\/wp\/v2\/media\/11546"}],"wp:attachment":[{"href":"https:\/\/www.koncevisiontv.cl\/web\/wp-json\/wp\/v2\/media?parent=11545"}],"wp:term":[{"taxonomy":"category","embeddable":true,"href":"https:\/\/www.koncevisiontv.cl\/web\/wp-json\/wp\/v2\/categories?post=11545"},{"taxonomy":"post_tag","embeddable":true,"href":"https:\/\/www.koncevisiontv.cl\/web\/wp-json\/wp\/v2\/tags?post=11545"}],"curies":[{"name":"wp","href":"https:\/\/api.w.org\/{rel}","templated":true}]}}