{"id":11561,"date":"2025-10-17T16:58:43","date_gmt":"2025-10-17T19:58:43","guid":{"rendered":"https:\/\/www.koncevisiontv.cl\/web\/?p=11561"},"modified":"2025-10-17T16:58:46","modified_gmt":"2025-10-17T19:58:46","slug":"a-dos-meses-del-crimen-de-macarena-riveros-familia-pide-presidio-perpetuo-calificado-para-crazy-nach","status":"publish","type":"post","link":"https:\/\/www.koncevisiontv.cl\/web\/a-dos-meses-del-crimen-de-macarena-riveros-familia-pide-presidio-perpetuo-calificado-para-crazy-nach\/","title":{"rendered":"A Dos Meses del Crimen de Macarena Riveros: Familia Pide Presidio Perpetuo Calificado para &#8220;Crazy Nach&#8221;"},"content":{"rendered":"\n<p class=\"wp-block-paragraph\">A dos meses del tr\u00e1gico suceso que culmin\u00f3 con el asesinato de Macarena Riveros S\u00e1ez en San Pedro de la Paz, en el marco de un altercado vehicular, la familia de la joven madre alz\u00f3 la voz para exigir la pena m\u00e1xima contra el presunto responsable.<\/p>\n\n\n\n<p class=\"wp-block-paragraph\">El imputado, identificado como Marcelo Gonz\u00e1lez Campos, conocido por el alias &#8220;Crazy Nach&#8221; y de 21 a\u00f1os, se encuentra actualmente en prisi\u00f3n preventiva desde fines de agosto. La v\u00edctima fatal, que viajaba con su pareja y su hija menor de edad, recibi\u00f3 m\u00faltiples impactos de bala de alto calibre disparados desde otro veh\u00edculo en la Avenida Pedro Aguirre Cerda.<\/p>\n\n\n\n<p class=\"wp-block-paragraph\">En este contexto, Leonel Riveros, padre de Macarena, manifest\u00f3 p\u00fablicamente su demanda de que Gonz\u00e1lez Campos sea condenado a presidio perpetuo calificado, lo que implica que no tendr\u00eda derecho a beneficios carcelarios.<\/p>\n\n\n\n<p class=\"wp-block-paragraph\">El imputado enfrenta una investigaci\u00f3n compleja. Adem\u00e1s del homicidio de Macarena Riveros, el Ministerio P\u00fablico, a trav\u00e9s de la Fiscal\u00eda de An\u00e1lisis Criminal, lo vincula a otras causas graves en la Provincia de Concepci\u00f3n. Entre ellas se investiga su presunta participaci\u00f3n en el asesinato de un adolescente en Lota en mayo de 2024, y su conexi\u00f3n con otros dos homicidios (uno frustrado y otro consumado) ocurridos en Coronel a principios y mediados de 2025.<\/p>\n\n\n\n<p class=\"wp-block-paragraph\">La familia y amigos de la v\u00edctima conmemorar\u00e1n la memoria de Macarena con una velat\u00f3n en su domicilio y una concentraci\u00f3n en el lugar del crimen. Cabe destacar que el Gobierno, mediante el Ministerio de Seguridad P\u00fablica, es parte querellante en la causa, buscando que se apliquen las condenas correspondientes por la totalidad de los delitos imputados.<\/p>\n","protected":false},"excerpt":{"rendered":"<p>A dos meses del tr\u00e1gico suceso que culmin\u00f3 con el asesinato de Macarena Riveros S\u00e1ez en San Pedro<\/p>\n","protected":false},"author":5,"featured_media":11562,"comment_status":"open","ping_status":"open","sticky":false,"template":"","format":"standard","meta":{"_crdt_document":"","_uag_custom_page_level_css":"","_sitemap_exclude":false,"_sitemap_priority":"","_sitemap_frequency":"","_joinchat":[],"footnotes":""},"categories":[1,226],"tags":[46,63],"class_list":["post-11561","post","type-post","status-publish","format-standard","has-post-thumbnail","hentry","category-bio-bio","category-concepcion","tag-concepcion","tag-regiondelbiobio"],"featured_image_urls":{"full":["https:\/\/www.koncevisiontv.cl\/web\/wp-content\/uploads\/2025\/10\/crazy-nach-asesianto-mujer-incidente-vehicular-san-pedro-de-la-paz.webp",1200,633,false],"thumbnail":["https:\/\/www.koncevisiontv.cl\/web\/wp-content\/uploads\/2025\/10\/crazy-nach-asesianto-mujer-incidente-vehicular-san-pedro-de-la-paz-150x150.webp",150,150,true],"medium":["https:\/\/www.koncevisiontv.cl\/web\/wp-content\/uploads\/2025\/10\/crazy-nach-asesianto-mujer-incidente-vehicular-san-pedro-de-la-paz-300x158.webp",300,158,true],"medium_large":["https:\/\/www.koncevisiontv.cl\/web\/wp-content\/uploads\/2025\/10\/crazy-nach-asesianto-mujer-incidente-vehicular-san-pedro-de-la-paz-768x405.webp",640,338,true],"large":["https:\/\/www.koncevisiontv.cl\/web\/wp-content\/uploads\/2025\/10\/crazy-nach-asesianto-mujer-incidente-vehicular-san-pedro-de-la-paz-1024x540.webp",640,338,true],"1536x1536":["https:\/\/www.koncevisiontv.cl\/web\/wp-content\/uploads\/2025\/10\/crazy-nach-asesianto-mujer-incidente-vehicular-san-pedro-de-la-paz.webp",1200,633,false],"2048x2048":["https:\/\/www.koncevisiontv.cl\/web\/wp-content\/uploads\/2025\/10\/crazy-nach-asesianto-mujer-incidente-vehicular-san-pedro-de-la-paz.webp",1200,633,false],"darknews-featured":["https:\/\/www.koncevisiontv.cl\/web\/wp-content\/uploads\/2025\/10\/crazy-nach-asesianto-mujer-incidente-vehicular-san-pedro-de-la-paz-1024x540.webp",1024,540,true],"darknews-large":["https:\/\/www.koncevisiontv.cl\/web\/wp-content\/uploads\/2025\/10\/crazy-nach-asesianto-mujer-incidente-vehicular-san-pedro-de-la-paz-825x575.webp",825,575,true],"darknews-medium":["https:\/\/www.koncevisiontv.cl\/web\/wp-content\/uploads\/2025\/10\/crazy-nach-asesianto-mujer-incidente-vehicular-san-pedro-de-la-paz-590x410.webp",590,410,true]},"author_info":{"info":["Web-Master"]},"category_info":"<a href=\"https:\/\/www.koncevisiontv.cl\/web\/category\/bio-bio\/\" rel=\"category tag\">Bio-B\u00edo<\/a> <a href=\"https:\/\/www.koncevisiontv.cl\/web\/category\/concepcion\/\" rel=\"category tag\">Concepcion<\/a>","tag_info":"Concepcion","comment_count":"0","uagb_featured_image_src":{"full":["https:\/\/www.koncevisiontv.cl\/web\/wp-content\/uploads\/2025\/10\/crazy-nach-asesianto-mujer-incidente-vehicular-san-pedro-de-la-paz.webp",1200,633,false],"thumbnail":["https:\/\/www.koncevisiontv.cl\/web\/wp-content\/uploads\/2025\/10\/crazy-nach-asesianto-mujer-incidente-vehicular-san-pedro-de-la-paz-150x150.webp",150,150,true],"medium":["https:\/\/www.koncevisiontv.cl\/web\/wp-content\/uploads\/2025\/10\/crazy-nach-asesianto-mujer-incidente-vehicular-san-pedro-de-la-paz-300x158.webp",300,158,true],"medium_large":["https:\/\/www.koncevisiontv.cl\/web\/wp-content\/uploads\/2025\/10\/crazy-nach-asesianto-mujer-incidente-vehicular-san-pedro-de-la-paz-768x405.webp",640,338,true],"large":["https:\/\/www.koncevisiontv.cl\/web\/wp-content\/uploads\/2025\/10\/crazy-nach-asesianto-mujer-incidente-vehicular-san-pedro-de-la-paz-1024x540.webp",640,338,true],"1536x1536":["https:\/\/www.koncevisiontv.cl\/web\/wp-content\/uploads\/2025\/10\/crazy-nach-asesianto-mujer-incidente-vehicular-san-pedro-de-la-paz.webp",1200,633,false],"2048x2048":["https:\/\/www.koncevisiontv.cl\/web\/wp-content\/uploads\/2025\/10\/crazy-nach-asesianto-mujer-incidente-vehicular-san-pedro-de-la-paz.webp",1200,633,false],"darknews-featured":["https:\/\/www.koncevisiontv.cl\/web\/wp-content\/uploads\/2025\/10\/crazy-nach-asesianto-mujer-incidente-vehicular-san-pedro-de-la-paz-1024x540.webp",1024,540,true],"darknews-large":["https:\/\/www.koncevisiontv.cl\/web\/wp-content\/uploads\/2025\/10\/crazy-nach-asesianto-mujer-incidente-vehicular-san-pedro-de-la-paz-825x575.webp",825,575,true],"darknews-medium":["https:\/\/www.koncevisiontv.cl\/web\/wp-content\/uploads\/2025\/10\/crazy-nach-asesianto-mujer-incidente-vehicular-san-pedro-de-la-paz-590x410.webp",590,410,true]},"uagb_author_info":{"display_name":"Web-Master","author_link":"https:\/\/www.koncevisiontv.cl\/web\/author\/koncevision\/"},"uagb_comment_info":0,"uagb_excerpt":"A dos meses del tr\u00e1gico suceso que culmin\u00f3 con el asesinato de Macarena Riveros S\u00e1ez en San Pedro","_links":{"self":[{"href":"https:\/\/www.koncevisiontv.cl\/web\/wp-json\/wp\/v2\/posts\/11561","targetHints":{"allow":["GET"]}}],"collection":[{"href":"https:\/\/www.koncevisiontv.cl\/web\/wp-json\/wp\/v2\/posts"}],"about":[{"href":"https:\/\/www.koncevisiontv.cl\/web\/wp-json\/wp\/v2\/types\/post"}],"author":[{"embeddable":true,"href":"https:\/\/www.koncevisiontv.cl\/web\/wp-json\/wp\/v2\/users\/5"}],"replies":[{"embeddable":true,"href":"https:\/\/www.koncevisiontv.cl\/web\/wp-json\/wp\/v2\/comments?post=11561"}],"version-history":[{"count":1,"href":"https:\/\/www.koncevisiontv.cl\/web\/wp-json\/wp\/v2\/posts\/11561\/revisions"}],"predecessor-version":[{"id":11563,"href":"https:\/\/www.koncevisiontv.cl\/web\/wp-json\/wp\/v2\/posts\/11561\/revisions\/11563"}],"wp:featuredmedia":[{"embeddable":true,"href":"https:\/\/www.koncevisiontv.cl\/web\/wp-json\/wp\/v2\/media\/11562"}],"wp:attachment":[{"href":"https:\/\/www.koncevisiontv.cl\/web\/wp-json\/wp\/v2\/media?parent=11561"}],"wp:term":[{"taxonomy":"category","embeddable":true,"href":"https:\/\/www.koncevisiontv.cl\/web\/wp-json\/wp\/v2\/categories?post=11561"},{"taxonomy":"post_tag","embeddable":true,"href":"https:\/\/www.koncevisiontv.cl\/web\/wp-json\/wp\/v2\/tags?post=11561"}],"curies":[{"name":"wp","href":"https:\/\/api.w.org\/{rel}","templated":true}]}}