{"id":11564,"date":"2025-10-17T17:01:01","date_gmt":"2025-10-17T20:01:01","guid":{"rendered":"https:\/\/www.koncevisiontv.cl\/web\/?p=11564"},"modified":"2025-10-17T17:01:03","modified_gmt":"2025-10-17T20:01:03","slug":"boric-califica-de-descaro-cuestionar-la-labor-publica-presidente-defiende-a-funcionarios-tras-duros-dichos-de-asesor-politico","status":"publish","type":"post","link":"https:\/\/www.koncevisiontv.cl\/web\/boric-califica-de-descaro-cuestionar-la-labor-publica-presidente-defiende-a-funcionarios-tras-duros-dichos-de-asesor-politico\/","title":{"rendered":"Boric Califica de &#8220;Descaro&#8221; Cuestionar la Labor P\u00fablica: Presidente Defiende a Funcionarios Tras Duros Dichos de Asesor Pol\u00edtico."},"content":{"rendered":"\n<p class=\"wp-block-paragraph\">El presidente Gabriel Boric abord\u00f3 con firmeza la reciente pol\u00e9mica generada por la calificaci\u00f3n de los funcionarios p\u00fablicos como &#8220;par\u00e1sitos del Estado&#8221; por parte de un asesor de la oposici\u00f3n. Durante una ceremonia oficial en la Escuela Rep\u00fablica de Austria, el mandatario us\u00f3 la instancia para reivindicar la labor de los servidores del pa\u00eds.<\/p>\n\n\n\n<p class=\"wp-block-paragraph\">Sin mencionar directamente la controvertida columna de Cristi\u00e1n Valenzuela, Boric pregunt\u00f3 a la audiencia si los 40 profesores que trabajan en la escuela p\u00fablica donde se desarrollaba el acto pod\u00edan ser tildados de aprovechadores. &#8220;Tirar frases tan livianas es de una sinverg\u00fcenzura tremenda,&#8221; afirm\u00f3 el jefe de Estado, enfatizando que tales declaraciones lesionan y ofenden a la inmensa mayor\u00eda de los trabajadores p\u00fablicos que diariamente se esfuerzan por construir una mejor naci\u00f3n.<\/p>\n\n\n\n<p class=\"wp-block-paragraph\">La ocasi\u00f3n que motiv\u00f3 las declaraciones fue el inicio del pago de la Deuda Hist\u00f3rica a los profesores, un proyecto de ley que el gobierno logr\u00f3 sacar adelante. En este punto, el presidente Boric aprovech\u00f3 para destacar que, si bien el proyecto tuvo un amplio respaldo transversal, un sector de la oposici\u00f3n vot\u00f3 en contra de la medida, un hecho que, seg\u00fan \u00e9l, debe ser considerado al juzgar las acciones pol\u00edticas.<\/p>\n\n\n\n<p class=\"wp-block-paragraph\">La Ley 21.728 beneficiar\u00e1 a m\u00e1s de 57.000 docentes a trav\u00e9s de seis periodos de pago que se extender\u00e1n hasta el a\u00f1o 2031, priorizando a los profesores de mayor edad.<\/p>\n","protected":false},"excerpt":{"rendered":"<p>El presidente Gabriel Boric abord\u00f3 con firmeza la reciente pol\u00e9mica generada por la calificaci\u00f3n de los funcionarios p\u00fablicos<\/p>\n","protected":false},"author":5,"featured_media":11565,"comment_status":"open","ping_status":"open","sticky":false,"template":"","format":"standard","meta":{"_crdt_document":"","_uag_custom_page_level_css":"","_sitemap_exclude":false,"_sitemap_priority":"","_sitemap_frequency":"","_joinchat":[],"footnotes":""},"categories":[14],"tags":[30],"class_list":["post-11564","post","type-post","status-publish","format-standard","has-post-thumbnail","hentry","category-nacional","tag-boric"],"featured_image_urls":{"full":["https:\/\/www.koncevisiontv.cl\/web\/wp-content\/uploads\/2025\/10\/presidente-boric-1.webp",1200,633,false],"thumbnail":["https:\/\/www.koncevisiontv.cl\/web\/wp-content\/uploads\/2025\/10\/presidente-boric-1-150x150.webp",150,150,true],"medium":["https:\/\/www.koncevisiontv.cl\/web\/wp-content\/uploads\/2025\/10\/presidente-boric-1-300x158.webp",300,158,true],"medium_large":["https:\/\/www.koncevisiontv.cl\/web\/wp-content\/uploads\/2025\/10\/presidente-boric-1-768x405.webp",640,338,true],"large":["https:\/\/www.koncevisiontv.cl\/web\/wp-content\/uploads\/2025\/10\/presidente-boric-1-1024x540.webp",640,338,true],"1536x1536":["https:\/\/www.koncevisiontv.cl\/web\/wp-content\/uploads\/2025\/10\/presidente-boric-1.webp",1200,633,false],"2048x2048":["https:\/\/www.koncevisiontv.cl\/web\/wp-content\/uploads\/2025\/10\/presidente-boric-1.webp",1200,633,false],"darknews-featured":["https:\/\/www.koncevisiontv.cl\/web\/wp-content\/uploads\/2025\/10\/presidente-boric-1-1024x540.webp",1024,540,true],"darknews-large":["https:\/\/www.koncevisiontv.cl\/web\/wp-content\/uploads\/2025\/10\/presidente-boric-1-825x575.webp",825,575,true],"darknews-medium":["https:\/\/www.koncevisiontv.cl\/web\/wp-content\/uploads\/2025\/10\/presidente-boric-1-590x410.webp",590,410,true]},"author_info":{"info":["Web-Master"]},"category_info":"<a href=\"https:\/\/www.koncevisiontv.cl\/web\/category\/nacional\/\" rel=\"category tag\">Nacional<\/a>","tag_info":"Nacional","comment_count":"0","uagb_featured_image_src":{"full":["https:\/\/www.koncevisiontv.cl\/web\/wp-content\/uploads\/2025\/10\/presidente-boric-1.webp",1200,633,false],"thumbnail":["https:\/\/www.koncevisiontv.cl\/web\/wp-content\/uploads\/2025\/10\/presidente-boric-1-150x150.webp",150,150,true],"medium":["https:\/\/www.koncevisiontv.cl\/web\/wp-content\/uploads\/2025\/10\/presidente-boric-1-300x158.webp",300,158,true],"medium_large":["https:\/\/www.koncevisiontv.cl\/web\/wp-content\/uploads\/2025\/10\/presidente-boric-1-768x405.webp",640,338,true],"large":["https:\/\/www.koncevisiontv.cl\/web\/wp-content\/uploads\/2025\/10\/presidente-boric-1-1024x540.webp",640,338,true],"1536x1536":["https:\/\/www.koncevisiontv.cl\/web\/wp-content\/uploads\/2025\/10\/presidente-boric-1.webp",1200,633,false],"2048x2048":["https:\/\/www.koncevisiontv.cl\/web\/wp-content\/uploads\/2025\/10\/presidente-boric-1.webp",1200,633,false],"darknews-featured":["https:\/\/www.koncevisiontv.cl\/web\/wp-content\/uploads\/2025\/10\/presidente-boric-1-1024x540.webp",1024,540,true],"darknews-large":["https:\/\/www.koncevisiontv.cl\/web\/wp-content\/uploads\/2025\/10\/presidente-boric-1-825x575.webp",825,575,true],"darknews-medium":["https:\/\/www.koncevisiontv.cl\/web\/wp-content\/uploads\/2025\/10\/presidente-boric-1-590x410.webp",590,410,true]},"uagb_author_info":{"display_name":"Web-Master","author_link":"https:\/\/www.koncevisiontv.cl\/web\/author\/koncevision\/"},"uagb_comment_info":0,"uagb_excerpt":"El presidente Gabriel Boric abord\u00f3 con firmeza la reciente pol\u00e9mica generada por la calificaci\u00f3n de los funcionarios p\u00fablicos","_links":{"self":[{"href":"https:\/\/www.koncevisiontv.cl\/web\/wp-json\/wp\/v2\/posts\/11564","targetHints":{"allow":["GET"]}}],"collection":[{"href":"https:\/\/www.koncevisiontv.cl\/web\/wp-json\/wp\/v2\/posts"}],"about":[{"href":"https:\/\/www.koncevisiontv.cl\/web\/wp-json\/wp\/v2\/types\/post"}],"author":[{"embeddable":true,"href":"https:\/\/www.koncevisiontv.cl\/web\/wp-json\/wp\/v2\/users\/5"}],"replies":[{"embeddable":true,"href":"https:\/\/www.koncevisiontv.cl\/web\/wp-json\/wp\/v2\/comments?post=11564"}],"version-history":[{"count":1,"href":"https:\/\/www.koncevisiontv.cl\/web\/wp-json\/wp\/v2\/posts\/11564\/revisions"}],"predecessor-version":[{"id":11566,"href":"https:\/\/www.koncevisiontv.cl\/web\/wp-json\/wp\/v2\/posts\/11564\/revisions\/11566"}],"wp:featuredmedia":[{"embeddable":true,"href":"https:\/\/www.koncevisiontv.cl\/web\/wp-json\/wp\/v2\/media\/11565"}],"wp:attachment":[{"href":"https:\/\/www.koncevisiontv.cl\/web\/wp-json\/wp\/v2\/media?parent=11564"}],"wp:term":[{"taxonomy":"category","embeddable":true,"href":"https:\/\/www.koncevisiontv.cl\/web\/wp-json\/wp\/v2\/categories?post=11564"},{"taxonomy":"post_tag","embeddable":true,"href":"https:\/\/www.koncevisiontv.cl\/web\/wp-json\/wp\/v2\/tags?post=11564"}],"curies":[{"name":"wp","href":"https:\/\/api.w.org\/{rel}","templated":true}]}}