{"id":11570,"date":"2025-10-20T11:53:52","date_gmt":"2025-10-20T14:53:52","guid":{"rendered":"https:\/\/www.koncevisiontv.cl\/web\/?p=11570"},"modified":"2025-10-20T11:53:55","modified_gmt":"2025-10-20T14:53:55","slug":"ordenan-encarcelamiento-preventivo-para-residente-de-aysen-acusado-de-homicidio-destruccion-de-restos-y-usurpacion-de-identidad","status":"publish","type":"post","link":"https:\/\/www.koncevisiontv.cl\/web\/ordenan-encarcelamiento-preventivo-para-residente-de-aysen-acusado-de-homicidio-destruccion-de-restos-y-usurpacion-de-identidad\/","title":{"rendered":"Ordenan Encarcelamiento Preventivo para Residente de Ays\u00e9n Acusado de Homicidio, Destrucci\u00f3n de Restos y Usurpaci\u00f3n de Identidad"},"content":{"rendered":"\n<p class=\"wp-block-paragraph\">El Juzgado de Garant\u00eda de la comuna de Puerto Ays\u00e9n ha determinado que un individuo permanecer\u00e1 bajo la medida cautelar de prisi\u00f3n preventiva, tras ser imputado por una serie de graves delitos cometidos en un inmueble.<\/p>\n\n\n\n<p class=\"wp-block-paragraph\">El sujeto, quien resid\u00eda como inquilino, enfrenta cargos por <strong>homicidio simple, deshonra de cad\u00e1ver, suplantaci\u00f3n de identidad, ocupaci\u00f3n ilegal de propiedad y estafa<\/strong>.<\/p>\n\n\n\n<p class=\"wp-block-paragraph\">Seg\u00fan los antecedentes presentados ante el tribunal, el acusado habr\u00eda quitado la vida al due\u00f1o del inmueble y, en un intento por borrar la evidencia del crimen, procedi\u00f3 a <strong>desmembrar los restos para luego quemarlos dentro de un calefactor<\/strong>, utilizando gasolina y pintura para acelerar la combusti\u00f3n.<\/p>\n\n\n\n<p class=\"wp-block-paragraph\">Tras perpetrar el delito, el imputado habr\u00eda tomado el control de la residencia y se habr\u00eda hecho pasar por el difunto propietario para subarrendar habitaciones, logrando obtener dinero mediante esta maniobra fraudulenta. La detenci\u00f3n se concret\u00f3 por la Polic\u00eda de Investigaciones (PDI) tras la denuncia de desaparici\u00f3n de la v\u00edctima. La justicia fij\u00f3 el periodo de investigaci\u00f3n del caso en 120 d\u00edas.<\/p>\n","protected":false},"excerpt":{"rendered":"<p>El Juzgado de Garant\u00eda de la comuna de Puerto Ays\u00e9n ha determinado que un individuo permanecer\u00e1 bajo la<\/p>\n","protected":false},"author":5,"featured_media":11572,"comment_status":"open","ping_status":"open","sticky":false,"template":"","format":"standard","meta":{"_crdt_document":"","_uag_custom_page_level_css":"","_sitemap_exclude":false,"_sitemap_priority":"","_sitemap_frequency":"","_joinchat":[],"footnotes":""},"categories":[14],"tags":[69],"class_list":["post-11570","post","type-post","status-publish","format-standard","has-post-thumbnail","hentry","category-nacional","tag-violencia"],"featured_image_urls":{"full":["https:\/\/www.koncevisiontv.cl\/web\/wp-content\/uploads\/2025\/10\/hombre-habria-descuartizado-y-quemado-en-estufa-a-su-arrendador-en-aysen-le-robo-su-identidad-y-casa.png",1200,633,false],"thumbnail":["https:\/\/www.koncevisiontv.cl\/web\/wp-content\/uploads\/2025\/10\/hombre-habria-descuartizado-y-quemado-en-estufa-a-su-arrendador-en-aysen-le-robo-su-identidad-y-casa-150x150.png",150,150,true],"medium":["https:\/\/www.koncevisiontv.cl\/web\/wp-content\/uploads\/2025\/10\/hombre-habria-descuartizado-y-quemado-en-estufa-a-su-arrendador-en-aysen-le-robo-su-identidad-y-casa-300x158.png",300,158,true],"medium_large":["https:\/\/www.koncevisiontv.cl\/web\/wp-content\/uploads\/2025\/10\/hombre-habria-descuartizado-y-quemado-en-estufa-a-su-arrendador-en-aysen-le-robo-su-identidad-y-casa-768x405.png",640,338,true],"large":["https:\/\/www.koncevisiontv.cl\/web\/wp-content\/uploads\/2025\/10\/hombre-habria-descuartizado-y-quemado-en-estufa-a-su-arrendador-en-aysen-le-robo-su-identidad-y-casa-1024x540.png",640,338,true],"1536x1536":["https:\/\/www.koncevisiontv.cl\/web\/wp-content\/uploads\/2025\/10\/hombre-habria-descuartizado-y-quemado-en-estufa-a-su-arrendador-en-aysen-le-robo-su-identidad-y-casa.png",1200,633,false],"2048x2048":["https:\/\/www.koncevisiontv.cl\/web\/wp-content\/uploads\/2025\/10\/hombre-habria-descuartizado-y-quemado-en-estufa-a-su-arrendador-en-aysen-le-robo-su-identidad-y-casa.png",1200,633,false],"darknews-featured":["https:\/\/www.koncevisiontv.cl\/web\/wp-content\/uploads\/2025\/10\/hombre-habria-descuartizado-y-quemado-en-estufa-a-su-arrendador-en-aysen-le-robo-su-identidad-y-casa-1024x540.png",1024,540,true],"darknews-large":["https:\/\/www.koncevisiontv.cl\/web\/wp-content\/uploads\/2025\/10\/hombre-habria-descuartizado-y-quemado-en-estufa-a-su-arrendador-en-aysen-le-robo-su-identidad-y-casa-825x575.png",825,575,true],"darknews-medium":["https:\/\/www.koncevisiontv.cl\/web\/wp-content\/uploads\/2025\/10\/hombre-habria-descuartizado-y-quemado-en-estufa-a-su-arrendador-en-aysen-le-robo-su-identidad-y-casa-590x410.png",590,410,true]},"author_info":{"info":["Web-Master"]},"category_info":"<a href=\"https:\/\/www.koncevisiontv.cl\/web\/category\/nacional\/\" rel=\"category tag\">Nacional<\/a>","tag_info":"Nacional","comment_count":"0","uagb_featured_image_src":{"full":["https:\/\/www.koncevisiontv.cl\/web\/wp-content\/uploads\/2025\/10\/hombre-habria-descuartizado-y-quemado-en-estufa-a-su-arrendador-en-aysen-le-robo-su-identidad-y-casa.png",1200,633,false],"thumbnail":["https:\/\/www.koncevisiontv.cl\/web\/wp-content\/uploads\/2025\/10\/hombre-habria-descuartizado-y-quemado-en-estufa-a-su-arrendador-en-aysen-le-robo-su-identidad-y-casa-150x150.png",150,150,true],"medium":["https:\/\/www.koncevisiontv.cl\/web\/wp-content\/uploads\/2025\/10\/hombre-habria-descuartizado-y-quemado-en-estufa-a-su-arrendador-en-aysen-le-robo-su-identidad-y-casa-300x158.png",300,158,true],"medium_large":["https:\/\/www.koncevisiontv.cl\/web\/wp-content\/uploads\/2025\/10\/hombre-habria-descuartizado-y-quemado-en-estufa-a-su-arrendador-en-aysen-le-robo-su-identidad-y-casa-768x405.png",640,338,true],"large":["https:\/\/www.koncevisiontv.cl\/web\/wp-content\/uploads\/2025\/10\/hombre-habria-descuartizado-y-quemado-en-estufa-a-su-arrendador-en-aysen-le-robo-su-identidad-y-casa-1024x540.png",640,338,true],"1536x1536":["https:\/\/www.koncevisiontv.cl\/web\/wp-content\/uploads\/2025\/10\/hombre-habria-descuartizado-y-quemado-en-estufa-a-su-arrendador-en-aysen-le-robo-su-identidad-y-casa.png",1200,633,false],"2048x2048":["https:\/\/www.koncevisiontv.cl\/web\/wp-content\/uploads\/2025\/10\/hombre-habria-descuartizado-y-quemado-en-estufa-a-su-arrendador-en-aysen-le-robo-su-identidad-y-casa.png",1200,633,false],"darknews-featured":["https:\/\/www.koncevisiontv.cl\/web\/wp-content\/uploads\/2025\/10\/hombre-habria-descuartizado-y-quemado-en-estufa-a-su-arrendador-en-aysen-le-robo-su-identidad-y-casa-1024x540.png",1024,540,true],"darknews-large":["https:\/\/www.koncevisiontv.cl\/web\/wp-content\/uploads\/2025\/10\/hombre-habria-descuartizado-y-quemado-en-estufa-a-su-arrendador-en-aysen-le-robo-su-identidad-y-casa-825x575.png",825,575,true],"darknews-medium":["https:\/\/www.koncevisiontv.cl\/web\/wp-content\/uploads\/2025\/10\/hombre-habria-descuartizado-y-quemado-en-estufa-a-su-arrendador-en-aysen-le-robo-su-identidad-y-casa-590x410.png",590,410,true]},"uagb_author_info":{"display_name":"Web-Master","author_link":"https:\/\/www.koncevisiontv.cl\/web\/author\/koncevision\/"},"uagb_comment_info":0,"uagb_excerpt":"El Juzgado de Garant\u00eda de la comuna de Puerto Ays\u00e9n ha determinado que un individuo permanecer\u00e1 bajo la","_links":{"self":[{"href":"https:\/\/www.koncevisiontv.cl\/web\/wp-json\/wp\/v2\/posts\/11570","targetHints":{"allow":["GET"]}}],"collection":[{"href":"https:\/\/www.koncevisiontv.cl\/web\/wp-json\/wp\/v2\/posts"}],"about":[{"href":"https:\/\/www.koncevisiontv.cl\/web\/wp-json\/wp\/v2\/types\/post"}],"author":[{"embeddable":true,"href":"https:\/\/www.koncevisiontv.cl\/web\/wp-json\/wp\/v2\/users\/5"}],"replies":[{"embeddable":true,"href":"https:\/\/www.koncevisiontv.cl\/web\/wp-json\/wp\/v2\/comments?post=11570"}],"version-history":[{"count":1,"href":"https:\/\/www.koncevisiontv.cl\/web\/wp-json\/wp\/v2\/posts\/11570\/revisions"}],"predecessor-version":[{"id":11571,"href":"https:\/\/www.koncevisiontv.cl\/web\/wp-json\/wp\/v2\/posts\/11570\/revisions\/11571"}],"wp:featuredmedia":[{"embeddable":true,"href":"https:\/\/www.koncevisiontv.cl\/web\/wp-json\/wp\/v2\/media\/11572"}],"wp:attachment":[{"href":"https:\/\/www.koncevisiontv.cl\/web\/wp-json\/wp\/v2\/media?parent=11570"}],"wp:term":[{"taxonomy":"category","embeddable":true,"href":"https:\/\/www.koncevisiontv.cl\/web\/wp-json\/wp\/v2\/categories?post=11570"},{"taxonomy":"post_tag","embeddable":true,"href":"https:\/\/www.koncevisiontv.cl\/web\/wp-json\/wp\/v2\/tags?post=11570"}],"curies":[{"name":"wp","href":"https:\/\/api.w.org\/{rel}","templated":true}]}}