{"id":11576,"date":"2025-10-20T12:16:09","date_gmt":"2025-10-20T15:16:09","guid":{"rendered":"https:\/\/www.koncevisiontv.cl\/web\/?p=11576"},"modified":"2025-10-20T12:16:12","modified_gmt":"2025-10-20T15:16:12","slug":"director-de-centro-asistencial-de-curanilahue-deja-el-cargo-tras-reincorporacion-y-denuncias-de-caracter-sexual","status":"publish","type":"post","link":"https:\/\/www.koncevisiontv.cl\/web\/director-de-centro-asistencial-de-curanilahue-deja-el-cargo-tras-reincorporacion-y-denuncias-de-caracter-sexual\/","title":{"rendered":"Director de Centro Asistencial de Curanilahue Deja el Cargo Tras Reincorporaci\u00f3n y Denuncias de Car\u00e1cter Sexual"},"content":{"rendered":"\n<p class=\"wp-block-paragraph\">El Servicio de Salud de Arauco ha solicitado la <strong>dimisi\u00f3n<\/strong> del director del Hospital de Curanilahue, Juan Gamboa Saravia, pocos d\u00edas despu\u00e9s de que este retomara sus funciones. El funcionario hab\u00eda estado <strong>separado de su cargo por siete meses<\/strong> mientras enfrentaba un proceso de sumario administrativo a ra\u00edz de acusaciones de \u00edndole sexual.<\/p>\n\n\n\n<p class=\"wp-block-paragraph\">La controversia se origin\u00f3 en marzo, cuando se hicieron p\u00fablicas denuncias de <strong>acoso y abuso sexual<\/strong> presentadas por tres trabajadores del mismo centro de salud. A pesar de que la investigaci\u00f3n interna a\u00fan no hab\u00eda concluido, Gamboa se hab\u00eda reincorporado recientemente.<\/p>\n\n\n\n<p class=\"wp-block-paragraph\">El Servicio de Salud de Arauco emiti\u00f3 un comunicado indicando que la petici\u00f3n de renuncia est\u00e1 alineada con los <strong>principios de probidad y transparencia<\/strong> promovidos por el Gobierno y el Ministerio de Salud. En su lugar, asumir\u00e1 la actual subdirectora de Gesti\u00f3n Asistencial, Kareen Ortloff Vidal.<\/p>\n\n\n\n<p class=\"wp-block-paragraph\">La Confederaci\u00f3n Nacional de Profesionales Universitarios de los Servicios de Salud (Fenpruss) <strong>valor\u00f3 positivamente<\/strong> esta determinaci\u00f3n, se\u00f1alando que era la medida apropiada y que los est\u00e1ndares de exigencia para los cargos de Alta Direcci\u00f3n P\u00fablica deben ser rigurosos ante &#8220;sospechas fundadas&#8221;. El gremio expres\u00f3 su tranquilidad, ya que los trabajadores del hospital podr\u00e1n desempe\u00f1ar sus labores en un ambiente m\u00e1s seguro.<\/p>\n","protected":false},"excerpt":{"rendered":"<p>El Servicio de Salud de Arauco ha solicitado la dimisi\u00f3n del director del Hospital de Curanilahue, Juan Gamboa<\/p>\n","protected":false},"author":5,"featured_media":11577,"comment_status":"open","ping_status":"open","sticky":false,"template":"","format":"standard","meta":{"_crdt_document":"","_uag_custom_page_level_css":"","_sitemap_exclude":false,"_sitemap_priority":"","_sitemap_frequency":"","_joinchat":[],"footnotes":""},"categories":[1,14],"tags":[63],"class_list":["post-11576","post","type-post","status-publish","format-standard","has-post-thumbnail","hentry","category-bio-bio","category-nacional","tag-regiondelbiobio"],"featured_image_urls":{"full":["https:\/\/www.koncevisiontv.cl\/web\/wp-content\/uploads\/2025\/10\/sin-titulo-1200-x-633-px-2-7.webp",1200,633,false],"thumbnail":["https:\/\/www.koncevisiontv.cl\/web\/wp-content\/uploads\/2025\/10\/sin-titulo-1200-x-633-px-2-7-150x150.webp",150,150,true],"medium":["https:\/\/www.koncevisiontv.cl\/web\/wp-content\/uploads\/2025\/10\/sin-titulo-1200-x-633-px-2-7-300x158.webp",300,158,true],"medium_large":["https:\/\/www.koncevisiontv.cl\/web\/wp-content\/uploads\/2025\/10\/sin-titulo-1200-x-633-px-2-7-768x405.webp",640,338,true],"large":["https:\/\/www.koncevisiontv.cl\/web\/wp-content\/uploads\/2025\/10\/sin-titulo-1200-x-633-px-2-7-1024x540.webp",640,338,true],"1536x1536":["https:\/\/www.koncevisiontv.cl\/web\/wp-content\/uploads\/2025\/10\/sin-titulo-1200-x-633-px-2-7.webp",1200,633,false],"2048x2048":["https:\/\/www.koncevisiontv.cl\/web\/wp-content\/uploads\/2025\/10\/sin-titulo-1200-x-633-px-2-7.webp",1200,633,false],"darknews-featured":["https:\/\/www.koncevisiontv.cl\/web\/wp-content\/uploads\/2025\/10\/sin-titulo-1200-x-633-px-2-7-1024x540.webp",1024,540,true],"darknews-large":["https:\/\/www.koncevisiontv.cl\/web\/wp-content\/uploads\/2025\/10\/sin-titulo-1200-x-633-px-2-7-825x575.webp",825,575,true],"darknews-medium":["https:\/\/www.koncevisiontv.cl\/web\/wp-content\/uploads\/2025\/10\/sin-titulo-1200-x-633-px-2-7-590x410.webp",590,410,true]},"author_info":{"info":["Web-Master"]},"category_info":"<a href=\"https:\/\/www.koncevisiontv.cl\/web\/category\/bio-bio\/\" rel=\"category tag\">Bio-B\u00edo<\/a> <a href=\"https:\/\/www.koncevisiontv.cl\/web\/category\/nacional\/\" rel=\"category tag\">Nacional<\/a>","tag_info":"Nacional","comment_count":"0","uagb_featured_image_src":{"full":["https:\/\/www.koncevisiontv.cl\/web\/wp-content\/uploads\/2025\/10\/sin-titulo-1200-x-633-px-2-7.webp",1200,633,false],"thumbnail":["https:\/\/www.koncevisiontv.cl\/web\/wp-content\/uploads\/2025\/10\/sin-titulo-1200-x-633-px-2-7-150x150.webp",150,150,true],"medium":["https:\/\/www.koncevisiontv.cl\/web\/wp-content\/uploads\/2025\/10\/sin-titulo-1200-x-633-px-2-7-300x158.webp",300,158,true],"medium_large":["https:\/\/www.koncevisiontv.cl\/web\/wp-content\/uploads\/2025\/10\/sin-titulo-1200-x-633-px-2-7-768x405.webp",640,338,true],"large":["https:\/\/www.koncevisiontv.cl\/web\/wp-content\/uploads\/2025\/10\/sin-titulo-1200-x-633-px-2-7-1024x540.webp",640,338,true],"1536x1536":["https:\/\/www.koncevisiontv.cl\/web\/wp-content\/uploads\/2025\/10\/sin-titulo-1200-x-633-px-2-7.webp",1200,633,false],"2048x2048":["https:\/\/www.koncevisiontv.cl\/web\/wp-content\/uploads\/2025\/10\/sin-titulo-1200-x-633-px-2-7.webp",1200,633,false],"darknews-featured":["https:\/\/www.koncevisiontv.cl\/web\/wp-content\/uploads\/2025\/10\/sin-titulo-1200-x-633-px-2-7-1024x540.webp",1024,540,true],"darknews-large":["https:\/\/www.koncevisiontv.cl\/web\/wp-content\/uploads\/2025\/10\/sin-titulo-1200-x-633-px-2-7-825x575.webp",825,575,true],"darknews-medium":["https:\/\/www.koncevisiontv.cl\/web\/wp-content\/uploads\/2025\/10\/sin-titulo-1200-x-633-px-2-7-590x410.webp",590,410,true]},"uagb_author_info":{"display_name":"Web-Master","author_link":"https:\/\/www.koncevisiontv.cl\/web\/author\/koncevision\/"},"uagb_comment_info":0,"uagb_excerpt":"El Servicio de Salud de Arauco ha solicitado la dimisi\u00f3n del director del Hospital de Curanilahue, Juan Gamboa","_links":{"self":[{"href":"https:\/\/www.koncevisiontv.cl\/web\/wp-json\/wp\/v2\/posts\/11576","targetHints":{"allow":["GET"]}}],"collection":[{"href":"https:\/\/www.koncevisiontv.cl\/web\/wp-json\/wp\/v2\/posts"}],"about":[{"href":"https:\/\/www.koncevisiontv.cl\/web\/wp-json\/wp\/v2\/types\/post"}],"author":[{"embeddable":true,"href":"https:\/\/www.koncevisiontv.cl\/web\/wp-json\/wp\/v2\/users\/5"}],"replies":[{"embeddable":true,"href":"https:\/\/www.koncevisiontv.cl\/web\/wp-json\/wp\/v2\/comments?post=11576"}],"version-history":[{"count":1,"href":"https:\/\/www.koncevisiontv.cl\/web\/wp-json\/wp\/v2\/posts\/11576\/revisions"}],"predecessor-version":[{"id":11578,"href":"https:\/\/www.koncevisiontv.cl\/web\/wp-json\/wp\/v2\/posts\/11576\/revisions\/11578"}],"wp:featuredmedia":[{"embeddable":true,"href":"https:\/\/www.koncevisiontv.cl\/web\/wp-json\/wp\/v2\/media\/11577"}],"wp:attachment":[{"href":"https:\/\/www.koncevisiontv.cl\/web\/wp-json\/wp\/v2\/media?parent=11576"}],"wp:term":[{"taxonomy":"category","embeddable":true,"href":"https:\/\/www.koncevisiontv.cl\/web\/wp-json\/wp\/v2\/categories?post=11576"},{"taxonomy":"post_tag","embeddable":true,"href":"https:\/\/www.koncevisiontv.cl\/web\/wp-json\/wp\/v2\/tags?post=11576"}],"curies":[{"name":"wp","href":"https:\/\/api.w.org\/{rel}","templated":true}]}}