{"id":11582,"date":"2025-10-20T14:46:26","date_gmt":"2025-10-20T17:46:26","guid":{"rendered":"https:\/\/www.koncevisiontv.cl\/web\/?p=11582"},"modified":"2025-10-20T14:46:29","modified_gmt":"2025-10-20T17:46:29","slug":"incidentes-y-amedrentamiento-en-san-bernardo-amenazan-con-armas-a-residentes-cercanos-a-imputado-en-caso-krishna-aguilera","status":"publish","type":"post","link":"https:\/\/www.koncevisiontv.cl\/web\/incidentes-y-amedrentamiento-en-san-bernardo-amenazan-con-armas-a-residentes-cercanos-a-imputado-en-caso-krishna-aguilera\/","title":{"rendered":"Incidentes y Amedrentamiento en San Bernardo: Amenazan con Armas a Residentes Cercanos a Imputado en Caso Krishna Aguilera"},"content":{"rendered":"\n<p class=\"wp-block-paragraph\">Un preocupante incidente de amedrentamiento se registr\u00f3 en el sector donde reside el principal sospechoso de la desaparici\u00f3n de <strong>Krishna Aguilera<\/strong> en San Bernardo. Desconocidos se presentaron armados para intimidar a los vecinos y evitar la entrega de material crucial para la investigaci\u00f3n.<\/p>\n\n\n\n<p class=\"wp-block-paragraph\">Los hechos ocurrieron durante la ma\u00f1ana de este lunes, cuando un grupo de sujetos lleg\u00f3 en veh\u00edculo al lugar, exigiendo a los residentes que <strong>&#8220;saquen la c\u00e1mara y no muestren ning\u00fan video&#8221;<\/strong> de seguridad.<\/p>\n\n\n\n<p class=\"wp-block-paragraph\">Esta situaci\u00f3n de hostigamiento ha generado gran temor en la comunidad, llevando a algunos vecinos a <strong>retirar sus c\u00e1maras<\/strong> para evitar futuras amenazas. Si bien la polic\u00eda no ha confirmado un v\u00ednculo directo con el sospechoso del caso Aguilera, el objetivo de los desconocidos fue claramente impedir la colaboraci\u00f3n de la comunidad con las diligencias.<\/p>\n\n\n\n<p class=\"wp-block-paragraph\">Cabe destacar que el hombre de 44 a\u00f1os detenido por la desaparici\u00f3n de Krishna, <strong>Juan Beltr\u00e1n<\/strong>, supuestamente hab\u00eda tomado control de varias propiedades en el sector, una de ellas presuntamente utilizada como punto de venta de drogas, lo que a\u00f1ade un contexto de alta complejidad al \u00e1rea. La hermana de la joven desaparecida manifest\u00f3 su preocupaci\u00f3n por el miedo que atraviesan los vecinos, pidiendo protecci\u00f3n para quienes han cooperado con la investigaci\u00f3n.<\/p>\n","protected":false},"excerpt":{"rendered":"<p>Un preocupante incidente de amedrentamiento se registr\u00f3 en el sector donde reside el principal sospechoso de la desaparici\u00f3n<\/p>\n","protected":false},"author":5,"featured_media":11583,"comment_status":"open","ping_status":"open","sticky":false,"template":"","format":"standard","meta":{"_crdt_document":"","_uag_custom_page_level_css":"","_sitemap_exclude":false,"_sitemap_priority":"","_sitemap_frequency":"","_joinchat":[],"footnotes":""},"categories":[14,204],"tags":[128],"class_list":["post-11582","post","type-post","status-publish","format-standard","has-post-thumbnail","hentry","category-nacional","category-rm","tag-santiago"],"featured_image_urls":{"full":["https:\/\/www.koncevisiontv.cl\/web\/wp-content\/uploads\/2025\/10\/caso-krishna-aguilera_-amenazan-con-armas-a-vecinos-de-sospechoso-para-evitar-entrega-de-camaras-1.webp",1200,633,false],"thumbnail":["https:\/\/www.koncevisiontv.cl\/web\/wp-content\/uploads\/2025\/10\/caso-krishna-aguilera_-amenazan-con-armas-a-vecinos-de-sospechoso-para-evitar-entrega-de-camaras-1-150x150.webp",150,150,true],"medium":["https:\/\/www.koncevisiontv.cl\/web\/wp-content\/uploads\/2025\/10\/caso-krishna-aguilera_-amenazan-con-armas-a-vecinos-de-sospechoso-para-evitar-entrega-de-camaras-1-300x158.webp",300,158,true],"medium_large":["https:\/\/www.koncevisiontv.cl\/web\/wp-content\/uploads\/2025\/10\/caso-krishna-aguilera_-amenazan-con-armas-a-vecinos-de-sospechoso-para-evitar-entrega-de-camaras-1-768x405.webp",640,338,true],"large":["https:\/\/www.koncevisiontv.cl\/web\/wp-content\/uploads\/2025\/10\/caso-krishna-aguilera_-amenazan-con-armas-a-vecinos-de-sospechoso-para-evitar-entrega-de-camaras-1-1024x540.webp",640,338,true],"1536x1536":["https:\/\/www.koncevisiontv.cl\/web\/wp-content\/uploads\/2025\/10\/caso-krishna-aguilera_-amenazan-con-armas-a-vecinos-de-sospechoso-para-evitar-entrega-de-camaras-1.webp",1200,633,false],"2048x2048":["https:\/\/www.koncevisiontv.cl\/web\/wp-content\/uploads\/2025\/10\/caso-krishna-aguilera_-amenazan-con-armas-a-vecinos-de-sospechoso-para-evitar-entrega-de-camaras-1.webp",1200,633,false],"darknews-featured":["https:\/\/www.koncevisiontv.cl\/web\/wp-content\/uploads\/2025\/10\/caso-krishna-aguilera_-amenazan-con-armas-a-vecinos-de-sospechoso-para-evitar-entrega-de-camaras-1-1024x540.webp",1024,540,true],"darknews-large":["https:\/\/www.koncevisiontv.cl\/web\/wp-content\/uploads\/2025\/10\/caso-krishna-aguilera_-amenazan-con-armas-a-vecinos-de-sospechoso-para-evitar-entrega-de-camaras-1-825x575.webp",825,575,true],"darknews-medium":["https:\/\/www.koncevisiontv.cl\/web\/wp-content\/uploads\/2025\/10\/caso-krishna-aguilera_-amenazan-con-armas-a-vecinos-de-sospechoso-para-evitar-entrega-de-camaras-1-590x410.webp",590,410,true]},"author_info":{"info":["Web-Master"]},"category_info":"<a href=\"https:\/\/www.koncevisiontv.cl\/web\/category\/nacional\/\" rel=\"category tag\">Nacional<\/a> <a href=\"https:\/\/www.koncevisiontv.cl\/web\/category\/rm\/\" rel=\"category tag\">RM<\/a>","tag_info":"RM","comment_count":"0","uagb_featured_image_src":{"full":["https:\/\/www.koncevisiontv.cl\/web\/wp-content\/uploads\/2025\/10\/caso-krishna-aguilera_-amenazan-con-armas-a-vecinos-de-sospechoso-para-evitar-entrega-de-camaras-1.webp",1200,633,false],"thumbnail":["https:\/\/www.koncevisiontv.cl\/web\/wp-content\/uploads\/2025\/10\/caso-krishna-aguilera_-amenazan-con-armas-a-vecinos-de-sospechoso-para-evitar-entrega-de-camaras-1-150x150.webp",150,150,true],"medium":["https:\/\/www.koncevisiontv.cl\/web\/wp-content\/uploads\/2025\/10\/caso-krishna-aguilera_-amenazan-con-armas-a-vecinos-de-sospechoso-para-evitar-entrega-de-camaras-1-300x158.webp",300,158,true],"medium_large":["https:\/\/www.koncevisiontv.cl\/web\/wp-content\/uploads\/2025\/10\/caso-krishna-aguilera_-amenazan-con-armas-a-vecinos-de-sospechoso-para-evitar-entrega-de-camaras-1-768x405.webp",640,338,true],"large":["https:\/\/www.koncevisiontv.cl\/web\/wp-content\/uploads\/2025\/10\/caso-krishna-aguilera_-amenazan-con-armas-a-vecinos-de-sospechoso-para-evitar-entrega-de-camaras-1-1024x540.webp",640,338,true],"1536x1536":["https:\/\/www.koncevisiontv.cl\/web\/wp-content\/uploads\/2025\/10\/caso-krishna-aguilera_-amenazan-con-armas-a-vecinos-de-sospechoso-para-evitar-entrega-de-camaras-1.webp",1200,633,false],"2048x2048":["https:\/\/www.koncevisiontv.cl\/web\/wp-content\/uploads\/2025\/10\/caso-krishna-aguilera_-amenazan-con-armas-a-vecinos-de-sospechoso-para-evitar-entrega-de-camaras-1.webp",1200,633,false],"darknews-featured":["https:\/\/www.koncevisiontv.cl\/web\/wp-content\/uploads\/2025\/10\/caso-krishna-aguilera_-amenazan-con-armas-a-vecinos-de-sospechoso-para-evitar-entrega-de-camaras-1-1024x540.webp",1024,540,true],"darknews-large":["https:\/\/www.koncevisiontv.cl\/web\/wp-content\/uploads\/2025\/10\/caso-krishna-aguilera_-amenazan-con-armas-a-vecinos-de-sospechoso-para-evitar-entrega-de-camaras-1-825x575.webp",825,575,true],"darknews-medium":["https:\/\/www.koncevisiontv.cl\/web\/wp-content\/uploads\/2025\/10\/caso-krishna-aguilera_-amenazan-con-armas-a-vecinos-de-sospechoso-para-evitar-entrega-de-camaras-1-590x410.webp",590,410,true]},"uagb_author_info":{"display_name":"Web-Master","author_link":"https:\/\/www.koncevisiontv.cl\/web\/author\/koncevision\/"},"uagb_comment_info":0,"uagb_excerpt":"Un preocupante incidente de amedrentamiento se registr\u00f3 en el sector donde reside el principal sospechoso de la desaparici\u00f3n","_links":{"self":[{"href":"https:\/\/www.koncevisiontv.cl\/web\/wp-json\/wp\/v2\/posts\/11582","targetHints":{"allow":["GET"]}}],"collection":[{"href":"https:\/\/www.koncevisiontv.cl\/web\/wp-json\/wp\/v2\/posts"}],"about":[{"href":"https:\/\/www.koncevisiontv.cl\/web\/wp-json\/wp\/v2\/types\/post"}],"author":[{"embeddable":true,"href":"https:\/\/www.koncevisiontv.cl\/web\/wp-json\/wp\/v2\/users\/5"}],"replies":[{"embeddable":true,"href":"https:\/\/www.koncevisiontv.cl\/web\/wp-json\/wp\/v2\/comments?post=11582"}],"version-history":[{"count":1,"href":"https:\/\/www.koncevisiontv.cl\/web\/wp-json\/wp\/v2\/posts\/11582\/revisions"}],"predecessor-version":[{"id":11584,"href":"https:\/\/www.koncevisiontv.cl\/web\/wp-json\/wp\/v2\/posts\/11582\/revisions\/11584"}],"wp:featuredmedia":[{"embeddable":true,"href":"https:\/\/www.koncevisiontv.cl\/web\/wp-json\/wp\/v2\/media\/11583"}],"wp:attachment":[{"href":"https:\/\/www.koncevisiontv.cl\/web\/wp-json\/wp\/v2\/media?parent=11582"}],"wp:term":[{"taxonomy":"category","embeddable":true,"href":"https:\/\/www.koncevisiontv.cl\/web\/wp-json\/wp\/v2\/categories?post=11582"},{"taxonomy":"post_tag","embeddable":true,"href":"https:\/\/www.koncevisiontv.cl\/web\/wp-json\/wp\/v2\/tags?post=11582"}],"curies":[{"name":"wp","href":"https:\/\/api.w.org\/{rel}","templated":true}]}}