{"id":11585,"date":"2025-10-20T15:26:41","date_gmt":"2025-10-20T18:26:41","guid":{"rendered":"https:\/\/www.koncevisiontv.cl\/web\/?p=11585"},"modified":"2025-10-20T15:26:44","modified_gmt":"2025-10-20T18:26:44","slug":"ministerio-publico-pone-fin-a-las-indagatorias-por-la-negociacion-inconclusa-de-la-residencia-de-salvador-allende","status":"publish","type":"post","link":"https:\/\/www.koncevisiontv.cl\/web\/ministerio-publico-pone-fin-a-las-indagatorias-por-la-negociacion-inconclusa-de-la-residencia-de-salvador-allende\/","title":{"rendered":"Ministerio P\u00fablico pone fin a las indagatorias por la negociaci\u00f3n inconclusa de la residencia de Salvador Allende"},"content":{"rendered":"\n<p class=\"wp-block-paragraph\">El Ministerio P\u00fablico ha comunicado su determinaci\u00f3n de <strong>no perseverar<\/strong> en la investigaci\u00f3n penal que se hab\u00eda iniciado a ra\u00edz de la fallida adquisici\u00f3n, por parte del Estado, de la antigua casa del expresidente <strong>Salvador Allende<\/strong>, ubicada en calle Guardia Vieja 392.<\/p>\n\n\n\n<p class=\"wp-block-paragraph\">La causa se hab\u00eda iniciado de oficio en enero de 2025 y buscaba esclarecer presuntos delitos de <strong>tr\u00e1fico de influencias y fraude al fisco<\/strong> relacionados con la compraventa que finalmente no se concret\u00f3.<\/p>\n\n\n\n<p class=\"wp-block-paragraph\">A trav\u00e9s de un informe, la Fiscal\u00eda Regional de Coquimbo explic\u00f3 que, tras recopilar y analizar toda la informaci\u00f3n obtenida, <strong>&#8220;no se disponen por ahora de antecedentes que permitan sostener una imputaci\u00f3n&#8221;<\/strong> contra personas espec\u00edficas.<\/p>\n\n\n\n<p class=\"wp-block-paragraph\">Para llegar a esta conclusi\u00f3n, la Fiscal\u00eda llev\u00f3 a cabo una serie de diligencias exhaustivas. Estas incluyeron la toma de <strong>42 declaraciones en calidad de testigos<\/strong> a funcionarios de diversas instituciones p\u00fablicas, como la Presidencia, el Ministerio de las Culturas y la Contralor\u00eda. Adem\u00e1s, se interrog\u00f3 a <strong>10 personas en calidad de imputadas<\/strong>. La decisi\u00f3n de no perseverar se toma sin perjuicio de que puedan surgir nuevas pruebas que reactiven el caso.<\/p>\n\n\n\n<p class=\"wp-block-paragraph\"><\/p>\n","protected":false},"excerpt":{"rendered":"<p>El Ministerio P\u00fablico ha comunicado su determinaci\u00f3n de no perseverar en la investigaci\u00f3n penal que se hab\u00eda iniciado<\/p>\n","protected":false},"author":5,"featured_media":11586,"comment_status":"open","ping_status":"open","sticky":false,"template":"","format":"standard","meta":{"_crdt_document":"","_uag_custom_page_level_css":"","_sitemap_exclude":false,"_sitemap_priority":"","_sitemap_frequency":"","_joinchat":[],"footnotes":""},"categories":[14,204],"tags":[128],"class_list":["post-11585","post","type-post","status-publish","format-standard","has-post-thumbnail","hentry","category-nacional","category-rm","tag-santiago"],"featured_image_urls":{"full":["https:\/\/www.koncevisiontv.cl\/web\/wp-content\/uploads\/2025\/10\/casa-allende-1.jpg",1200,633,false],"thumbnail":["https:\/\/www.koncevisiontv.cl\/web\/wp-content\/uploads\/2025\/10\/casa-allende-1-150x150.jpg",150,150,true],"medium":["https:\/\/www.koncevisiontv.cl\/web\/wp-content\/uploads\/2025\/10\/casa-allende-1-300x158.jpg",300,158,true],"medium_large":["https:\/\/www.koncevisiontv.cl\/web\/wp-content\/uploads\/2025\/10\/casa-allende-1-768x405.jpg",640,338,true],"large":["https:\/\/www.koncevisiontv.cl\/web\/wp-content\/uploads\/2025\/10\/casa-allende-1-1024x540.jpg",640,338,true],"1536x1536":["https:\/\/www.koncevisiontv.cl\/web\/wp-content\/uploads\/2025\/10\/casa-allende-1.jpg",1200,633,false],"2048x2048":["https:\/\/www.koncevisiontv.cl\/web\/wp-content\/uploads\/2025\/10\/casa-allende-1.jpg",1200,633,false],"darknews-featured":["https:\/\/www.koncevisiontv.cl\/web\/wp-content\/uploads\/2025\/10\/casa-allende-1-1024x540.jpg",1024,540,true],"darknews-large":["https:\/\/www.koncevisiontv.cl\/web\/wp-content\/uploads\/2025\/10\/casa-allende-1-825x575.jpg",825,575,true],"darknews-medium":["https:\/\/www.koncevisiontv.cl\/web\/wp-content\/uploads\/2025\/10\/casa-allende-1-590x410.jpg",590,410,true]},"author_info":{"info":["Web-Master"]},"category_info":"<a href=\"https:\/\/www.koncevisiontv.cl\/web\/category\/nacional\/\" rel=\"category tag\">Nacional<\/a> <a href=\"https:\/\/www.koncevisiontv.cl\/web\/category\/rm\/\" rel=\"category tag\">RM<\/a>","tag_info":"RM","comment_count":"0","uagb_featured_image_src":{"full":["https:\/\/www.koncevisiontv.cl\/web\/wp-content\/uploads\/2025\/10\/casa-allende-1.jpg",1200,633,false],"thumbnail":["https:\/\/www.koncevisiontv.cl\/web\/wp-content\/uploads\/2025\/10\/casa-allende-1-150x150.jpg",150,150,true],"medium":["https:\/\/www.koncevisiontv.cl\/web\/wp-content\/uploads\/2025\/10\/casa-allende-1-300x158.jpg",300,158,true],"medium_large":["https:\/\/www.koncevisiontv.cl\/web\/wp-content\/uploads\/2025\/10\/casa-allende-1-768x405.jpg",640,338,true],"large":["https:\/\/www.koncevisiontv.cl\/web\/wp-content\/uploads\/2025\/10\/casa-allende-1-1024x540.jpg",640,338,true],"1536x1536":["https:\/\/www.koncevisiontv.cl\/web\/wp-content\/uploads\/2025\/10\/casa-allende-1.jpg",1200,633,false],"2048x2048":["https:\/\/www.koncevisiontv.cl\/web\/wp-content\/uploads\/2025\/10\/casa-allende-1.jpg",1200,633,false],"darknews-featured":["https:\/\/www.koncevisiontv.cl\/web\/wp-content\/uploads\/2025\/10\/casa-allende-1-1024x540.jpg",1024,540,true],"darknews-large":["https:\/\/www.koncevisiontv.cl\/web\/wp-content\/uploads\/2025\/10\/casa-allende-1-825x575.jpg",825,575,true],"darknews-medium":["https:\/\/www.koncevisiontv.cl\/web\/wp-content\/uploads\/2025\/10\/casa-allende-1-590x410.jpg",590,410,true]},"uagb_author_info":{"display_name":"Web-Master","author_link":"https:\/\/www.koncevisiontv.cl\/web\/author\/koncevision\/"},"uagb_comment_info":0,"uagb_excerpt":"El Ministerio P\u00fablico ha comunicado su determinaci\u00f3n de no perseverar en la investigaci\u00f3n penal que se hab\u00eda iniciado","_links":{"self":[{"href":"https:\/\/www.koncevisiontv.cl\/web\/wp-json\/wp\/v2\/posts\/11585","targetHints":{"allow":["GET"]}}],"collection":[{"href":"https:\/\/www.koncevisiontv.cl\/web\/wp-json\/wp\/v2\/posts"}],"about":[{"href":"https:\/\/www.koncevisiontv.cl\/web\/wp-json\/wp\/v2\/types\/post"}],"author":[{"embeddable":true,"href":"https:\/\/www.koncevisiontv.cl\/web\/wp-json\/wp\/v2\/users\/5"}],"replies":[{"embeddable":true,"href":"https:\/\/www.koncevisiontv.cl\/web\/wp-json\/wp\/v2\/comments?post=11585"}],"version-history":[{"count":1,"href":"https:\/\/www.koncevisiontv.cl\/web\/wp-json\/wp\/v2\/posts\/11585\/revisions"}],"predecessor-version":[{"id":11587,"href":"https:\/\/www.koncevisiontv.cl\/web\/wp-json\/wp\/v2\/posts\/11585\/revisions\/11587"}],"wp:featuredmedia":[{"embeddable":true,"href":"https:\/\/www.koncevisiontv.cl\/web\/wp-json\/wp\/v2\/media\/11586"}],"wp:attachment":[{"href":"https:\/\/www.koncevisiontv.cl\/web\/wp-json\/wp\/v2\/media?parent=11585"}],"wp:term":[{"taxonomy":"category","embeddable":true,"href":"https:\/\/www.koncevisiontv.cl\/web\/wp-json\/wp\/v2\/categories?post=11585"},{"taxonomy":"post_tag","embeddable":true,"href":"https:\/\/www.koncevisiontv.cl\/web\/wp-json\/wp\/v2\/tags?post=11585"}],"curies":[{"name":"wp","href":"https:\/\/api.w.org\/{rel}","templated":true}]}}