{"id":11597,"date":"2025-10-20T16:55:47","date_gmt":"2025-10-20T19:55:47","guid":{"rendered":"https:\/\/www.koncevisiontv.cl\/web\/?p=11597"},"modified":"2025-10-20T16:55:50","modified_gmt":"2025-10-20T19:55:50","slug":"ministra-vallejo-responde-a-criticas-por-el-costo-de-la-postulacion-de-la-expresidenta-bachelet-a-la-onu","status":"publish","type":"post","link":"https:\/\/www.koncevisiontv.cl\/web\/ministra-vallejo-responde-a-criticas-por-el-costo-de-la-postulacion-de-la-expresidenta-bachelet-a-la-onu\/","title":{"rendered":"Ministra Vallejo Responde a Cr\u00edticas por el Costo de la Postulaci\u00f3n de la Expresidenta Bachelet a la ONU"},"content":{"rendered":"\n<p class=\"wp-block-paragraph\">La vocera de Gobierno, ministra <strong>Camila Vallejo<\/strong>, sali\u00f3 al paso de los cuestionamientos surgidos desde la oposici\u00f3n referentes a la falta de transparencia en el financiamiento de la campa\u00f1a de Michelle Bachelet a la Secretar\u00eda General de Naciones Unidas.<\/p>\n\n\n\n<p class=\"wp-block-paragraph\">El debate se intensific\u00f3 luego de que parlamentarios, incluyendo al diputado Diego Schalper (RN), criticaran el hermetismo sobre la cantidad de recursos p\u00fablicos destinados a la postulaci\u00f3n, indicando que la Canciller\u00eda se hab\u00eda negado a revelar la informaci\u00f3n bajo el argumento de ser un asunto de &#8220;inter\u00e9s nacional&#8221;. Ante esto, legisladores de la UDI anunciaron que solicitar\u00e1n al Consejo para la Transparencia (CPLT) que exija al Ministerio de Relaciones Exteriores hacer p\u00fablicos los gastos.<\/p>\n\n\n\n<p class=\"wp-block-paragraph\">La ministra Vallejo reproch\u00f3 las cr\u00edticas, se\u00f1alando que observa un <strong>&#8220;af\u00e1n de mellar la candidatura de Michelle Bachelet&#8221;<\/strong> en lugar de respaldar lo que deber\u00eda ser un motivo de orgullo nacional. Subray\u00f3 que la Canciller\u00eda ya cuenta con una <strong>partida presupuestaria aprobada por Ley de Presupuestos<\/strong> para este tipo de gestiones de Estado.<\/p>\n\n\n\n<p class=\"wp-block-paragraph\">Vallejo insisti\u00f3 en que el pa\u00eds deber\u00eda <strong>&#8220;comprometerse de manera patriota&#8221;<\/strong> con este liderazgo, destacando la alta probabilidad de \u00e9xito de la expresidenta, dada su vasta trayectoria y experiencia internacional, la cual se alinea con la defensa del derecho internacional, el combate a la desigualdad y el trabajo por la paz mundial.<\/p>\n","protected":false},"excerpt":{"rendered":"<p>La vocera de Gobierno, ministra Camila Vallejo, sali\u00f3 al paso de los cuestionamientos surgidos desde la oposici\u00f3n referentes<\/p>\n","protected":false},"author":5,"featured_media":11598,"comment_status":"open","ping_status":"open","sticky":false,"template":"","format":"standard","meta":{"_crdt_document":"","_uag_custom_page_level_css":"","_sitemap_exclude":false,"_sitemap_priority":"","_sitemap_frequency":"","_joinchat":[],"footnotes":""},"categories":[14],"tags":[],"class_list":["post-11597","post","type-post","status-publish","format-standard","has-post-thumbnail","hentry","category-nacional"],"featured_image_urls":{"full":["https:\/\/www.koncevisiontv.cl\/web\/wp-content\/uploads\/2025\/10\/file_20251020131024.jpg",710,399,false],"thumbnail":["https:\/\/www.koncevisiontv.cl\/web\/wp-content\/uploads\/2025\/10\/file_20251020131024-150x150.jpg",150,150,true],"medium":["https:\/\/www.koncevisiontv.cl\/web\/wp-content\/uploads\/2025\/10\/file_20251020131024-300x169.jpg",300,169,true],"medium_large":["https:\/\/www.koncevisiontv.cl\/web\/wp-content\/uploads\/2025\/10\/file_20251020131024.jpg",640,360,false],"large":["https:\/\/www.koncevisiontv.cl\/web\/wp-content\/uploads\/2025\/10\/file_20251020131024.jpg",640,360,false],"1536x1536":["https:\/\/www.koncevisiontv.cl\/web\/wp-content\/uploads\/2025\/10\/file_20251020131024.jpg",710,399,false],"2048x2048":["https:\/\/www.koncevisiontv.cl\/web\/wp-content\/uploads\/2025\/10\/file_20251020131024.jpg",710,399,false],"darknews-featured":["https:\/\/www.koncevisiontv.cl\/web\/wp-content\/uploads\/2025\/10\/file_20251020131024.jpg",710,399,false],"darknews-large":["https:\/\/www.koncevisiontv.cl\/web\/wp-content\/uploads\/2025\/10\/file_20251020131024.jpg",710,399,false],"darknews-medium":["https:\/\/www.koncevisiontv.cl\/web\/wp-content\/uploads\/2025\/10\/file_20251020131024-590x399.jpg",590,399,true]},"author_info":{"info":["Web-Master"]},"category_info":"<a href=\"https:\/\/www.koncevisiontv.cl\/web\/category\/nacional\/\" rel=\"category tag\">Nacional<\/a>","tag_info":"Nacional","comment_count":"0","uagb_featured_image_src":{"full":["https:\/\/www.koncevisiontv.cl\/web\/wp-content\/uploads\/2025\/10\/file_20251020131024.jpg",710,399,false],"thumbnail":["https:\/\/www.koncevisiontv.cl\/web\/wp-content\/uploads\/2025\/10\/file_20251020131024-150x150.jpg",150,150,true],"medium":["https:\/\/www.koncevisiontv.cl\/web\/wp-content\/uploads\/2025\/10\/file_20251020131024-300x169.jpg",300,169,true],"medium_large":["https:\/\/www.koncevisiontv.cl\/web\/wp-content\/uploads\/2025\/10\/file_20251020131024.jpg",640,360,false],"large":["https:\/\/www.koncevisiontv.cl\/web\/wp-content\/uploads\/2025\/10\/file_20251020131024.jpg",640,360,false],"1536x1536":["https:\/\/www.koncevisiontv.cl\/web\/wp-content\/uploads\/2025\/10\/file_20251020131024.jpg",710,399,false],"2048x2048":["https:\/\/www.koncevisiontv.cl\/web\/wp-content\/uploads\/2025\/10\/file_20251020131024.jpg",710,399,false],"darknews-featured":["https:\/\/www.koncevisiontv.cl\/web\/wp-content\/uploads\/2025\/10\/file_20251020131024.jpg",710,399,false],"darknews-large":["https:\/\/www.koncevisiontv.cl\/web\/wp-content\/uploads\/2025\/10\/file_20251020131024.jpg",710,399,false],"darknews-medium":["https:\/\/www.koncevisiontv.cl\/web\/wp-content\/uploads\/2025\/10\/file_20251020131024-590x399.jpg",590,399,true]},"uagb_author_info":{"display_name":"Web-Master","author_link":"https:\/\/www.koncevisiontv.cl\/web\/author\/koncevision\/"},"uagb_comment_info":0,"uagb_excerpt":"La vocera de Gobierno, ministra Camila Vallejo, sali\u00f3 al paso de los cuestionamientos surgidos desde la oposici\u00f3n referentes","_links":{"self":[{"href":"https:\/\/www.koncevisiontv.cl\/web\/wp-json\/wp\/v2\/posts\/11597","targetHints":{"allow":["GET"]}}],"collection":[{"href":"https:\/\/www.koncevisiontv.cl\/web\/wp-json\/wp\/v2\/posts"}],"about":[{"href":"https:\/\/www.koncevisiontv.cl\/web\/wp-json\/wp\/v2\/types\/post"}],"author":[{"embeddable":true,"href":"https:\/\/www.koncevisiontv.cl\/web\/wp-json\/wp\/v2\/users\/5"}],"replies":[{"embeddable":true,"href":"https:\/\/www.koncevisiontv.cl\/web\/wp-json\/wp\/v2\/comments?post=11597"}],"version-history":[{"count":1,"href":"https:\/\/www.koncevisiontv.cl\/web\/wp-json\/wp\/v2\/posts\/11597\/revisions"}],"predecessor-version":[{"id":11599,"href":"https:\/\/www.koncevisiontv.cl\/web\/wp-json\/wp\/v2\/posts\/11597\/revisions\/11599"}],"wp:featuredmedia":[{"embeddable":true,"href":"https:\/\/www.koncevisiontv.cl\/web\/wp-json\/wp\/v2\/media\/11598"}],"wp:attachment":[{"href":"https:\/\/www.koncevisiontv.cl\/web\/wp-json\/wp\/v2\/media?parent=11597"}],"wp:term":[{"taxonomy":"category","embeddable":true,"href":"https:\/\/www.koncevisiontv.cl\/web\/wp-json\/wp\/v2\/categories?post=11597"},{"taxonomy":"post_tag","embeddable":true,"href":"https:\/\/www.koncevisiontv.cl\/web\/wp-json\/wp\/v2\/tags?post=11597"}],"curies":[{"name":"wp","href":"https:\/\/api.w.org\/{rel}","templated":true}]}}