{"id":11600,"date":"2025-10-20T17:10:25","date_gmt":"2025-10-20T20:10:25","guid":{"rendered":"https:\/\/www.koncevisiontv.cl\/web\/?p=11600"},"modified":"2025-10-20T17:10:29","modified_gmt":"2025-10-20T20:10:29","slug":"alerta-en-la-region-del-biobio-por-el-incremento-de-prestamos-informales-y-el-riesgo-de-extorsion-gota-a-gota","status":"publish","type":"post","link":"https:\/\/www.koncevisiontv.cl\/web\/alerta-en-la-region-del-biobio-por-el-incremento-de-prestamos-informales-y-el-riesgo-de-extorsion-gota-a-gota\/","title":{"rendered":"Alerta en la Regi\u00f3n del Biob\u00edo por el Incremento de Pr\u00e9stamos Informales y el Riesgo de Extorsi\u00f3n &#8220;Gota a Gota&#8221;"},"content":{"rendered":"\n<p class=\"wp-block-paragraph\">Las autoridades de Concepci\u00f3n han emitido un llamado a la cautela ante el notable aumento de personas, generalmente de origen extranjero, que ofrecen <strong>cr\u00e9ditos informales y de r\u00e1pida tramitaci\u00f3n<\/strong> en el centro de la ciudad. Este fen\u00f3meno ha generado desconfianza y preocupaci\u00f3n en la poblaci\u00f3n, debido a la conocida modalidad de usura y extorsi\u00f3n denominada &#8220;gota a gota&#8221;.<\/p>\n\n\n\n<p class=\"wp-block-paragraph\">Estos sujetos distribuyen tarjetas y folletos en calles y negocios, promoviendo pr\u00e9stamos desde <strong>$100.000 hasta un mill\u00f3n de pesos<\/strong>, que prometen ser &#8220;f\u00e1ciles&#8221; y sin requisitos como aval o verificaci\u00f3n en DICOM. Sin embargo, el m\u00e9todo de operaci\u00f3n implica la devoluci\u00f3n del dinero con <strong>intereses desmedidos<\/strong> y, en muchos casos, a trav\u00e9s de <strong>cobros diarios<\/strong> y violentas amenazas si el pago se retrasa.<\/p>\n\n\n\n<p class=\"wp-block-paragraph\">Las fuerzas de orden han iniciado investigaciones para desarticular a estas agrupaciones. Recientemente, el OS-9 de Carabineros detuvo a una banda internacional compuesta por cerca de 15 individuos, principalmente colombianos, que se dedicaban a la extorsi\u00f3n a sus v\u00edctimas. El general jefe de la Octava Zona, Renzo Miccono, inst\u00f3 a los ciudadanos a <strong>evitar completamente estas ofertas usureras<\/strong>, enfatizando que se trata de un delito cuya agresividad escala r\u00e1pidamente, y a presentar las denuncias correspondientes. Los sujetos arrestados enfrentan cargos por usura, extorsi\u00f3n, lavado de activos y asociaci\u00f3n il\u00edcita.<\/p>\n","protected":false},"excerpt":{"rendered":"<p>Las autoridades de Concepci\u00f3n han emitido un llamado a la cautela ante el notable aumento de personas, generalmente<\/p>\n","protected":false},"author":5,"featured_media":11601,"comment_status":"open","ping_status":"open","sticky":false,"template":"","format":"standard","meta":{"_crdt_document":"","_uag_custom_page_level_css":"","_sitemap_exclude":false,"_sitemap_priority":"","_sitemap_frequency":"","_joinchat":[],"footnotes":""},"categories":[1,14],"tags":[46,63],"class_list":["post-11600","post","type-post","status-publish","format-standard","has-post-thumbnail","hentry","category-bio-bio","category-nacional","tag-concepcion","tag-regiondelbiobio"],"featured_image_urls":{"full":["https:\/\/www.koncevisiontv.cl\/web\/wp-content\/uploads\/2025\/10\/prestamistas.png",1484,826,false],"thumbnail":["https:\/\/www.koncevisiontv.cl\/web\/wp-content\/uploads\/2025\/10\/prestamistas-150x150.png",150,150,true],"medium":["https:\/\/www.koncevisiontv.cl\/web\/wp-content\/uploads\/2025\/10\/prestamistas-300x167.png",300,167,true],"medium_large":["https:\/\/www.koncevisiontv.cl\/web\/wp-content\/uploads\/2025\/10\/prestamistas-768x427.png",640,356,true],"large":["https:\/\/www.koncevisiontv.cl\/web\/wp-content\/uploads\/2025\/10\/prestamistas-1024x570.png",640,356,true],"1536x1536":["https:\/\/www.koncevisiontv.cl\/web\/wp-content\/uploads\/2025\/10\/prestamistas.png",1484,826,false],"2048x2048":["https:\/\/www.koncevisiontv.cl\/web\/wp-content\/uploads\/2025\/10\/prestamistas.png",1484,826,false],"darknews-featured":["https:\/\/www.koncevisiontv.cl\/web\/wp-content\/uploads\/2025\/10\/prestamistas-1024x570.png",1024,570,true],"darknews-large":["https:\/\/www.koncevisiontv.cl\/web\/wp-content\/uploads\/2025\/10\/prestamistas-825x575.png",825,575,true],"darknews-medium":["https:\/\/www.koncevisiontv.cl\/web\/wp-content\/uploads\/2025\/10\/prestamistas-590x410.png",590,410,true]},"author_info":{"info":["Web-Master"]},"category_info":"<a href=\"https:\/\/www.koncevisiontv.cl\/web\/category\/bio-bio\/\" rel=\"category tag\">Bio-B\u00edo<\/a> <a href=\"https:\/\/www.koncevisiontv.cl\/web\/category\/nacional\/\" rel=\"category tag\">Nacional<\/a>","tag_info":"Nacional","comment_count":"0","uagb_featured_image_src":{"full":["https:\/\/www.koncevisiontv.cl\/web\/wp-content\/uploads\/2025\/10\/prestamistas.png",1484,826,false],"thumbnail":["https:\/\/www.koncevisiontv.cl\/web\/wp-content\/uploads\/2025\/10\/prestamistas-150x150.png",150,150,true],"medium":["https:\/\/www.koncevisiontv.cl\/web\/wp-content\/uploads\/2025\/10\/prestamistas-300x167.png",300,167,true],"medium_large":["https:\/\/www.koncevisiontv.cl\/web\/wp-content\/uploads\/2025\/10\/prestamistas-768x427.png",640,356,true],"large":["https:\/\/www.koncevisiontv.cl\/web\/wp-content\/uploads\/2025\/10\/prestamistas-1024x570.png",640,356,true],"1536x1536":["https:\/\/www.koncevisiontv.cl\/web\/wp-content\/uploads\/2025\/10\/prestamistas.png",1484,826,false],"2048x2048":["https:\/\/www.koncevisiontv.cl\/web\/wp-content\/uploads\/2025\/10\/prestamistas.png",1484,826,false],"darknews-featured":["https:\/\/www.koncevisiontv.cl\/web\/wp-content\/uploads\/2025\/10\/prestamistas-1024x570.png",1024,570,true],"darknews-large":["https:\/\/www.koncevisiontv.cl\/web\/wp-content\/uploads\/2025\/10\/prestamistas-825x575.png",825,575,true],"darknews-medium":["https:\/\/www.koncevisiontv.cl\/web\/wp-content\/uploads\/2025\/10\/prestamistas-590x410.png",590,410,true]},"uagb_author_info":{"display_name":"Web-Master","author_link":"https:\/\/www.koncevisiontv.cl\/web\/author\/koncevision\/"},"uagb_comment_info":0,"uagb_excerpt":"Las autoridades de Concepci\u00f3n han emitido un llamado a la cautela ante el notable aumento de personas, generalmente","_links":{"self":[{"href":"https:\/\/www.koncevisiontv.cl\/web\/wp-json\/wp\/v2\/posts\/11600","targetHints":{"allow":["GET"]}}],"collection":[{"href":"https:\/\/www.koncevisiontv.cl\/web\/wp-json\/wp\/v2\/posts"}],"about":[{"href":"https:\/\/www.koncevisiontv.cl\/web\/wp-json\/wp\/v2\/types\/post"}],"author":[{"embeddable":true,"href":"https:\/\/www.koncevisiontv.cl\/web\/wp-json\/wp\/v2\/users\/5"}],"replies":[{"embeddable":true,"href":"https:\/\/www.koncevisiontv.cl\/web\/wp-json\/wp\/v2\/comments?post=11600"}],"version-history":[{"count":1,"href":"https:\/\/www.koncevisiontv.cl\/web\/wp-json\/wp\/v2\/posts\/11600\/revisions"}],"predecessor-version":[{"id":11602,"href":"https:\/\/www.koncevisiontv.cl\/web\/wp-json\/wp\/v2\/posts\/11600\/revisions\/11602"}],"wp:featuredmedia":[{"embeddable":true,"href":"https:\/\/www.koncevisiontv.cl\/web\/wp-json\/wp\/v2\/media\/11601"}],"wp:attachment":[{"href":"https:\/\/www.koncevisiontv.cl\/web\/wp-json\/wp\/v2\/media?parent=11600"}],"wp:term":[{"taxonomy":"category","embeddable":true,"href":"https:\/\/www.koncevisiontv.cl\/web\/wp-json\/wp\/v2\/categories?post=11600"},{"taxonomy":"post_tag","embeddable":true,"href":"https:\/\/www.koncevisiontv.cl\/web\/wp-json\/wp\/v2\/tags?post=11600"}],"curies":[{"name":"wp","href":"https:\/\/api.w.org\/{rel}","templated":true}]}}