{"id":11603,"date":"2025-10-20T17:20:36","date_gmt":"2025-10-20T20:20:36","guid":{"rendered":"https:\/\/www.koncevisiontv.cl\/web\/?p=11603"},"modified":"2025-10-20T17:20:38","modified_gmt":"2025-10-20T20:20:38","slug":"consejo-de-defensa-del-estado-analiza-solicitar-carcel-preventiva-para-el-alcalde-de-coronel-en-causa-por-fraude-fiscal-millonario","status":"publish","type":"post","link":"https:\/\/www.koncevisiontv.cl\/web\/consejo-de-defensa-del-estado-analiza-solicitar-carcel-preventiva-para-el-alcalde-de-coronel-en-causa-por-fraude-fiscal-millonario\/","title":{"rendered":"Consejo de Defensa del Estado Analiza Solicitar C\u00e1rcel Preventiva para el Alcalde de Coronel en Causa por Fraude Fiscal Millonario"},"content":{"rendered":"\n<p class=\"wp-block-paragraph\">El Consejo de Defensa del Estado (CDE) est\u00e1 evaluando la posibilidad de solicitar medidas cautelares que impliquen la <strong>privaci\u00f3n de libertad<\/strong> para el alcalde de Coronel, <strong>Boris Chamorro<\/strong>, durante la audiencia de formalizaci\u00f3n programada para finales de este a\u00f1o.<\/p>\n\n\n\n<p class=\"wp-block-paragraph\">La acci\u00f3n legal se enmarca en una querella presentada a fines de 2024 por el propio CDE, que investiga la <strong>condonaci\u00f3n de $1.200 millones de pesos<\/strong> en patentes comerciales a la empresa embotelladora Llacol\u00e9n, una medida aprobada en 2020.<\/p>\n\n\n\n<p class=\"wp-block-paragraph\">En esta causa, que ser\u00e1 formalizada el <strong>29 de diciembre<\/strong> en el Juzgado de Garant\u00eda de Coronel, se imputa al alcalde Chamorro, al exdirector jur\u00eddico del municipio y a cuatro concejales el delito de <strong>fraude al fisco<\/strong> por la aprobaci\u00f3n de la rebaja de esta deuda cuantiosa.<\/p>\n\n\n\n<p class=\"wp-block-paragraph\">El abogado del CDE, Georgy Schubert, indic\u00f3 que la entidad est\u00e1 analizando la solicitud de cautelares y que estas ser\u00e1n proporcionales a la gravedad de los il\u00edcitos que se investigan. El objetivo del Consejo es que &#8220;todos los funcionarios p\u00fablicos que cometieron il\u00edcitos respondan por este hecho&#8221;.<\/p>\n","protected":false},"excerpt":{"rendered":"<p>El Consejo de Defensa del Estado (CDE) est\u00e1 evaluando la posibilidad de solicitar medidas cautelares que impliquen la<\/p>\n","protected":false},"author":5,"featured_media":11604,"comment_status":"open","ping_status":"open","sticky":false,"template":"","format":"standard","meta":{"_crdt_document":"","_uag_custom_page_level_css":"","_sitemap_exclude":false,"_sitemap_priority":"","_sitemap_frequency":"","_joinchat":[],"footnotes":""},"categories":[1,219,14],"tags":[63],"class_list":["post-11603","post","type-post","status-publish","format-standard","has-post-thumbnail","hentry","category-bio-bio","category-coronel","category-nacional","tag-regiondelbiobio"],"featured_image_urls":{"full":["https:\/\/www.koncevisiontv.cl\/web\/wp-content\/uploads\/2025\/10\/boris-chamorro-formalizacion-condenar-deuda-empresa-coronel.webp",1200,633,false],"thumbnail":["https:\/\/www.koncevisiontv.cl\/web\/wp-content\/uploads\/2025\/10\/boris-chamorro-formalizacion-condenar-deuda-empresa-coronel-150x150.webp",150,150,true],"medium":["https:\/\/www.koncevisiontv.cl\/web\/wp-content\/uploads\/2025\/10\/boris-chamorro-formalizacion-condenar-deuda-empresa-coronel-300x158.webp",300,158,true],"medium_large":["https:\/\/www.koncevisiontv.cl\/web\/wp-content\/uploads\/2025\/10\/boris-chamorro-formalizacion-condenar-deuda-empresa-coronel-768x405.webp",640,338,true],"large":["https:\/\/www.koncevisiontv.cl\/web\/wp-content\/uploads\/2025\/10\/boris-chamorro-formalizacion-condenar-deuda-empresa-coronel-1024x540.webp",640,338,true],"1536x1536":["https:\/\/www.koncevisiontv.cl\/web\/wp-content\/uploads\/2025\/10\/boris-chamorro-formalizacion-condenar-deuda-empresa-coronel.webp",1200,633,false],"2048x2048":["https:\/\/www.koncevisiontv.cl\/web\/wp-content\/uploads\/2025\/10\/boris-chamorro-formalizacion-condenar-deuda-empresa-coronel.webp",1200,633,false],"darknews-featured":["https:\/\/www.koncevisiontv.cl\/web\/wp-content\/uploads\/2025\/10\/boris-chamorro-formalizacion-condenar-deuda-empresa-coronel-1024x540.webp",1024,540,true],"darknews-large":["https:\/\/www.koncevisiontv.cl\/web\/wp-content\/uploads\/2025\/10\/boris-chamorro-formalizacion-condenar-deuda-empresa-coronel-825x575.webp",825,575,true],"darknews-medium":["https:\/\/www.koncevisiontv.cl\/web\/wp-content\/uploads\/2025\/10\/boris-chamorro-formalizacion-condenar-deuda-empresa-coronel-590x410.webp",590,410,true]},"author_info":{"info":["Web-Master"]},"category_info":"<a href=\"https:\/\/www.koncevisiontv.cl\/web\/category\/bio-bio\/\" rel=\"category tag\">Bio-B\u00edo<\/a> <a href=\"https:\/\/www.koncevisiontv.cl\/web\/category\/coronel\/\" rel=\"category tag\">Coronel<\/a> <a href=\"https:\/\/www.koncevisiontv.cl\/web\/category\/nacional\/\" rel=\"category tag\">Nacional<\/a>","tag_info":"Nacional","comment_count":"0","uagb_featured_image_src":{"full":["https:\/\/www.koncevisiontv.cl\/web\/wp-content\/uploads\/2025\/10\/boris-chamorro-formalizacion-condenar-deuda-empresa-coronel.webp",1200,633,false],"thumbnail":["https:\/\/www.koncevisiontv.cl\/web\/wp-content\/uploads\/2025\/10\/boris-chamorro-formalizacion-condenar-deuda-empresa-coronel-150x150.webp",150,150,true],"medium":["https:\/\/www.koncevisiontv.cl\/web\/wp-content\/uploads\/2025\/10\/boris-chamorro-formalizacion-condenar-deuda-empresa-coronel-300x158.webp",300,158,true],"medium_large":["https:\/\/www.koncevisiontv.cl\/web\/wp-content\/uploads\/2025\/10\/boris-chamorro-formalizacion-condenar-deuda-empresa-coronel-768x405.webp",640,338,true],"large":["https:\/\/www.koncevisiontv.cl\/web\/wp-content\/uploads\/2025\/10\/boris-chamorro-formalizacion-condenar-deuda-empresa-coronel-1024x540.webp",640,338,true],"1536x1536":["https:\/\/www.koncevisiontv.cl\/web\/wp-content\/uploads\/2025\/10\/boris-chamorro-formalizacion-condenar-deuda-empresa-coronel.webp",1200,633,false],"2048x2048":["https:\/\/www.koncevisiontv.cl\/web\/wp-content\/uploads\/2025\/10\/boris-chamorro-formalizacion-condenar-deuda-empresa-coronel.webp",1200,633,false],"darknews-featured":["https:\/\/www.koncevisiontv.cl\/web\/wp-content\/uploads\/2025\/10\/boris-chamorro-formalizacion-condenar-deuda-empresa-coronel-1024x540.webp",1024,540,true],"darknews-large":["https:\/\/www.koncevisiontv.cl\/web\/wp-content\/uploads\/2025\/10\/boris-chamorro-formalizacion-condenar-deuda-empresa-coronel-825x575.webp",825,575,true],"darknews-medium":["https:\/\/www.koncevisiontv.cl\/web\/wp-content\/uploads\/2025\/10\/boris-chamorro-formalizacion-condenar-deuda-empresa-coronel-590x410.webp",590,410,true]},"uagb_author_info":{"display_name":"Web-Master","author_link":"https:\/\/www.koncevisiontv.cl\/web\/author\/koncevision\/"},"uagb_comment_info":0,"uagb_excerpt":"El Consejo de Defensa del Estado (CDE) est\u00e1 evaluando la posibilidad de solicitar medidas cautelares que impliquen la","_links":{"self":[{"href":"https:\/\/www.koncevisiontv.cl\/web\/wp-json\/wp\/v2\/posts\/11603","targetHints":{"allow":["GET"]}}],"collection":[{"href":"https:\/\/www.koncevisiontv.cl\/web\/wp-json\/wp\/v2\/posts"}],"about":[{"href":"https:\/\/www.koncevisiontv.cl\/web\/wp-json\/wp\/v2\/types\/post"}],"author":[{"embeddable":true,"href":"https:\/\/www.koncevisiontv.cl\/web\/wp-json\/wp\/v2\/users\/5"}],"replies":[{"embeddable":true,"href":"https:\/\/www.koncevisiontv.cl\/web\/wp-json\/wp\/v2\/comments?post=11603"}],"version-history":[{"count":1,"href":"https:\/\/www.koncevisiontv.cl\/web\/wp-json\/wp\/v2\/posts\/11603\/revisions"}],"predecessor-version":[{"id":11605,"href":"https:\/\/www.koncevisiontv.cl\/web\/wp-json\/wp\/v2\/posts\/11603\/revisions\/11605"}],"wp:featuredmedia":[{"embeddable":true,"href":"https:\/\/www.koncevisiontv.cl\/web\/wp-json\/wp\/v2\/media\/11604"}],"wp:attachment":[{"href":"https:\/\/www.koncevisiontv.cl\/web\/wp-json\/wp\/v2\/media?parent=11603"}],"wp:term":[{"taxonomy":"category","embeddable":true,"href":"https:\/\/www.koncevisiontv.cl\/web\/wp-json\/wp\/v2\/categories?post=11603"},{"taxonomy":"post_tag","embeddable":true,"href":"https:\/\/www.koncevisiontv.cl\/web\/wp-json\/wp\/v2\/tags?post=11603"}],"curies":[{"name":"wp","href":"https:\/\/api.w.org\/{rel}","templated":true}]}}