{"id":11609,"date":"2025-10-21T12:59:39","date_gmt":"2025-10-21T15:59:39","guid":{"rendered":"https:\/\/www.koncevisiontv.cl\/web\/?p=11609"},"modified":"2025-10-21T13:06:28","modified_gmt":"2025-10-21T16:06:28","slug":"revelan-la-edentidad-y-el-extenso-historial-delictual-de-los-hombres-imputados-por-muerte-de-menor-en-recoleta","status":"publish","type":"post","link":"https:\/\/www.koncevisiontv.cl\/web\/revelan-la-edentidad-y-el-extenso-historial-delictual-de-los-hombres-imputados-por-muerte-de-menor-en-recoleta\/","title":{"rendered":"Revelan la identidad y el extenso historial delictual de los hombres imputados por muerte de menor en Recoleta"},"content":{"rendered":"\n<p class=\"wp-block-paragraph\">Durante la ma\u00f1ana de este martes, se dieron a conocer las identidades de los dos sujetos arrestados en conexi\u00f3n con el <strong>mortal choque<\/strong> que afect\u00f3 a un transporte escolar en Recoleta, resultando en el deceso de un ni\u00f1o de 12 a\u00f1os y dejando a otras siete personas lesionadas.<\/p>\n\n\n\n<p class=\"wp-block-paragraph\">Los implicados han sido identificados como <strong>Iv\u00e1n Esteban G\u00f3mez Obreque<\/strong>, de 28 a\u00f1os, y <strong>Claudio Enrique Gaete Quiroz<\/strong>, de 31 a\u00f1os. Ambos enfrentar\u00e1n cargos por <strong>homicidio<\/strong> ante la justicia.<\/p>\n\n\n\n<p class=\"wp-block-paragraph\">El historial criminal de los detenidos es significativo. <strong>G\u00f3mez Obreque<\/strong> posee un amplio prontuario que incluye delitos graves como robo con violencia, microtr\u00e1fico, lesiones leves en contexto de violencia intrafamiliar (VIF) contra una mujer, hurto en supermercado y porte de arma blanca, entre otros. Por su parte, <strong>Gaete Quiroz<\/strong> tambi\u00e9n registra antecedentes por delitos como receptaci\u00f3n reiterada, cuasidelito de lesiones, infracciones a la Ley de Tr\u00e1nsito y porte de arma blanca.<\/p>\n\n\n\n<p class=\"wp-block-paragraph\">La revelaci\u00f3n de estos antecedentes agrega un elemento de gravedad al caso que ha conmocionado a la Regi\u00f3n Metropolitana.<\/p>\n","protected":false},"excerpt":{"rendered":"<p>Durante la ma\u00f1ana de este martes, se dieron a conocer las identidades de los dos sujetos arrestados en<\/p>\n","protected":false},"author":5,"featured_media":11610,"comment_status":"open","ping_status":"open","sticky":false,"template":"","format":"standard","meta":{"_crdt_document":"","_uag_custom_page_level_css":"","_sitemap_exclude":false,"_sitemap_priority":"","_sitemap_frequency":"","_joinchat":[],"footnotes":""},"categories":[14,204],"tags":[128],"class_list":["post-11609","post","type-post","status-publish","format-standard","has-post-thumbnail","hentry","category-nacional","category-rm","tag-santiago"],"featured_image_urls":{"full":["https:\/\/www.koncevisiontv.cl\/web\/wp-content\/uploads\/2025\/10\/identifican-a-los-dos-delincuentes-que-provocaron-muerte-de-nino-tras-colision-a-furgon-en-recoleta.png",1200,633,false],"thumbnail":["https:\/\/www.koncevisiontv.cl\/web\/wp-content\/uploads\/2025\/10\/identifican-a-los-dos-delincuentes-que-provocaron-muerte-de-nino-tras-colision-a-furgon-en-recoleta-150x150.png",150,150,true],"medium":["https:\/\/www.koncevisiontv.cl\/web\/wp-content\/uploads\/2025\/10\/identifican-a-los-dos-delincuentes-que-provocaron-muerte-de-nino-tras-colision-a-furgon-en-recoleta-300x158.png",300,158,true],"medium_large":["https:\/\/www.koncevisiontv.cl\/web\/wp-content\/uploads\/2025\/10\/identifican-a-los-dos-delincuentes-que-provocaron-muerte-de-nino-tras-colision-a-furgon-en-recoleta-768x405.png",640,338,true],"large":["https:\/\/www.koncevisiontv.cl\/web\/wp-content\/uploads\/2025\/10\/identifican-a-los-dos-delincuentes-que-provocaron-muerte-de-nino-tras-colision-a-furgon-en-recoleta-1024x540.png",640,338,true],"1536x1536":["https:\/\/www.koncevisiontv.cl\/web\/wp-content\/uploads\/2025\/10\/identifican-a-los-dos-delincuentes-que-provocaron-muerte-de-nino-tras-colision-a-furgon-en-recoleta.png",1200,633,false],"2048x2048":["https:\/\/www.koncevisiontv.cl\/web\/wp-content\/uploads\/2025\/10\/identifican-a-los-dos-delincuentes-que-provocaron-muerte-de-nino-tras-colision-a-furgon-en-recoleta.png",1200,633,false],"darknews-featured":["https:\/\/www.koncevisiontv.cl\/web\/wp-content\/uploads\/2025\/10\/identifican-a-los-dos-delincuentes-que-provocaron-muerte-de-nino-tras-colision-a-furgon-en-recoleta-1024x540.png",1024,540,true],"darknews-large":["https:\/\/www.koncevisiontv.cl\/web\/wp-content\/uploads\/2025\/10\/identifican-a-los-dos-delincuentes-que-provocaron-muerte-de-nino-tras-colision-a-furgon-en-recoleta-825x575.png",825,575,true],"darknews-medium":["https:\/\/www.koncevisiontv.cl\/web\/wp-content\/uploads\/2025\/10\/identifican-a-los-dos-delincuentes-que-provocaron-muerte-de-nino-tras-colision-a-furgon-en-recoleta-590x410.png",590,410,true]},"author_info":{"info":["Web-Master"]},"category_info":"<a href=\"https:\/\/www.koncevisiontv.cl\/web\/category\/nacional\/\" rel=\"category tag\">Nacional<\/a> <a href=\"https:\/\/www.koncevisiontv.cl\/web\/category\/rm\/\" rel=\"category tag\">RM<\/a>","tag_info":"RM","comment_count":"0","uagb_featured_image_src":{"full":["https:\/\/www.koncevisiontv.cl\/web\/wp-content\/uploads\/2025\/10\/identifican-a-los-dos-delincuentes-que-provocaron-muerte-de-nino-tras-colision-a-furgon-en-recoleta.png",1200,633,false],"thumbnail":["https:\/\/www.koncevisiontv.cl\/web\/wp-content\/uploads\/2025\/10\/identifican-a-los-dos-delincuentes-que-provocaron-muerte-de-nino-tras-colision-a-furgon-en-recoleta-150x150.png",150,150,true],"medium":["https:\/\/www.koncevisiontv.cl\/web\/wp-content\/uploads\/2025\/10\/identifican-a-los-dos-delincuentes-que-provocaron-muerte-de-nino-tras-colision-a-furgon-en-recoleta-300x158.png",300,158,true],"medium_large":["https:\/\/www.koncevisiontv.cl\/web\/wp-content\/uploads\/2025\/10\/identifican-a-los-dos-delincuentes-que-provocaron-muerte-de-nino-tras-colision-a-furgon-en-recoleta-768x405.png",640,338,true],"large":["https:\/\/www.koncevisiontv.cl\/web\/wp-content\/uploads\/2025\/10\/identifican-a-los-dos-delincuentes-que-provocaron-muerte-de-nino-tras-colision-a-furgon-en-recoleta-1024x540.png",640,338,true],"1536x1536":["https:\/\/www.koncevisiontv.cl\/web\/wp-content\/uploads\/2025\/10\/identifican-a-los-dos-delincuentes-que-provocaron-muerte-de-nino-tras-colision-a-furgon-en-recoleta.png",1200,633,false],"2048x2048":["https:\/\/www.koncevisiontv.cl\/web\/wp-content\/uploads\/2025\/10\/identifican-a-los-dos-delincuentes-que-provocaron-muerte-de-nino-tras-colision-a-furgon-en-recoleta.png",1200,633,false],"darknews-featured":["https:\/\/www.koncevisiontv.cl\/web\/wp-content\/uploads\/2025\/10\/identifican-a-los-dos-delincuentes-que-provocaron-muerte-de-nino-tras-colision-a-furgon-en-recoleta-1024x540.png",1024,540,true],"darknews-large":["https:\/\/www.koncevisiontv.cl\/web\/wp-content\/uploads\/2025\/10\/identifican-a-los-dos-delincuentes-que-provocaron-muerte-de-nino-tras-colision-a-furgon-en-recoleta-825x575.png",825,575,true],"darknews-medium":["https:\/\/www.koncevisiontv.cl\/web\/wp-content\/uploads\/2025\/10\/identifican-a-los-dos-delincuentes-que-provocaron-muerte-de-nino-tras-colision-a-furgon-en-recoleta-590x410.png",590,410,true]},"uagb_author_info":{"display_name":"Web-Master","author_link":"https:\/\/www.koncevisiontv.cl\/web\/author\/koncevision\/"},"uagb_comment_info":0,"uagb_excerpt":"Durante la ma\u00f1ana de este martes, se dieron a conocer las identidades de los dos sujetos arrestados en","_links":{"self":[{"href":"https:\/\/www.koncevisiontv.cl\/web\/wp-json\/wp\/v2\/posts\/11609","targetHints":{"allow":["GET"]}}],"collection":[{"href":"https:\/\/www.koncevisiontv.cl\/web\/wp-json\/wp\/v2\/posts"}],"about":[{"href":"https:\/\/www.koncevisiontv.cl\/web\/wp-json\/wp\/v2\/types\/post"}],"author":[{"embeddable":true,"href":"https:\/\/www.koncevisiontv.cl\/web\/wp-json\/wp\/v2\/users\/5"}],"replies":[{"embeddable":true,"href":"https:\/\/www.koncevisiontv.cl\/web\/wp-json\/wp\/v2\/comments?post=11609"}],"version-history":[{"count":2,"href":"https:\/\/www.koncevisiontv.cl\/web\/wp-json\/wp\/v2\/posts\/11609\/revisions"}],"predecessor-version":[{"id":11612,"href":"https:\/\/www.koncevisiontv.cl\/web\/wp-json\/wp\/v2\/posts\/11609\/revisions\/11612"}],"wp:featuredmedia":[{"embeddable":true,"href":"https:\/\/www.koncevisiontv.cl\/web\/wp-json\/wp\/v2\/media\/11610"}],"wp:attachment":[{"href":"https:\/\/www.koncevisiontv.cl\/web\/wp-json\/wp\/v2\/media?parent=11609"}],"wp:term":[{"taxonomy":"category","embeddable":true,"href":"https:\/\/www.koncevisiontv.cl\/web\/wp-json\/wp\/v2\/categories?post=11609"},{"taxonomy":"post_tag","embeddable":true,"href":"https:\/\/www.koncevisiontv.cl\/web\/wp-json\/wp\/v2\/tags?post=11609"}],"curies":[{"name":"wp","href":"https:\/\/api.w.org\/{rel}","templated":true}]}}