{"id":11613,"date":"2025-10-21T13:18:44","date_gmt":"2025-10-21T16:18:44","guid":{"rendered":"https:\/\/www.koncevisiontv.cl\/web\/?p=11613"},"modified":"2025-10-21T13:18:47","modified_gmt":"2025-10-21T16:18:47","slug":"desvinculaciones-por-razon-de-la-compania-alcanzan-maximos-de-cuatro-anos-337-mil-despidos-acumulados","status":"publish","type":"post","link":"https:\/\/www.koncevisiontv.cl\/web\/desvinculaciones-por-razon-de-la-compania-alcanzan-maximos-de-cuatro-anos-337-mil-despidos-acumulados\/","title":{"rendered":"Desvinculaciones por raz\u00f3n de la compa\u00f1\u00eda alcanzan m\u00e1ximos de cuatro a\u00f1os: 337 Mil despidos acumulados"},"content":{"rendered":"\n<p class=\"wp-block-paragraph\">El mercado laboral ha manifestado se\u00f1ales de deterioro en el segmento de ceses de contrato motivados por <strong>&#8220;necesidades de la empresa&#8221;<\/strong>. De acuerdo con el m\u00e1s reciente informe de la Direcci\u00f3n del Trabajo (DT), esta causal de t\u00e9rmino laboral registr\u00f3 un <strong>alza interanual por sexto mes consecutivo en agosto<\/strong>.<\/p>\n\n\n\n<p class=\"wp-block-paragraph\">Durante agosto de 2025, se contabilizaron 39.287 despidos bajo esta figura. En t\u00e9rminos acumulados, la cifra entre enero y agosto del a\u00f1o en curso ascendi\u00f3 a <strong>336.830 desvinculaciones<\/strong>. Este registro no solo representa un aumento del 5,5% en comparaci\u00f3n con el mismo per\u00edodo del a\u00f1o anterior, sino que tambi\u00e9n marca el <strong>nivel m\u00e1s alto de despidos acumulados<\/strong> por esta causa desde el a\u00f1o 2020, cuando la pandemia golpe\u00f3 el mercado laboral.<\/p>\n\n\n\n<p class=\"wp-block-paragraph\">Expertos del \u00e1rea econ\u00f3mica se\u00f1alan que este incremento sostenido est\u00e1 estrechamente ligado a la <strong>baja capacidad de crecimiento<\/strong> a mediano plazo de la econom\u00eda nacional y al aumento de los costos operativos para las empresas, lo que presiona las decisiones de reducci\u00f3n de personal.<\/p>\n","protected":false},"excerpt":{"rendered":"<p>El mercado laboral ha manifestado se\u00f1ales de deterioro en el segmento de ceses de contrato motivados por &#8220;necesidades<\/p>\n","protected":false},"author":5,"featured_media":11614,"comment_status":"open","ping_status":"open","sticky":false,"template":"","format":"standard","meta":{"_crdt_document":"","_uag_custom_page_level_css":"","_sitemap_exclude":false,"_sitemap_priority":"","_sitemap_frequency":"","_joinchat":[],"footnotes":""},"categories":[207,14],"tags":[],"class_list":["post-11613","post","type-post","status-publish","format-standard","has-post-thumbnail","hentry","category-economia","category-nacional"],"featured_image_urls":{"full":["https:\/\/www.koncevisiontv.cl\/web\/wp-content\/uploads\/2025\/10\/des.png",1024,768,false],"thumbnail":["https:\/\/www.koncevisiontv.cl\/web\/wp-content\/uploads\/2025\/10\/des-150x150.png",150,150,true],"medium":["https:\/\/www.koncevisiontv.cl\/web\/wp-content\/uploads\/2025\/10\/des-300x225.png",300,225,true],"medium_large":["https:\/\/www.koncevisiontv.cl\/web\/wp-content\/uploads\/2025\/10\/des-768x576.png",640,480,true],"large":["https:\/\/www.koncevisiontv.cl\/web\/wp-content\/uploads\/2025\/10\/des.png",640,480,false],"1536x1536":["https:\/\/www.koncevisiontv.cl\/web\/wp-content\/uploads\/2025\/10\/des.png",1024,768,false],"2048x2048":["https:\/\/www.koncevisiontv.cl\/web\/wp-content\/uploads\/2025\/10\/des.png",1024,768,false],"darknews-featured":["https:\/\/www.koncevisiontv.cl\/web\/wp-content\/uploads\/2025\/10\/des.png",1024,768,false],"darknews-large":["https:\/\/www.koncevisiontv.cl\/web\/wp-content\/uploads\/2025\/10\/des-825x575.png",825,575,true],"darknews-medium":["https:\/\/www.koncevisiontv.cl\/web\/wp-content\/uploads\/2025\/10\/des-590x410.png",590,410,true]},"author_info":{"info":["Web-Master"]},"category_info":"<a href=\"https:\/\/www.koncevisiontv.cl\/web\/category\/economia\/\" rel=\"category tag\">Econom\u00eda<\/a> <a href=\"https:\/\/www.koncevisiontv.cl\/web\/category\/nacional\/\" rel=\"category tag\">Nacional<\/a>","tag_info":"Nacional","comment_count":"0","uagb_featured_image_src":{"full":["https:\/\/www.koncevisiontv.cl\/web\/wp-content\/uploads\/2025\/10\/des.png",1024,768,false],"thumbnail":["https:\/\/www.koncevisiontv.cl\/web\/wp-content\/uploads\/2025\/10\/des-150x150.png",150,150,true],"medium":["https:\/\/www.koncevisiontv.cl\/web\/wp-content\/uploads\/2025\/10\/des-300x225.png",300,225,true],"medium_large":["https:\/\/www.koncevisiontv.cl\/web\/wp-content\/uploads\/2025\/10\/des-768x576.png",640,480,true],"large":["https:\/\/www.koncevisiontv.cl\/web\/wp-content\/uploads\/2025\/10\/des.png",640,480,false],"1536x1536":["https:\/\/www.koncevisiontv.cl\/web\/wp-content\/uploads\/2025\/10\/des.png",1024,768,false],"2048x2048":["https:\/\/www.koncevisiontv.cl\/web\/wp-content\/uploads\/2025\/10\/des.png",1024,768,false],"darknews-featured":["https:\/\/www.koncevisiontv.cl\/web\/wp-content\/uploads\/2025\/10\/des.png",1024,768,false],"darknews-large":["https:\/\/www.koncevisiontv.cl\/web\/wp-content\/uploads\/2025\/10\/des-825x575.png",825,575,true],"darknews-medium":["https:\/\/www.koncevisiontv.cl\/web\/wp-content\/uploads\/2025\/10\/des-590x410.png",590,410,true]},"uagb_author_info":{"display_name":"Web-Master","author_link":"https:\/\/www.koncevisiontv.cl\/web\/author\/koncevision\/"},"uagb_comment_info":0,"uagb_excerpt":"El mercado laboral ha manifestado se\u00f1ales de deterioro en el segmento de ceses de contrato motivados por &#8220;necesidades","_links":{"self":[{"href":"https:\/\/www.koncevisiontv.cl\/web\/wp-json\/wp\/v2\/posts\/11613","targetHints":{"allow":["GET"]}}],"collection":[{"href":"https:\/\/www.koncevisiontv.cl\/web\/wp-json\/wp\/v2\/posts"}],"about":[{"href":"https:\/\/www.koncevisiontv.cl\/web\/wp-json\/wp\/v2\/types\/post"}],"author":[{"embeddable":true,"href":"https:\/\/www.koncevisiontv.cl\/web\/wp-json\/wp\/v2\/users\/5"}],"replies":[{"embeddable":true,"href":"https:\/\/www.koncevisiontv.cl\/web\/wp-json\/wp\/v2\/comments?post=11613"}],"version-history":[{"count":1,"href":"https:\/\/www.koncevisiontv.cl\/web\/wp-json\/wp\/v2\/posts\/11613\/revisions"}],"predecessor-version":[{"id":11615,"href":"https:\/\/www.koncevisiontv.cl\/web\/wp-json\/wp\/v2\/posts\/11613\/revisions\/11615"}],"wp:featuredmedia":[{"embeddable":true,"href":"https:\/\/www.koncevisiontv.cl\/web\/wp-json\/wp\/v2\/media\/11614"}],"wp:attachment":[{"href":"https:\/\/www.koncevisiontv.cl\/web\/wp-json\/wp\/v2\/media?parent=11613"}],"wp:term":[{"taxonomy":"category","embeddable":true,"href":"https:\/\/www.koncevisiontv.cl\/web\/wp-json\/wp\/v2\/categories?post=11613"},{"taxonomy":"post_tag","embeddable":true,"href":"https:\/\/www.koncevisiontv.cl\/web\/wp-json\/wp\/v2\/tags?post=11613"}],"curies":[{"name":"wp","href":"https:\/\/api.w.org\/{rel}","templated":true}]}}