{"id":11637,"date":"2025-10-21T16:49:01","date_gmt":"2025-10-21T19:49:01","guid":{"rendered":"https:\/\/www.koncevisiontv.cl\/web\/?p=11637"},"modified":"2025-10-21T17:08:30","modified_gmt":"2025-10-21T20:08:30","slug":"el-presidente-trump-inicia-acciones-legales-exigiendo-us230-millones-a-su-propio-departamento-de-justicia","status":"publish","type":"post","link":"https:\/\/www.koncevisiontv.cl\/web\/el-presidente-trump-inicia-acciones-legales-exigiendo-us230-millones-a-su-propio-departamento-de-justicia\/","title":{"rendered":"El Presidente Trump inicia acciones legales exigiendo US$230 millones a su propio Departamento de Justicia"},"content":{"rendered":"\n<p class=\"wp-block-paragraph\">El presidente de Estados Unidos, Donald Trump, ha generado una controversia sin precedentes al anunciar que presentar\u00e1 una demanda contra el Departamento de Justicia (DOJ) de su propio gobierno, buscando una <strong>compensaci\u00f3n de 230 millones de d\u00f3lares<\/strong>.<\/p>\n\n\n\n<p class=\"wp-block-paragraph\">La in\u00e9dita acci\u00f3n legal tiene como fin obtener una indemnizaci\u00f3n por los costos y da\u00f1os que, seg\u00fan el mandatario, le generaron las investigaciones federales iniciadas en su contra cuando a\u00fan era candidato presidencial.<\/p>\n\n\n\n<p class=\"wp-block-paragraph\">Analistas jur\u00eddicos han se\u00f1alado que esta situaci\u00f3n representa un <strong>claro conflicto \u00e9tico<\/strong>, dado que el presidente, al ganar las elecciones, asumi\u00f3 el control del mismo aparato gubernamental \u2014incluido el Departamento de Justicia\u2014 al que ahora le exige el pago. Esta demanda subraya las posibles complicaciones que surgen al designar a exabogados personales para ocupar altos cargos dentro del estamento judicial que debe revisar el caso.<\/p>\n","protected":false},"excerpt":{"rendered":"<p>El presidente de Estados Unidos, Donald Trump, ha generado una controversia sin precedentes al anunciar que presentar\u00e1 una<\/p>\n","protected":false},"author":5,"featured_media":11638,"comment_status":"open","ping_status":"open","sticky":false,"template":"","format":"standard","meta":{"_crdt_document":"","_uag_custom_page_level_css":"","_sitemap_exclude":false,"_sitemap_priority":"","_sitemap_frequency":"","_joinchat":[],"footnotes":""},"categories":[161],"tags":[],"class_list":["post-11637","post","type-post","status-publish","format-standard","has-post-thumbnail","hentry","category-internacional"],"featured_image_urls":{"full":["https:\/\/www.koncevisiontv.cl\/web\/wp-content\/uploads\/2025\/10\/donald-trump-19-gty-gmh-251014_1760469229073_hpMain.png",1500,992,false],"thumbnail":["https:\/\/www.koncevisiontv.cl\/web\/wp-content\/uploads\/2025\/10\/donald-trump-19-gty-gmh-251014_1760469229073_hpMain-150x150.png",150,150,true],"medium":["https:\/\/www.koncevisiontv.cl\/web\/wp-content\/uploads\/2025\/10\/donald-trump-19-gty-gmh-251014_1760469229073_hpMain-300x198.png",300,198,true],"medium_large":["https:\/\/www.koncevisiontv.cl\/web\/wp-content\/uploads\/2025\/10\/donald-trump-19-gty-gmh-251014_1760469229073_hpMain-768x508.png",640,423,true],"large":["https:\/\/www.koncevisiontv.cl\/web\/wp-content\/uploads\/2025\/10\/donald-trump-19-gty-gmh-251014_1760469229073_hpMain-1024x677.png",640,423,true],"1536x1536":["https:\/\/www.koncevisiontv.cl\/web\/wp-content\/uploads\/2025\/10\/donald-trump-19-gty-gmh-251014_1760469229073_hpMain.png",1500,992,false],"2048x2048":["https:\/\/www.koncevisiontv.cl\/web\/wp-content\/uploads\/2025\/10\/donald-trump-19-gty-gmh-251014_1760469229073_hpMain.png",1500,992,false],"darknews-featured":["https:\/\/www.koncevisiontv.cl\/web\/wp-content\/uploads\/2025\/10\/donald-trump-19-gty-gmh-251014_1760469229073_hpMain-1024x677.png",1024,677,true],"darknews-large":["https:\/\/www.koncevisiontv.cl\/web\/wp-content\/uploads\/2025\/10\/donald-trump-19-gty-gmh-251014_1760469229073_hpMain-825x575.png",825,575,true],"darknews-medium":["https:\/\/www.koncevisiontv.cl\/web\/wp-content\/uploads\/2025\/10\/donald-trump-19-gty-gmh-251014_1760469229073_hpMain-590x410.png",590,410,true]},"author_info":{"info":["Web-Master"]},"category_info":"<a href=\"https:\/\/www.koncevisiontv.cl\/web\/category\/internacional\/\" rel=\"category tag\">Internacional<\/a>","tag_info":"Internacional","comment_count":"0","uagb_featured_image_src":{"full":["https:\/\/www.koncevisiontv.cl\/web\/wp-content\/uploads\/2025\/10\/donald-trump-19-gty-gmh-251014_1760469229073_hpMain.png",1500,992,false],"thumbnail":["https:\/\/www.koncevisiontv.cl\/web\/wp-content\/uploads\/2025\/10\/donald-trump-19-gty-gmh-251014_1760469229073_hpMain-150x150.png",150,150,true],"medium":["https:\/\/www.koncevisiontv.cl\/web\/wp-content\/uploads\/2025\/10\/donald-trump-19-gty-gmh-251014_1760469229073_hpMain-300x198.png",300,198,true],"medium_large":["https:\/\/www.koncevisiontv.cl\/web\/wp-content\/uploads\/2025\/10\/donald-trump-19-gty-gmh-251014_1760469229073_hpMain-768x508.png",640,423,true],"large":["https:\/\/www.koncevisiontv.cl\/web\/wp-content\/uploads\/2025\/10\/donald-trump-19-gty-gmh-251014_1760469229073_hpMain-1024x677.png",640,423,true],"1536x1536":["https:\/\/www.koncevisiontv.cl\/web\/wp-content\/uploads\/2025\/10\/donald-trump-19-gty-gmh-251014_1760469229073_hpMain.png",1500,992,false],"2048x2048":["https:\/\/www.koncevisiontv.cl\/web\/wp-content\/uploads\/2025\/10\/donald-trump-19-gty-gmh-251014_1760469229073_hpMain.png",1500,992,false],"darknews-featured":["https:\/\/www.koncevisiontv.cl\/web\/wp-content\/uploads\/2025\/10\/donald-trump-19-gty-gmh-251014_1760469229073_hpMain-1024x677.png",1024,677,true],"darknews-large":["https:\/\/www.koncevisiontv.cl\/web\/wp-content\/uploads\/2025\/10\/donald-trump-19-gty-gmh-251014_1760469229073_hpMain-825x575.png",825,575,true],"darknews-medium":["https:\/\/www.koncevisiontv.cl\/web\/wp-content\/uploads\/2025\/10\/donald-trump-19-gty-gmh-251014_1760469229073_hpMain-590x410.png",590,410,true]},"uagb_author_info":{"display_name":"Web-Master","author_link":"https:\/\/www.koncevisiontv.cl\/web\/author\/koncevision\/"},"uagb_comment_info":0,"uagb_excerpt":"El presidente de Estados Unidos, Donald Trump, ha generado una controversia sin precedentes al anunciar que presentar\u00e1 una","_links":{"self":[{"href":"https:\/\/www.koncevisiontv.cl\/web\/wp-json\/wp\/v2\/posts\/11637","targetHints":{"allow":["GET"]}}],"collection":[{"href":"https:\/\/www.koncevisiontv.cl\/web\/wp-json\/wp\/v2\/posts"}],"about":[{"href":"https:\/\/www.koncevisiontv.cl\/web\/wp-json\/wp\/v2\/types\/post"}],"author":[{"embeddable":true,"href":"https:\/\/www.koncevisiontv.cl\/web\/wp-json\/wp\/v2\/users\/5"}],"replies":[{"embeddable":true,"href":"https:\/\/www.koncevisiontv.cl\/web\/wp-json\/wp\/v2\/comments?post=11637"}],"version-history":[{"count":2,"href":"https:\/\/www.koncevisiontv.cl\/web\/wp-json\/wp\/v2\/posts\/11637\/revisions"}],"predecessor-version":[{"id":11647,"href":"https:\/\/www.koncevisiontv.cl\/web\/wp-json\/wp\/v2\/posts\/11637\/revisions\/11647"}],"wp:featuredmedia":[{"embeddable":true,"href":"https:\/\/www.koncevisiontv.cl\/web\/wp-json\/wp\/v2\/media\/11638"}],"wp:attachment":[{"href":"https:\/\/www.koncevisiontv.cl\/web\/wp-json\/wp\/v2\/media?parent=11637"}],"wp:term":[{"taxonomy":"category","embeddable":true,"href":"https:\/\/www.koncevisiontv.cl\/web\/wp-json\/wp\/v2\/categories?post=11637"},{"taxonomy":"post_tag","embeddable":true,"href":"https:\/\/www.koncevisiontv.cl\/web\/wp-json\/wp\/v2\/tags?post=11637"}],"curies":[{"name":"wp","href":"https:\/\/api.w.org\/{rel}","templated":true}]}}