{"id":11653,"date":"2025-10-22T13:37:07","date_gmt":"2025-10-22T16:37:07","guid":{"rendered":"https:\/\/www.koncevisiontv.cl\/web\/?p=11653"},"modified":"2025-10-22T13:37:09","modified_gmt":"2025-10-22T16:37:09","slug":"grave-denuncia-en-arauco-nina-con-trastorno-del-espectro-autista-ingresa-a-uci-pediatrica-por-presunto-error-medico","status":"publish","type":"post","link":"https:\/\/www.koncevisiontv.cl\/web\/grave-denuncia-en-arauco-nina-con-trastorno-del-espectro-autista-ingresa-a-uci-pediatrica-por-presunto-error-medico\/","title":{"rendered":"Grave denuncia en Arauco: Ni\u00f1a con Trastorno del Espectro Autista ingresa a UCI pedi\u00e1trica por presunto error m\u00e9dico"},"content":{"rendered":"\n<p class=\"wp-block-paragraph\">Una grave acusaci\u00f3n de presunta negligencia m\u00e9dica ha sido levantada por la madre de una ni\u00f1a de 5 a\u00f1os con Trastorno del Espectro Autista (TEA) nivel 3, en la Regi\u00f3n del Biob\u00edo. La menor, quien fue inicialmente diagnosticada con neumon\u00eda en el Hospital de Arauco, termin\u00f3 internada en la Unidad de Cuidados Intensivos (UCI) Pedi\u00e1trica del Hospital de Los \u00c1ngeles debido al r\u00e1pido deterioro de su salud.<\/p>\n\n\n\n<p class=\"wp-block-paragraph\">Seg\u00fan el relato de la madre, G\u00e9nesis Ram\u00edrez, su hija fue enviada a casa tras el diagn\u00f3stico en Arauco, a pesar de presentar notorias complicaciones respiratorias. La progenitora asegura haber solicitado la administraci\u00f3n de ox\u00edgeno para su hija, lo cual, seg\u00fan su versi\u00f3n, fue denegado por el personal m\u00e9dico que consider\u00f3 que no era necesario en ese momento.<\/p>\n\n\n\n<p class=\"wp-block-paragraph\">Ante el agravamiento de la condici\u00f3n de la ni\u00f1a, la familia decidi\u00f3 trasladarla por sus propios medios al Hospital de Curanilahue, donde el equipo m\u00e9dico debi\u00f3 actuar de urgencia, reanimando e intubando a la menor, debido a que se encontraba en riesgo de paro cardiorrespiratorio. Posteriormente, fue derivada al centro asistencial de Los \u00c1ngeles, el m\u00e1s cercano con UCI pedi\u00e1trica disponible.<\/p>\n\n\n\n<p class=\"wp-block-paragraph\">La madre ha manifestado su intenci\u00f3n de iniciar acciones legales contra el Hospital de Arauco, se\u00f1alando que esta no es la primera vez que experimentan una atenci\u00f3n deficiente en el recinto. Por su parte, el Servicio de Salud Arauco, mediante su subdirector de Gesti\u00f3n Asistencial, Luca Mansueto, defendi\u00f3 la atenci\u00f3n brindada en el Hospital de Arauco, indicando que se ofrecieron todos los tratamientos que la ni\u00f1a requer\u00eda en ese momento y que su posterior traslado fue una determinaci\u00f3n de la propia familia.<\/p>\n","protected":false},"excerpt":{"rendered":"<p>Una grave acusaci\u00f3n de presunta negligencia m\u00e9dica ha sido levantada por la madre de una ni\u00f1a de 5<\/p>\n","protected":false},"author":5,"featured_media":0,"comment_status":"open","ping_status":"open","sticky":false,"template":"","format":"standard","meta":{"_crdt_document":"","_uag_custom_page_level_css":"","_sitemap_exclude":false,"_sitemap_priority":"","_sitemap_frequency":"","_joinchat":[],"footnotes":""},"categories":[1],"tags":[63],"class_list":["post-11653","post","type-post","status-publish","format-standard","hentry","category-bio-bio","tag-regiondelbiobio"],"featured_image_urls":{"full":"","thumbnail":"","medium":"","medium_large":"","large":"","1536x1536":"","2048x2048":"","darknews-featured":"","darknews-large":"","darknews-medium":""},"author_info":{"info":["Web-Master"]},"category_info":"<a href=\"https:\/\/www.koncevisiontv.cl\/web\/category\/bio-bio\/\" rel=\"category tag\">Bio-B\u00edo<\/a>","tag_info":"Bio-B\u00edo","comment_count":"0","uagb_featured_image_src":{"full":false,"thumbnail":false,"medium":false,"medium_large":false,"large":false,"1536x1536":false,"2048x2048":false,"darknews-featured":false,"darknews-large":false,"darknews-medium":false},"uagb_author_info":{"display_name":"Web-Master","author_link":"https:\/\/www.koncevisiontv.cl\/web\/author\/koncevision\/"},"uagb_comment_info":0,"uagb_excerpt":"Una grave acusaci\u00f3n de presunta negligencia m\u00e9dica ha sido levantada por la madre de una ni\u00f1a de 5","_links":{"self":[{"href":"https:\/\/www.koncevisiontv.cl\/web\/wp-json\/wp\/v2\/posts\/11653","targetHints":{"allow":["GET"]}}],"collection":[{"href":"https:\/\/www.koncevisiontv.cl\/web\/wp-json\/wp\/v2\/posts"}],"about":[{"href":"https:\/\/www.koncevisiontv.cl\/web\/wp-json\/wp\/v2\/types\/post"}],"author":[{"embeddable":true,"href":"https:\/\/www.koncevisiontv.cl\/web\/wp-json\/wp\/v2\/users\/5"}],"replies":[{"embeddable":true,"href":"https:\/\/www.koncevisiontv.cl\/web\/wp-json\/wp\/v2\/comments?post=11653"}],"version-history":[{"count":1,"href":"https:\/\/www.koncevisiontv.cl\/web\/wp-json\/wp\/v2\/posts\/11653\/revisions"}],"predecessor-version":[{"id":11654,"href":"https:\/\/www.koncevisiontv.cl\/web\/wp-json\/wp\/v2\/posts\/11653\/revisions\/11654"}],"wp:attachment":[{"href":"https:\/\/www.koncevisiontv.cl\/web\/wp-json\/wp\/v2\/media?parent=11653"}],"wp:term":[{"taxonomy":"category","embeddable":true,"href":"https:\/\/www.koncevisiontv.cl\/web\/wp-json\/wp\/v2\/categories?post=11653"},{"taxonomy":"post_tag","embeddable":true,"href":"https:\/\/www.koncevisiontv.cl\/web\/wp-json\/wp\/v2\/tags?post=11653"}],"curies":[{"name":"wp","href":"https:\/\/api.w.org\/{rel}","templated":true}]}}