{"id":11655,"date":"2025-10-22T13:46:33","date_gmt":"2025-10-22T16:46:33","guid":{"rendered":"https:\/\/www.koncevisiontv.cl\/web\/?p=11655"},"modified":"2025-10-22T13:46:36","modified_gmt":"2025-10-22T16:46:36","slug":"tragedia-en-hualpen-adulto-mayor-fallece-tras-ser-colisionado-por-un-bus-del-transporte-publico","status":"publish","type":"post","link":"https:\/\/www.koncevisiontv.cl\/web\/tragedia-en-hualpen-adulto-mayor-fallece-tras-ser-colisionado-por-un-bus-del-transporte-publico\/","title":{"rendered":"Tragedia en Hualp\u00e9n: Adulto mayor fallece tras ser colisionado por un bus del transporte p\u00fablico"},"content":{"rendered":"\n<p class=\"wp-block-paragraph\">Un lamentable suceso con desenlace fatal ocurri\u00f3 durante la ma\u00f1ana de este mi\u00e9rcoles en la comuna de Hualp\u00e9n, en la Regi\u00f3n del Biob\u00edo, luego de que un hombre de 67 a\u00f1os perdiera la vida al ser impactado por un microb\u00fas.<\/p>\n\n\n\n<p class=\"wp-block-paragraph\">El incidente de tr\u00e1nsito se registr\u00f3 en la intersecci\u00f3n de Avenida Col\u00f3n con calle Cerro Verde. Seg\u00fan los primeros antecedentes recopilados en el lugar, tanto por testigos como por la declaraci\u00f3n del conductor del bus, la v\u00edctima habr\u00eda cruzado la calzada cuando la se\u00f1al luminosa para peatones se encontraba en rojo, impactando contra la m\u00e1quina de la l\u00ednea Mi Expreso que realizaba su trayecto habitual entre Concepci\u00f3n y Talcahuano.<\/p>\n\n\n\n<p class=\"wp-block-paragraph\">El adulto mayor falleci\u00f3 de manera instant\u00e1nea en el sitio del suceso, espec\u00edficamente en un paradero de la avenida. Tras el accidente, Carabineros aisl\u00f3 el \u00e1rea para permitir el trabajo pericial.<\/p>\n\n\n\n<p class=\"wp-block-paragraph\">La Secci\u00f3n de Investigaci\u00f3n de Accidentes de Tr\u00e1nsito (SIAT) de Carabineros qued\u00f3 a cargo de las diligencias para esclarecer la din\u00e1mica exacta del choque, bajo instrucci\u00f3n del fiscal de turno. El conductor del microb\u00fas, tambi\u00e9n un adulto mayor de 65 a\u00f1os, fue trasladado a un recinto asistencial para la realizaci\u00f3n de la alcoholemia de rigor y la constataci\u00f3n de lesiones. Las autoridades hicieron un llamado a la ciudadan\u00eda a respetar rigurosamente las normas del tr\u00e1nsito.<\/p>\n","protected":false},"excerpt":{"rendered":"<p>Un lamentable suceso con desenlace fatal ocurri\u00f3 durante la ma\u00f1ana de este mi\u00e9rcoles en la comuna de Hualp\u00e9n,<\/p>\n","protected":false},"author":5,"featured_media":0,"comment_status":"open","ping_status":"open","sticky":false,"template":"","format":"standard","meta":{"_crdt_document":"","_uag_custom_page_level_css":"","_sitemap_exclude":false,"_sitemap_priority":"","_sitemap_frequency":"","_joinchat":[],"footnotes":""},"categories":[1,226,432,14],"tags":[46,63],"class_list":["post-11655","post","type-post","status-publish","format-standard","hentry","category-bio-bio","category-concepcion","category-hualpen","category-nacional","tag-concepcion","tag-regiondelbiobio"],"featured_image_urls":{"full":"","thumbnail":"","medium":"","medium_large":"","large":"","1536x1536":"","2048x2048":"","darknews-featured":"","darknews-large":"","darknews-medium":""},"author_info":{"info":["Web-Master"]},"category_info":"<a href=\"https:\/\/www.koncevisiontv.cl\/web\/category\/bio-bio\/\" rel=\"category tag\">Bio-B\u00edo<\/a> <a href=\"https:\/\/www.koncevisiontv.cl\/web\/category\/concepcion\/\" rel=\"category tag\">Concepcion<\/a> <a href=\"https:\/\/www.koncevisiontv.cl\/web\/category\/hualpen\/\" rel=\"category tag\">Hualpen<\/a> <a href=\"https:\/\/www.koncevisiontv.cl\/web\/category\/nacional\/\" rel=\"category tag\">Nacional<\/a>","tag_info":"Nacional","comment_count":"0","uagb_featured_image_src":{"full":false,"thumbnail":false,"medium":false,"medium_large":false,"large":false,"1536x1536":false,"2048x2048":false,"darknews-featured":false,"darknews-large":false,"darknews-medium":false},"uagb_author_info":{"display_name":"Web-Master","author_link":"https:\/\/www.koncevisiontv.cl\/web\/author\/koncevision\/"},"uagb_comment_info":0,"uagb_excerpt":"Un lamentable suceso con desenlace fatal ocurri\u00f3 durante la ma\u00f1ana de este mi\u00e9rcoles en la comuna de Hualp\u00e9n,","_links":{"self":[{"href":"https:\/\/www.koncevisiontv.cl\/web\/wp-json\/wp\/v2\/posts\/11655","targetHints":{"allow":["GET"]}}],"collection":[{"href":"https:\/\/www.koncevisiontv.cl\/web\/wp-json\/wp\/v2\/posts"}],"about":[{"href":"https:\/\/www.koncevisiontv.cl\/web\/wp-json\/wp\/v2\/types\/post"}],"author":[{"embeddable":true,"href":"https:\/\/www.koncevisiontv.cl\/web\/wp-json\/wp\/v2\/users\/5"}],"replies":[{"embeddable":true,"href":"https:\/\/www.koncevisiontv.cl\/web\/wp-json\/wp\/v2\/comments?post=11655"}],"version-history":[{"count":1,"href":"https:\/\/www.koncevisiontv.cl\/web\/wp-json\/wp\/v2\/posts\/11655\/revisions"}],"predecessor-version":[{"id":11656,"href":"https:\/\/www.koncevisiontv.cl\/web\/wp-json\/wp\/v2\/posts\/11655\/revisions\/11656"}],"wp:attachment":[{"href":"https:\/\/www.koncevisiontv.cl\/web\/wp-json\/wp\/v2\/media?parent=11655"}],"wp:term":[{"taxonomy":"category","embeddable":true,"href":"https:\/\/www.koncevisiontv.cl\/web\/wp-json\/wp\/v2\/categories?post=11655"},{"taxonomy":"post_tag","embeddable":true,"href":"https:\/\/www.koncevisiontv.cl\/web\/wp-json\/wp\/v2\/tags?post=11655"}],"curies":[{"name":"wp","href":"https:\/\/api.w.org\/{rel}","templated":true}]}}