{"id":11709,"date":"2025-10-23T15:24:38","date_gmt":"2025-10-23T18:24:38","guid":{"rendered":"https:\/\/www.koncevisiontv.cl\/web\/?p=11709"},"modified":"2025-10-23T15:24:41","modified_gmt":"2025-10-23T18:24:41","slug":"aldeas-infantiles-sos-reconoce-que-su-fundador-hermann-gmeiner-abuso-de-ocho-ninos-durante-tres-decadas","status":"publish","type":"post","link":"https:\/\/www.koncevisiontv.cl\/web\/aldeas-infantiles-sos-reconoce-que-su-fundador-hermann-gmeiner-abuso-de-ocho-ninos-durante-tres-decadas\/","title":{"rendered":"Aldeas Infantiles SOS reconoce que su fundador, Hermann Gmeiner, abus\u00f3 de ocho ni\u00f1os durante tres d\u00e9cadas"},"content":{"rendered":"\n<p class=\"wp-block-paragraph\">La organizaci\u00f3n no gubernamental <strong>Aldeas Infantiles SOS<\/strong> ha confirmado oficialmente que su fundador, el austr\u00edaco <strong>Hermann Gmeiner<\/strong> (fallecido en 1986), cometi\u00f3 <strong>abuso sexual y violencia f\u00edsica<\/strong> contra al menos ocho menores de edad varones en Austria, su pa\u00eds de origen. Los hechos habr\u00edan ocurrido entre las d\u00e9cadas de <strong>1950 y 1980<\/strong>.<\/p>\n\n\n\n<p class=\"wp-block-paragraph\">La directora ejecutiva de Aldeas Infantiles SOS Austria, Annemarie Schlack, declar\u00f3 que la organizaci\u00f3n ha investigado activamente y ha <strong>identificado y nombrado los casos hist\u00f3ricos<\/strong>. Subray\u00f3 el compromiso de la ONG con la transparencia y la responsabilidad, afirmando que &#8220;Nadie est\u00e1 por encima del principio de responsabilidad, ni siquiera las figuras fundadoras&#8221;.<\/p>\n\n\n\n<p class=\"wp-block-paragraph\">La instituci\u00f3n ha se\u00f1alado que, aunque solo se han confirmado los casos de ocho ni\u00f1os, no se descarta la existencia de m\u00e1s v\u00edctimas. Entre los a\u00f1os 2013 y 2023, los menores afectados participaron en un <strong>programa de protecci\u00f3n<\/strong> y recibieron una <strong>indemnizaci\u00f3n<\/strong> de 25.000 euros cada uno, adem\u00e1s de <strong>apoyo terap\u00e9utico<\/strong>.<\/p>\n\n\n\n<p class=\"wp-block-paragraph\">Como respuesta a estas revelaciones, la ONG ha anunciado un <strong>&#8220;reinicio completo&#8221;<\/strong> de la organizaci\u00f3n para reestructurarse como una entidad moderna de protecci\u00f3n infantil. El objetivo es garantizar la responsabilidad, el control y la transparencia a todos los niveles, dejando atr\u00e1s un sistema que permiti\u00f3 estos abusos. Gmeiner, quien hasta ahora era considerado un &#8220;h\u00e9roe de la humanidad&#8221;, fund\u00f3 la primera Aldea Infantil en 1949, y hoy la organizaci\u00f3n tiene presencia en 135 pa\u00edses.<\/p>\n","protected":false},"excerpt":{"rendered":"<p>La organizaci\u00f3n no gubernamental Aldeas Infantiles SOS ha confirmado oficialmente que su fundador, el austr\u00edaco Hermann Gmeiner (fallecido<\/p>\n","protected":false},"author":5,"featured_media":11710,"comment_status":"open","ping_status":"open","sticky":false,"template":"","format":"standard","meta":{"_crdt_document":"","_uag_custom_page_level_css":"","_sitemap_exclude":false,"_sitemap_priority":"","_sitemap_frequency":"","_joinchat":[],"footnotes":""},"categories":[205,161],"tags":[454],"class_list":["post-11709","post","type-post","status-publish","format-standard","has-post-thumbnail","hentry","category-impacto","category-internacional","tag-internacional"],"featured_image_urls":{"full":["https:\/\/www.koncevisiontv.cl\/web\/wp-content\/uploads\/2025\/10\/hermann-gmeiner-aldessos.png",1200,633,false],"thumbnail":["https:\/\/www.koncevisiontv.cl\/web\/wp-content\/uploads\/2025\/10\/hermann-gmeiner-aldessos-150x150.png",150,150,true],"medium":["https:\/\/www.koncevisiontv.cl\/web\/wp-content\/uploads\/2025\/10\/hermann-gmeiner-aldessos-300x158.png",300,158,true],"medium_large":["https:\/\/www.koncevisiontv.cl\/web\/wp-content\/uploads\/2025\/10\/hermann-gmeiner-aldessos-768x405.png",640,338,true],"large":["https:\/\/www.koncevisiontv.cl\/web\/wp-content\/uploads\/2025\/10\/hermann-gmeiner-aldessos-1024x540.png",640,338,true],"1536x1536":["https:\/\/www.koncevisiontv.cl\/web\/wp-content\/uploads\/2025\/10\/hermann-gmeiner-aldessos.png",1200,633,false],"2048x2048":["https:\/\/www.koncevisiontv.cl\/web\/wp-content\/uploads\/2025\/10\/hermann-gmeiner-aldessos.png",1200,633,false],"darknews-featured":["https:\/\/www.koncevisiontv.cl\/web\/wp-content\/uploads\/2025\/10\/hermann-gmeiner-aldessos-1024x540.png",1024,540,true],"darknews-large":["https:\/\/www.koncevisiontv.cl\/web\/wp-content\/uploads\/2025\/10\/hermann-gmeiner-aldessos-825x575.png",825,575,true],"darknews-medium":["https:\/\/www.koncevisiontv.cl\/web\/wp-content\/uploads\/2025\/10\/hermann-gmeiner-aldessos-590x410.png",590,410,true]},"author_info":{"info":["Web-Master"]},"category_info":"<a href=\"https:\/\/www.koncevisiontv.cl\/web\/category\/impacto\/\" rel=\"category tag\">Impacto<\/a> <a href=\"https:\/\/www.koncevisiontv.cl\/web\/category\/internacional\/\" rel=\"category tag\">Internacional<\/a>","tag_info":"Internacional","comment_count":"0","uagb_featured_image_src":{"full":["https:\/\/www.koncevisiontv.cl\/web\/wp-content\/uploads\/2025\/10\/hermann-gmeiner-aldessos.png",1200,633,false],"thumbnail":["https:\/\/www.koncevisiontv.cl\/web\/wp-content\/uploads\/2025\/10\/hermann-gmeiner-aldessos-150x150.png",150,150,true],"medium":["https:\/\/www.koncevisiontv.cl\/web\/wp-content\/uploads\/2025\/10\/hermann-gmeiner-aldessos-300x158.png",300,158,true],"medium_large":["https:\/\/www.koncevisiontv.cl\/web\/wp-content\/uploads\/2025\/10\/hermann-gmeiner-aldessos-768x405.png",640,338,true],"large":["https:\/\/www.koncevisiontv.cl\/web\/wp-content\/uploads\/2025\/10\/hermann-gmeiner-aldessos-1024x540.png",640,338,true],"1536x1536":["https:\/\/www.koncevisiontv.cl\/web\/wp-content\/uploads\/2025\/10\/hermann-gmeiner-aldessos.png",1200,633,false],"2048x2048":["https:\/\/www.koncevisiontv.cl\/web\/wp-content\/uploads\/2025\/10\/hermann-gmeiner-aldessos.png",1200,633,false],"darknews-featured":["https:\/\/www.koncevisiontv.cl\/web\/wp-content\/uploads\/2025\/10\/hermann-gmeiner-aldessos-1024x540.png",1024,540,true],"darknews-large":["https:\/\/www.koncevisiontv.cl\/web\/wp-content\/uploads\/2025\/10\/hermann-gmeiner-aldessos-825x575.png",825,575,true],"darknews-medium":["https:\/\/www.koncevisiontv.cl\/web\/wp-content\/uploads\/2025\/10\/hermann-gmeiner-aldessos-590x410.png",590,410,true]},"uagb_author_info":{"display_name":"Web-Master","author_link":"https:\/\/www.koncevisiontv.cl\/web\/author\/koncevision\/"},"uagb_comment_info":0,"uagb_excerpt":"La organizaci\u00f3n no gubernamental Aldeas Infantiles SOS ha confirmado oficialmente que su fundador, el austr\u00edaco Hermann Gmeiner (fallecido","_links":{"self":[{"href":"https:\/\/www.koncevisiontv.cl\/web\/wp-json\/wp\/v2\/posts\/11709","targetHints":{"allow":["GET"]}}],"collection":[{"href":"https:\/\/www.koncevisiontv.cl\/web\/wp-json\/wp\/v2\/posts"}],"about":[{"href":"https:\/\/www.koncevisiontv.cl\/web\/wp-json\/wp\/v2\/types\/post"}],"author":[{"embeddable":true,"href":"https:\/\/www.koncevisiontv.cl\/web\/wp-json\/wp\/v2\/users\/5"}],"replies":[{"embeddable":true,"href":"https:\/\/www.koncevisiontv.cl\/web\/wp-json\/wp\/v2\/comments?post=11709"}],"version-history":[{"count":1,"href":"https:\/\/www.koncevisiontv.cl\/web\/wp-json\/wp\/v2\/posts\/11709\/revisions"}],"predecessor-version":[{"id":11711,"href":"https:\/\/www.koncevisiontv.cl\/web\/wp-json\/wp\/v2\/posts\/11709\/revisions\/11711"}],"wp:featuredmedia":[{"embeddable":true,"href":"https:\/\/www.koncevisiontv.cl\/web\/wp-json\/wp\/v2\/media\/11710"}],"wp:attachment":[{"href":"https:\/\/www.koncevisiontv.cl\/web\/wp-json\/wp\/v2\/media?parent=11709"}],"wp:term":[{"taxonomy":"category","embeddable":true,"href":"https:\/\/www.koncevisiontv.cl\/web\/wp-json\/wp\/v2\/categories?post=11709"},{"taxonomy":"post_tag","embeddable":true,"href":"https:\/\/www.koncevisiontv.cl\/web\/wp-json\/wp\/v2\/tags?post=11709"}],"curies":[{"name":"wp","href":"https:\/\/api.w.org\/{rel}","templated":true}]}}