{"id":11722,"date":"2025-10-24T12:46:27","date_gmt":"2025-10-24T15:46:27","guid":{"rendered":"https:\/\/www.koncevisiontv.cl\/web\/?p=11722"},"modified":"2025-10-24T12:46:30","modified_gmt":"2025-10-24T15:46:30","slug":"reves-judicial-para-exsubsecretario-monsalve-corte-de-apelaciones-respalda-sumario-de-contraloria-e-interior","status":"publish","type":"post","link":"https:\/\/www.koncevisiontv.cl\/web\/reves-judicial-para-exsubsecretario-monsalve-corte-de-apelaciones-respalda-sumario-de-contraloria-e-interior\/","title":{"rendered":"Rev\u00e9s judicial para exsubsecretario Monsalve: Corte de apelaciones respalda sumario de Contralor\u00eda e Interior"},"content":{"rendered":"\n<p class=\"wp-block-paragraph\">La Octava Sala de la Corte de Apelaciones de Santiago desestim\u00f3 el recurso de protecci\u00f3n presentado por <strong>Manuel Monsalve<\/strong>, exsubsecretario del Interior, contra el actual subsecretario, V\u00edctor Ramos, y la contralora general de la Rep\u00fablica, <strong>Dorothy P\u00e9rez<\/strong>. Monsalve buscaba anular el sumario administrativo instruido en su contra tras su renuncia, alegando una actuaci\u00f3n &#8220;ilegal y arbitraria&#8221; por parte de ambas instituciones.<\/p>\n\n\n\n<p class=\"wp-block-paragraph\">El exfuncionario argumentaba que las resoluciones que iniciaron el proceso disciplinario carec\u00edan de fundamentos suficientes y fueron dictadas sin la debida competencia una vez que su dimisi\u00f3n hab\u00eda sido aceptada. Adem\u00e1s, sosten\u00eda que el sumario violaba sus derechos constitucionales, incluyendo la igualdad ante la ley.<\/p>\n\n\n\n<p class=\"wp-block-paragraph\">Tanto la <strong>Contralor\u00eda<\/strong> como la <strong>Subsecretar\u00eda del Interior<\/strong> solicitaron a la Corte el rechazo de la acci\u00f3n judicial. Ambos organismos defendieron la legalidad del procedimiento, se\u00f1alando que la resoluci\u00f3n que orden\u00f3 el sumario fue emitida un d\u00eda antes de que se aceptara la renuncia de Monsalve, y que el decreto de aceptaci\u00f3n de su salida ya consignaba su sometimiento a investigaci\u00f3n. Adem\u00e1s, argumentaron que los procedimientos administrativos y penales (este \u00faltimo tambi\u00e9n enfrenta el exsubsecretario) son procesos independientes.<\/p>\n\n\n\n<p class=\"wp-block-paragraph\">La Corte de Apelaciones, en su fallo, determin\u00f3 que las decisiones impugnadas son <strong>&#8220;actos de tr\u00e1mite&#8221;<\/strong> dentro de un proceso disciplinario en curso, y que carecen de un efecto sancionatorio que vulnere o amenace derechos fundamentales del recurrente. Con esta resoluci\u00f3n, el tribunal valid\u00f3 la competencia de Contralor\u00eda y del Ministerio del Interior para llevar adelante la investigaci\u00f3n, rechazando el recurso sin imponer costos a Monsalve.<\/p>\n","protected":false},"excerpt":{"rendered":"<p>La Octava Sala de la Corte de Apelaciones de Santiago desestim\u00f3 el recurso de protecci\u00f3n presentado por Manuel<\/p>\n","protected":false},"author":5,"featured_media":11723,"comment_status":"open","ping_status":"open","sticky":false,"template":"","format":"standard","meta":{"_crdt_document":"","_uag_custom_page_level_css":"","_sitemap_exclude":false,"_sitemap_priority":"","_sitemap_frequency":"","_joinchat":[],"footnotes":""},"categories":[14,204],"tags":[404],"class_list":["post-11722","post","type-post","status-publish","format-standard","has-post-thumbnail","hentry","category-nacional","category-rm","tag-regionmetropolitana"],"featured_image_urls":{"full":["https:\/\/www.koncevisiontv.cl\/web\/wp-content\/uploads\/2025\/10\/monsalve-recurso-contraloria.jpg",1200,633,false],"thumbnail":["https:\/\/www.koncevisiontv.cl\/web\/wp-content\/uploads\/2025\/10\/monsalve-recurso-contraloria-150x150.jpg",150,150,true],"medium":["https:\/\/www.koncevisiontv.cl\/web\/wp-content\/uploads\/2025\/10\/monsalve-recurso-contraloria-300x158.jpg",300,158,true],"medium_large":["https:\/\/www.koncevisiontv.cl\/web\/wp-content\/uploads\/2025\/10\/monsalve-recurso-contraloria-768x405.jpg",640,338,true],"large":["https:\/\/www.koncevisiontv.cl\/web\/wp-content\/uploads\/2025\/10\/monsalve-recurso-contraloria-1024x540.jpg",640,338,true],"1536x1536":["https:\/\/www.koncevisiontv.cl\/web\/wp-content\/uploads\/2025\/10\/monsalve-recurso-contraloria.jpg",1200,633,false],"2048x2048":["https:\/\/www.koncevisiontv.cl\/web\/wp-content\/uploads\/2025\/10\/monsalve-recurso-contraloria.jpg",1200,633,false],"darknews-featured":["https:\/\/www.koncevisiontv.cl\/web\/wp-content\/uploads\/2025\/10\/monsalve-recurso-contraloria-1024x540.jpg",1024,540,true],"darknews-large":["https:\/\/www.koncevisiontv.cl\/web\/wp-content\/uploads\/2025\/10\/monsalve-recurso-contraloria-825x575.jpg",825,575,true],"darknews-medium":["https:\/\/www.koncevisiontv.cl\/web\/wp-content\/uploads\/2025\/10\/monsalve-recurso-contraloria-590x410.jpg",590,410,true]},"author_info":{"info":["Web-Master"]},"category_info":"<a href=\"https:\/\/www.koncevisiontv.cl\/web\/category\/nacional\/\" rel=\"category tag\">Nacional<\/a> <a href=\"https:\/\/www.koncevisiontv.cl\/web\/category\/rm\/\" rel=\"category tag\">RM<\/a>","tag_info":"RM","comment_count":"0","uagb_featured_image_src":{"full":["https:\/\/www.koncevisiontv.cl\/web\/wp-content\/uploads\/2025\/10\/monsalve-recurso-contraloria.jpg",1200,633,false],"thumbnail":["https:\/\/www.koncevisiontv.cl\/web\/wp-content\/uploads\/2025\/10\/monsalve-recurso-contraloria-150x150.jpg",150,150,true],"medium":["https:\/\/www.koncevisiontv.cl\/web\/wp-content\/uploads\/2025\/10\/monsalve-recurso-contraloria-300x158.jpg",300,158,true],"medium_large":["https:\/\/www.koncevisiontv.cl\/web\/wp-content\/uploads\/2025\/10\/monsalve-recurso-contraloria-768x405.jpg",640,338,true],"large":["https:\/\/www.koncevisiontv.cl\/web\/wp-content\/uploads\/2025\/10\/monsalve-recurso-contraloria-1024x540.jpg",640,338,true],"1536x1536":["https:\/\/www.koncevisiontv.cl\/web\/wp-content\/uploads\/2025\/10\/monsalve-recurso-contraloria.jpg",1200,633,false],"2048x2048":["https:\/\/www.koncevisiontv.cl\/web\/wp-content\/uploads\/2025\/10\/monsalve-recurso-contraloria.jpg",1200,633,false],"darknews-featured":["https:\/\/www.koncevisiontv.cl\/web\/wp-content\/uploads\/2025\/10\/monsalve-recurso-contraloria-1024x540.jpg",1024,540,true],"darknews-large":["https:\/\/www.koncevisiontv.cl\/web\/wp-content\/uploads\/2025\/10\/monsalve-recurso-contraloria-825x575.jpg",825,575,true],"darknews-medium":["https:\/\/www.koncevisiontv.cl\/web\/wp-content\/uploads\/2025\/10\/monsalve-recurso-contraloria-590x410.jpg",590,410,true]},"uagb_author_info":{"display_name":"Web-Master","author_link":"https:\/\/www.koncevisiontv.cl\/web\/author\/koncevision\/"},"uagb_comment_info":0,"uagb_excerpt":"La Octava Sala de la Corte de Apelaciones de Santiago desestim\u00f3 el recurso de protecci\u00f3n presentado por Manuel","_links":{"self":[{"href":"https:\/\/www.koncevisiontv.cl\/web\/wp-json\/wp\/v2\/posts\/11722","targetHints":{"allow":["GET"]}}],"collection":[{"href":"https:\/\/www.koncevisiontv.cl\/web\/wp-json\/wp\/v2\/posts"}],"about":[{"href":"https:\/\/www.koncevisiontv.cl\/web\/wp-json\/wp\/v2\/types\/post"}],"author":[{"embeddable":true,"href":"https:\/\/www.koncevisiontv.cl\/web\/wp-json\/wp\/v2\/users\/5"}],"replies":[{"embeddable":true,"href":"https:\/\/www.koncevisiontv.cl\/web\/wp-json\/wp\/v2\/comments?post=11722"}],"version-history":[{"count":1,"href":"https:\/\/www.koncevisiontv.cl\/web\/wp-json\/wp\/v2\/posts\/11722\/revisions"}],"predecessor-version":[{"id":11724,"href":"https:\/\/www.koncevisiontv.cl\/web\/wp-json\/wp\/v2\/posts\/11722\/revisions\/11724"}],"wp:featuredmedia":[{"embeddable":true,"href":"https:\/\/www.koncevisiontv.cl\/web\/wp-json\/wp\/v2\/media\/11723"}],"wp:attachment":[{"href":"https:\/\/www.koncevisiontv.cl\/web\/wp-json\/wp\/v2\/media?parent=11722"}],"wp:term":[{"taxonomy":"category","embeddable":true,"href":"https:\/\/www.koncevisiontv.cl\/web\/wp-json\/wp\/v2\/categories?post=11722"},{"taxonomy":"post_tag","embeddable":true,"href":"https:\/\/www.koncevisiontv.cl\/web\/wp-json\/wp\/v2\/tags?post=11722"}],"curies":[{"name":"wp","href":"https:\/\/api.w.org\/{rel}","templated":true}]}}