{"id":11733,"date":"2025-10-24T14:41:01","date_gmt":"2025-10-24T17:41:01","guid":{"rendered":"https:\/\/www.koncevisiontv.cl\/web\/?p=11733"},"modified":"2025-10-24T14:41:03","modified_gmt":"2025-10-24T17:41:03","slug":"estados-unidos-intensifica-presencia-militar-en-el-caribe-con-el-despliegue-de-su-portaaviones-mas-grande","status":"publish","type":"post","link":"https:\/\/www.koncevisiontv.cl\/web\/estados-unidos-intensifica-presencia-militar-en-el-caribe-con-el-despliegue-de-su-portaaviones-mas-grande\/","title":{"rendered":"Estados Unidos Intensifica Presencia Militar en el Caribe con el Despliegue de su Portaaviones m\u00e1s Grande"},"content":{"rendered":"\n<p class=\"wp-block-paragraph\">El Pent\u00e1gono anunci\u00f3 la movilizaci\u00f3n del portaaviones <strong>USS Gerald Ford<\/strong>, el nav\u00edo de guerra m\u00e1s grande de la flota estadounidense, junto con su grupo de ataque asociado, hacia el \u00e1rea de responsabilidad del Comando Sur en el Mar Caribe. Esta acci\u00f3n tiene lugar en un contexto de creciente tensi\u00f3n con <strong>Venezuela<\/strong>, especialmente tras los recientes ataques militares de EE. UU. a embarcaciones sospechosas de narcotr\u00e1fico en la zona.<\/p>\n\n\n\n<p class=\"wp-block-paragraph\">Pete Hegseth, Secretario de Guerra (Defensa) de Estados Unidos, instruy\u00f3 el env\u00edo del portaaviones como apoyo a la directiva presidencial de <strong>&#8220;desmantelar las organizaciones criminales transnacionales&#8221;<\/strong>.<\/p>\n\n\n\n<p class=\"wp-block-paragraph\">Sean Parnell, portavoz del Pent\u00e1gono, indic\u00f3 en un comunicado que este despliegue reforzar\u00e1 la capacidad de las fuerzas armadas norteamericanas para &#8220;detectar, monitorear y desmantelar actores y actividades il\u00edcitas que comprometen la seguridad y la prosperidad&#8221; del territorio estadounidense. El objetivo principal es fortalecer y expandir las capacidades existentes para reducir y desbaratar las redes de narcotr\u00e1fico que operan en la regi\u00f3n.<\/p>\n","protected":false},"excerpt":{"rendered":"<p>El Pent\u00e1gono anunci\u00f3 la movilizaci\u00f3n del portaaviones USS Gerald Ford, el nav\u00edo de guerra m\u00e1s grande de la<\/p>\n","protected":false},"author":5,"featured_media":0,"comment_status":"open","ping_status":"open","sticky":false,"template":"","format":"standard","meta":{"_crdt_document":"","_uag_custom_page_level_css":"","_sitemap_exclude":false,"_sitemap_priority":"","_sitemap_frequency":"","_joinchat":[],"footnotes":""},"categories":[161],"tags":[],"class_list":["post-11733","post","type-post","status-publish","format-standard","hentry","category-internacional"],"featured_image_urls":{"full":"","thumbnail":"","medium":"","medium_large":"","large":"","1536x1536":"","2048x2048":"","darknews-featured":"","darknews-large":"","darknews-medium":""},"author_info":{"info":["Web-Master"]},"category_info":"<a href=\"https:\/\/www.koncevisiontv.cl\/web\/category\/internacional\/\" rel=\"category tag\">Internacional<\/a>","tag_info":"Internacional","comment_count":"0","uagb_featured_image_src":{"full":false,"thumbnail":false,"medium":false,"medium_large":false,"large":false,"1536x1536":false,"2048x2048":false,"darknews-featured":false,"darknews-large":false,"darknews-medium":false},"uagb_author_info":{"display_name":"Web-Master","author_link":"https:\/\/www.koncevisiontv.cl\/web\/author\/koncevision\/"},"uagb_comment_info":0,"uagb_excerpt":"El Pent\u00e1gono anunci\u00f3 la movilizaci\u00f3n del portaaviones USS Gerald Ford, el nav\u00edo de guerra m\u00e1s grande de la","_links":{"self":[{"href":"https:\/\/www.koncevisiontv.cl\/web\/wp-json\/wp\/v2\/posts\/11733","targetHints":{"allow":["GET"]}}],"collection":[{"href":"https:\/\/www.koncevisiontv.cl\/web\/wp-json\/wp\/v2\/posts"}],"about":[{"href":"https:\/\/www.koncevisiontv.cl\/web\/wp-json\/wp\/v2\/types\/post"}],"author":[{"embeddable":true,"href":"https:\/\/www.koncevisiontv.cl\/web\/wp-json\/wp\/v2\/users\/5"}],"replies":[{"embeddable":true,"href":"https:\/\/www.koncevisiontv.cl\/web\/wp-json\/wp\/v2\/comments?post=11733"}],"version-history":[{"count":1,"href":"https:\/\/www.koncevisiontv.cl\/web\/wp-json\/wp\/v2\/posts\/11733\/revisions"}],"predecessor-version":[{"id":11734,"href":"https:\/\/www.koncevisiontv.cl\/web\/wp-json\/wp\/v2\/posts\/11733\/revisions\/11734"}],"wp:attachment":[{"href":"https:\/\/www.koncevisiontv.cl\/web\/wp-json\/wp\/v2\/media?parent=11733"}],"wp:term":[{"taxonomy":"category","embeddable":true,"href":"https:\/\/www.koncevisiontv.cl\/web\/wp-json\/wp\/v2\/categories?post=11733"},{"taxonomy":"post_tag","embeddable":true,"href":"https:\/\/www.koncevisiontv.cl\/web\/wp-json\/wp\/v2\/tags?post=11733"}],"curies":[{"name":"wp","href":"https:\/\/api.w.org\/{rel}","templated":true}]}}