{"id":11738,"date":"2025-10-24T14:58:22","date_gmt":"2025-10-24T17:58:22","guid":{"rendered":"https:\/\/www.koncevisiontv.cl\/web\/?p=11738"},"modified":"2025-10-24T14:58:25","modified_gmt":"2025-10-24T17:58:25","slug":"es-detenido-en-santiago-comerciante-de-melipilla-profugo-por-mas-de-tres-anos-acusado-de-violacion-y-abuso-a-menores","status":"publish","type":"post","link":"https:\/\/www.koncevisiontv.cl\/web\/es-detenido-en-santiago-comerciante-de-melipilla-profugo-por-mas-de-tres-anos-acusado-de-violacion-y-abuso-a-menores\/","title":{"rendered":"Es detenido en Santiago comerciante de Melipilla pr\u00f3fugo por m\u00e1s de tres a\u00f1os acusado de violaci\u00f3n y abuso a menores"},"content":{"rendered":"\n<p class=\"wp-block-paragraph\"><strong>Gonzalo Jerez Soto<\/strong>, empresario de 42 a\u00f1os y propietario de carnicer\u00edas en Melipilla, fue ingresado a prisi\u00f3n preventiva tras permanecer 837 d\u00edas (m\u00e1s de dos a\u00f1os) como pr\u00f3fugo de la justicia. Jerez Soto est\u00e1 imputado por los graves delitos de violaci\u00f3n y abuso sexual contra sus propios sobrinos menores de edad, y fue declarado un peligro para la seguridad social.<\/p>\n\n\n\n<p class=\"wp-block-paragraph\">La fuga ocurri\u00f3 en 2022, cuando se decret\u00f3 la prisi\u00f3n preventiva en su contra. El acusado se aprovech\u00f3 de las audiencias telem\u00e1ticas implementadas durante la pandemia para evitar presentarse en el centro penitenciario. A pesar de la orden de arresto vigente, se ha revelado que Jerez llevaba una vida aparentemente normal, llegando incluso a participar y patrocinar torneos de p\u00e1del en la zona.<\/p>\n\n\n\n<p class=\"wp-block-paragraph\">La denuncia original fue interpuesta en 2018 por su sobrina, quien hoy tiene 20 a\u00f1os. La causa penal se fortaleci\u00f3 cuando un informe de la Oficina de Protecci\u00f3n de Derechos (OPD) confirm\u00f3 un segundo caso de abuso sexual en su hermano menor.<\/p>\n\n\n\n<p class=\"wp-block-paragraph\">Tras 837 d\u00edas evadiendo a las autoridades, el imputado se entreg\u00f3 voluntariamente a la justicia el pasado 21 de octubre. Actualmente, Jerez est\u00e1 cumpliendo la medida cautelar de prisi\u00f3n preventiva en el penal Santiago 1, mientras se desarrollan los 60 d\u00edas decretados para el plazo de investigaci\u00f3n.<\/p>\n","protected":false},"excerpt":{"rendered":"<p>Gonzalo Jerez Soto, empresario de 42 a\u00f1os y propietario de carnicer\u00edas en Melipilla, fue ingresado a prisi\u00f3n preventiva<\/p>\n","protected":false},"author":5,"featured_media":11739,"comment_status":"open","ping_status":"open","sticky":false,"template":"","format":"standard","meta":{"_crdt_document":"","_uag_custom_page_level_css":"","_sitemap_exclude":false,"_sitemap_priority":"","_sitemap_frequency":"","_joinchat":[],"footnotes":""},"categories":[14,204],"tags":[404],"class_list":["post-11738","post","type-post","status-publish","format-standard","has-post-thumbnail","hentry","category-nacional","category-rm","tag-regionmetropolitana"],"featured_image_urls":{"full":["https:\/\/www.koncevisiontv.cl\/web\/wp-content\/uploads\/2025\/10\/rbiobio-2025-10-24t134634-543.jpg",1200,633,false],"thumbnail":["https:\/\/www.koncevisiontv.cl\/web\/wp-content\/uploads\/2025\/10\/rbiobio-2025-10-24t134634-543-150x150.jpg",150,150,true],"medium":["https:\/\/www.koncevisiontv.cl\/web\/wp-content\/uploads\/2025\/10\/rbiobio-2025-10-24t134634-543-300x158.jpg",300,158,true],"medium_large":["https:\/\/www.koncevisiontv.cl\/web\/wp-content\/uploads\/2025\/10\/rbiobio-2025-10-24t134634-543-768x405.jpg",640,338,true],"large":["https:\/\/www.koncevisiontv.cl\/web\/wp-content\/uploads\/2025\/10\/rbiobio-2025-10-24t134634-543-1024x540.jpg",640,338,true],"1536x1536":["https:\/\/www.koncevisiontv.cl\/web\/wp-content\/uploads\/2025\/10\/rbiobio-2025-10-24t134634-543.jpg",1200,633,false],"2048x2048":["https:\/\/www.koncevisiontv.cl\/web\/wp-content\/uploads\/2025\/10\/rbiobio-2025-10-24t134634-543.jpg",1200,633,false],"darknews-featured":["https:\/\/www.koncevisiontv.cl\/web\/wp-content\/uploads\/2025\/10\/rbiobio-2025-10-24t134634-543-1024x540.jpg",1024,540,true],"darknews-large":["https:\/\/www.koncevisiontv.cl\/web\/wp-content\/uploads\/2025\/10\/rbiobio-2025-10-24t134634-543-825x575.jpg",825,575,true],"darknews-medium":["https:\/\/www.koncevisiontv.cl\/web\/wp-content\/uploads\/2025\/10\/rbiobio-2025-10-24t134634-543-590x410.jpg",590,410,true]},"author_info":{"info":["Web-Master"]},"category_info":"<a href=\"https:\/\/www.koncevisiontv.cl\/web\/category\/nacional\/\" rel=\"category tag\">Nacional<\/a> <a href=\"https:\/\/www.koncevisiontv.cl\/web\/category\/rm\/\" rel=\"category tag\">RM<\/a>","tag_info":"RM","comment_count":"0","uagb_featured_image_src":{"full":["https:\/\/www.koncevisiontv.cl\/web\/wp-content\/uploads\/2025\/10\/rbiobio-2025-10-24t134634-543.jpg",1200,633,false],"thumbnail":["https:\/\/www.koncevisiontv.cl\/web\/wp-content\/uploads\/2025\/10\/rbiobio-2025-10-24t134634-543-150x150.jpg",150,150,true],"medium":["https:\/\/www.koncevisiontv.cl\/web\/wp-content\/uploads\/2025\/10\/rbiobio-2025-10-24t134634-543-300x158.jpg",300,158,true],"medium_large":["https:\/\/www.koncevisiontv.cl\/web\/wp-content\/uploads\/2025\/10\/rbiobio-2025-10-24t134634-543-768x405.jpg",640,338,true],"large":["https:\/\/www.koncevisiontv.cl\/web\/wp-content\/uploads\/2025\/10\/rbiobio-2025-10-24t134634-543-1024x540.jpg",640,338,true],"1536x1536":["https:\/\/www.koncevisiontv.cl\/web\/wp-content\/uploads\/2025\/10\/rbiobio-2025-10-24t134634-543.jpg",1200,633,false],"2048x2048":["https:\/\/www.koncevisiontv.cl\/web\/wp-content\/uploads\/2025\/10\/rbiobio-2025-10-24t134634-543.jpg",1200,633,false],"darknews-featured":["https:\/\/www.koncevisiontv.cl\/web\/wp-content\/uploads\/2025\/10\/rbiobio-2025-10-24t134634-543-1024x540.jpg",1024,540,true],"darknews-large":["https:\/\/www.koncevisiontv.cl\/web\/wp-content\/uploads\/2025\/10\/rbiobio-2025-10-24t134634-543-825x575.jpg",825,575,true],"darknews-medium":["https:\/\/www.koncevisiontv.cl\/web\/wp-content\/uploads\/2025\/10\/rbiobio-2025-10-24t134634-543-590x410.jpg",590,410,true]},"uagb_author_info":{"display_name":"Web-Master","author_link":"https:\/\/www.koncevisiontv.cl\/web\/author\/koncevision\/"},"uagb_comment_info":0,"uagb_excerpt":"Gonzalo Jerez Soto, empresario de 42 a\u00f1os y propietario de carnicer\u00edas en Melipilla, fue ingresado a prisi\u00f3n preventiva","_links":{"self":[{"href":"https:\/\/www.koncevisiontv.cl\/web\/wp-json\/wp\/v2\/posts\/11738","targetHints":{"allow":["GET"]}}],"collection":[{"href":"https:\/\/www.koncevisiontv.cl\/web\/wp-json\/wp\/v2\/posts"}],"about":[{"href":"https:\/\/www.koncevisiontv.cl\/web\/wp-json\/wp\/v2\/types\/post"}],"author":[{"embeddable":true,"href":"https:\/\/www.koncevisiontv.cl\/web\/wp-json\/wp\/v2\/users\/5"}],"replies":[{"embeddable":true,"href":"https:\/\/www.koncevisiontv.cl\/web\/wp-json\/wp\/v2\/comments?post=11738"}],"version-history":[{"count":1,"href":"https:\/\/www.koncevisiontv.cl\/web\/wp-json\/wp\/v2\/posts\/11738\/revisions"}],"predecessor-version":[{"id":11740,"href":"https:\/\/www.koncevisiontv.cl\/web\/wp-json\/wp\/v2\/posts\/11738\/revisions\/11740"}],"wp:featuredmedia":[{"embeddable":true,"href":"https:\/\/www.koncevisiontv.cl\/web\/wp-json\/wp\/v2\/media\/11739"}],"wp:attachment":[{"href":"https:\/\/www.koncevisiontv.cl\/web\/wp-json\/wp\/v2\/media?parent=11738"}],"wp:term":[{"taxonomy":"category","embeddable":true,"href":"https:\/\/www.koncevisiontv.cl\/web\/wp-json\/wp\/v2\/categories?post=11738"},{"taxonomy":"post_tag","embeddable":true,"href":"https:\/\/www.koncevisiontv.cl\/web\/wp-json\/wp\/v2\/tags?post=11738"}],"curies":[{"name":"wp","href":"https:\/\/api.w.org\/{rel}","templated":true}]}}