{"id":11750,"date":"2025-10-27T10:46:14","date_gmt":"2025-10-27T13:46:14","guid":{"rendered":"https:\/\/www.koncevisiontv.cl\/web\/?p=11750"},"modified":"2025-10-27T10:46:18","modified_gmt":"2025-10-27T13:46:18","slug":"corma-reconoce-a-frane-zilic-con-el-premio-al-merito-2025-y-destaca-el-trabajo-articulador-de-biobio-madera","status":"publish","type":"post","link":"https:\/\/www.koncevisiontv.cl\/web\/corma-reconoce-a-frane-zilic-con-el-premio-al-merito-2025-y-destaca-el-trabajo-articulador-de-biobio-madera\/","title":{"rendered":"Corma reconoce a Frane Zilic con el Premio al M\u00e9rito 2025 y destaca el trabajo articulador de Biob\u00edo Madera"},"content":{"rendered":"\n<p class=\"wp-block-paragraph\"><em><u>La distinci\u00f3n pone en relieve un proceso colectivo que busca transformar la manera en que se construye en Chile, promoviendo una industria m\u00e1s eficiente y comprometida con el desarrollo sostenible.<\/u><\/em><\/p>\n\n\n\n<p class=\"wp-block-paragraph\">En el Teatro Municipal de Constituci\u00f3n, la Corporaci\u00f3n Chilena de la Madera (Corma) entreg\u00f3 el Premio al M\u00e9rito 2025 al arquitecto Frane Zilic, gerente del Programa Estrat\u00e9gico Regional Biob\u00edo Madera, en reconocimiento a su liderazgo en la promoci\u00f3n de la construcci\u00f3n en madera como una alternativa sostenible y competitiva para el pa\u00eds. El galard\u00f3n, entregado durante la tradicional ceremonia del C\u00f3ndor de los Vientos, distingui\u00f3 a 49 personas, pymes, liceos y organizaciones por su aporte al desarrollo sostenible, la innovaci\u00f3n y la excelencia en la industria forestal y maderera.<\/p>\n\n\n\n<p class=\"wp-block-paragraph\">Desde Corma destacaron el compromiso de Zilic con el fortalecimiento del sector y su capacidad para integrar innovaci\u00f3n, sostenibilidad y productividad en una misma visi\u00f3n. El presidente de Corma Biob\u00edo y \u00d1uble, Alejandro Casagrande, valor\u00f3 \u201csu liderazgo y convicci\u00f3n para impulsar los m\u00e9todos modernos de construcci\u00f3n, desafiando al sector a buscar soluciones innovadoras y m\u00e1s sostenibles para el futuro de la vivienda\u201d.<\/p>\n\n\n\n<p class=\"wp-block-paragraph\">Para Frane Zilic, este reconocimiento no es un logro individual, sino de un proceso colectivo que est\u00e1 empezando a consolidarse y que refleja el trabajo conjunto de una gobernanza amplia, donde confluyen gremios, universidades e instituciones p\u00fablicas. \u201cDesde el programa hemos trabajado para generar condiciones habilitantes: adecuar normativas, fortalecer capacidades y articular actores para que la madera se consolide como la mejor alternativa para la construcci\u00f3n, sabiendo que es el \u00fanico material disponible que puede contribuir integralmente a la sostenibilidad econ\u00f3mica, social y ambiental\u201d, recalc\u00f3.<\/p>\n\n\n\n<p class=\"wp-block-paragraph\">Roberta Lama, directora ejecutiva del Comit\u00e9 de Desarrollo Productivo Regional, valor\u00f3 el reconocimiento y el alcance del trabajo colaborativo impulsado por el Programa Estrat\u00e9gico Regional. \u201cBiob\u00edo Madera ha construido una s\u00f3lida base para avanzar hacia una industria m\u00e1s sostenible, con foco en la articulaci\u00f3n, la innovaci\u00f3n y la productividad. Para nosotros, como Corfo Biob\u00edo, es importante visualizar c\u00f3mo el programa se potencia como una plataforma que conecta voluntades, transforma y proyecta &nbsp;a la regi\u00f3n del Biob\u00edo como un polo de desarrollo en M\u00e9todos Modernos de Construcci\u00f3n Sostenible en Madera, donde la calidad, productividad, innovaci\u00f3n y sostenibilidad son un pilar\u201d.<\/p>\n\n\n\n<p class=\"wp-block-paragraph\">Por su parte, el presidente de Biob\u00edo Madera, V\u00edctor Sandoval, afirm\u00f3 que el liderazgo de Zilic ha sido esencial para mantener coherencia y continuidad en un proceso de cambio que reci\u00e9n comienza. \u201cEste reconocimiento al gerente de Biob\u00edo Madera, destaca tambi\u00e9n el trabajo colaborativo de todos los actores involucrados en la gobernanza del programa, y nos motiva a seguir trabajando en la misma l\u00ednea, consolidando a la madera como camino hacia una construcci\u00f3n m\u00e1s eficiente, moderna y responsable\u201d, concluy\u00f3<\/p>\n\n\n\n<p class=\"wp-block-paragraph\">El Programa Estrat\u00e9gico Regional Biob\u00edo Madera, impulsado por Corfo, contin\u00faa avanzando en el desarrollo de los M\u00e9todos Modernos de Construcci\u00f3n (MMC), la gobernanza p\u00fablico-privada y la adecuaci\u00f3n normativa que permita escalar la construcci\u00f3n en madera, preparando al sector para los desaf\u00edos de la carbono neutralidad 2050.<\/p>\n\n\n\n<figure class=\"wp-block-image size-full\"><img loading=\"lazy\" decoding=\"async\" width=\"857\" height=\"574\" src=\"https:\/\/www.koncevisiontv.cl\/web\/wp-content\/uploads\/2025\/10\/02.-Premio-Corma.jpg\" alt=\"\" class=\"wp-image-11755\" title=\"\" srcset=\"https:\/\/www.koncevisiontv.cl\/web\/wp-content\/uploads\/2025\/10\/02.-Premio-Corma.jpg 857w, https:\/\/www.koncevisiontv.cl\/web\/wp-content\/uploads\/2025\/10\/02.-Premio-Corma-300x201.jpg 300w, https:\/\/www.koncevisiontv.cl\/web\/wp-content\/uploads\/2025\/10\/02.-Premio-Corma-768x514.jpg 768w\" sizes=\"auto, (max-width: 857px) 100vw, 857px\" \/><\/figure>\n\n\n\n<figure class=\"wp-block-image size-full\"><img loading=\"lazy\" decoding=\"async\" width=\"857\" height=\"574\" src=\"https:\/\/www.koncevisiontv.cl\/web\/wp-content\/uploads\/2025\/10\/05.-Premio-Corma.jpg\" alt=\"\" class=\"wp-image-11754\" title=\"\" srcset=\"https:\/\/www.koncevisiontv.cl\/web\/wp-content\/uploads\/2025\/10\/05.-Premio-Corma.jpg 857w, https:\/\/www.koncevisiontv.cl\/web\/wp-content\/uploads\/2025\/10\/05.-Premio-Corma-300x201.jpg 300w, https:\/\/www.koncevisiontv.cl\/web\/wp-content\/uploads\/2025\/10\/05.-Premio-Corma-768x514.jpg 768w\" sizes=\"auto, (max-width: 857px) 100vw, 857px\" \/><\/figure>\n\n\n\n<figure class=\"wp-block-image size-large\"><img loading=\"lazy\" decoding=\"async\" width=\"1024\" height=\"683\" src=\"https:\/\/www.koncevisiontv.cl\/web\/wp-content\/uploads\/2025\/10\/04.-Premio-Corma-1024x683.jpg\" alt=\"\" class=\"wp-image-11753\" title=\"\" srcset=\"https:\/\/www.koncevisiontv.cl\/web\/wp-content\/uploads\/2025\/10\/04.-Premio-Corma-1024x683.jpg 1024w, https:\/\/www.koncevisiontv.cl\/web\/wp-content\/uploads\/2025\/10\/04.-Premio-Corma-300x200.jpg 300w, https:\/\/www.koncevisiontv.cl\/web\/wp-content\/uploads\/2025\/10\/04.-Premio-Corma-768x512.jpg 768w, https:\/\/www.koncevisiontv.cl\/web\/wp-content\/uploads\/2025\/10\/04.-Premio-Corma.jpg 1440w\" sizes=\"auto, (max-width: 1024px) 100vw, 1024px\" \/><\/figure>\n\n\n\n<figure class=\"wp-block-image size-large\"><img loading=\"lazy\" decoding=\"async\" width=\"1024\" height=\"683\" src=\"https:\/\/www.koncevisiontv.cl\/web\/wp-content\/uploads\/2025\/10\/07.-Premio-Corma-1024x683.jpg\" alt=\"\" class=\"wp-image-11752\" title=\"\" srcset=\"https:\/\/www.koncevisiontv.cl\/web\/wp-content\/uploads\/2025\/10\/07.-Premio-Corma-1024x683.jpg 1024w, https:\/\/www.koncevisiontv.cl\/web\/wp-content\/uploads\/2025\/10\/07.-Premio-Corma-300x200.jpg 300w, https:\/\/www.koncevisiontv.cl\/web\/wp-content\/uploads\/2025\/10\/07.-Premio-Corma-768x512.jpg 768w, https:\/\/www.koncevisiontv.cl\/web\/wp-content\/uploads\/2025\/10\/07.-Premio-Corma.jpg 1440w\" sizes=\"auto, (max-width: 1024px) 100vw, 1024px\" \/><\/figure>\n","protected":false},"excerpt":{"rendered":"<p>La distinci\u00f3n pone en relieve un proceso colectivo que busca transformar la manera en que se construye en<\/p>\n","protected":false},"author":5,"featured_media":11751,"comment_status":"open","ping_status":"open","sticky":false,"template":"","format":"standard","meta":{"_crdt_document":"","_uag_custom_page_level_css":"","_sitemap_exclude":false,"_sitemap_priority":"","_sitemap_frequency":"","_joinchat":[],"footnotes":""},"categories":[226],"tags":[63],"class_list":["post-11750","post","type-post","status-publish","format-standard","has-post-thumbnail","hentry","category-concepcion","tag-regiondelbiobio"],"featured_image_urls":{"full":["https:\/\/www.koncevisiontv.cl\/web\/wp-content\/uploads\/2025\/10\/01.-Premio-Corma.jpg",1440,960,false],"thumbnail":["https:\/\/www.koncevisiontv.cl\/web\/wp-content\/uploads\/2025\/10\/01.-Premio-Corma-150x150.jpg",150,150,true],"medium":["https:\/\/www.koncevisiontv.cl\/web\/wp-content\/uploads\/2025\/10\/01.-Premio-Corma-300x200.jpg",300,200,true],"medium_large":["https:\/\/www.koncevisiontv.cl\/web\/wp-content\/uploads\/2025\/10\/01.-Premio-Corma-768x512.jpg",640,427,true],"large":["https:\/\/www.koncevisiontv.cl\/web\/wp-content\/uploads\/2025\/10\/01.-Premio-Corma-1024x683.jpg",640,427,true],"1536x1536":["https:\/\/www.koncevisiontv.cl\/web\/wp-content\/uploads\/2025\/10\/01.-Premio-Corma.jpg",1440,960,false],"2048x2048":["https:\/\/www.koncevisiontv.cl\/web\/wp-content\/uploads\/2025\/10\/01.-Premio-Corma.jpg",1440,960,false],"darknews-featured":["https:\/\/www.koncevisiontv.cl\/web\/wp-content\/uploads\/2025\/10\/01.-Premio-Corma-1024x683.jpg",1024,683,true],"darknews-large":["https:\/\/www.koncevisiontv.cl\/web\/wp-content\/uploads\/2025\/10\/01.-Premio-Corma-825x575.jpg",825,575,true],"darknews-medium":["https:\/\/www.koncevisiontv.cl\/web\/wp-content\/uploads\/2025\/10\/01.-Premio-Corma-590x410.jpg",590,410,true]},"author_info":{"info":["Web-Master"]},"category_info":"<a href=\"https:\/\/www.koncevisiontv.cl\/web\/category\/concepcion\/\" rel=\"category tag\">Concepcion<\/a>","tag_info":"Concepcion","comment_count":"0","uagb_featured_image_src":{"full":["https:\/\/www.koncevisiontv.cl\/web\/wp-content\/uploads\/2025\/10\/01.-Premio-Corma.jpg",1440,960,false],"thumbnail":["https:\/\/www.koncevisiontv.cl\/web\/wp-content\/uploads\/2025\/10\/01.-Premio-Corma-150x150.jpg",150,150,true],"medium":["https:\/\/www.koncevisiontv.cl\/web\/wp-content\/uploads\/2025\/10\/01.-Premio-Corma-300x200.jpg",300,200,true],"medium_large":["https:\/\/www.koncevisiontv.cl\/web\/wp-content\/uploads\/2025\/10\/01.-Premio-Corma-768x512.jpg",640,427,true],"large":["https:\/\/www.koncevisiontv.cl\/web\/wp-content\/uploads\/2025\/10\/01.-Premio-Corma-1024x683.jpg",640,427,true],"1536x1536":["https:\/\/www.koncevisiontv.cl\/web\/wp-content\/uploads\/2025\/10\/01.-Premio-Corma.jpg",1440,960,false],"2048x2048":["https:\/\/www.koncevisiontv.cl\/web\/wp-content\/uploads\/2025\/10\/01.-Premio-Corma.jpg",1440,960,false],"darknews-featured":["https:\/\/www.koncevisiontv.cl\/web\/wp-content\/uploads\/2025\/10\/01.-Premio-Corma-1024x683.jpg",1024,683,true],"darknews-large":["https:\/\/www.koncevisiontv.cl\/web\/wp-content\/uploads\/2025\/10\/01.-Premio-Corma-825x575.jpg",825,575,true],"darknews-medium":["https:\/\/www.koncevisiontv.cl\/web\/wp-content\/uploads\/2025\/10\/01.-Premio-Corma-590x410.jpg",590,410,true]},"uagb_author_info":{"display_name":"Web-Master","author_link":"https:\/\/www.koncevisiontv.cl\/web\/author\/koncevision\/"},"uagb_comment_info":0,"uagb_excerpt":"La distinci\u00f3n pone en relieve un proceso colectivo que busca transformar la manera en que se construye en","_links":{"self":[{"href":"https:\/\/www.koncevisiontv.cl\/web\/wp-json\/wp\/v2\/posts\/11750","targetHints":{"allow":["GET"]}}],"collection":[{"href":"https:\/\/www.koncevisiontv.cl\/web\/wp-json\/wp\/v2\/posts"}],"about":[{"href":"https:\/\/www.koncevisiontv.cl\/web\/wp-json\/wp\/v2\/types\/post"}],"author":[{"embeddable":true,"href":"https:\/\/www.koncevisiontv.cl\/web\/wp-json\/wp\/v2\/users\/5"}],"replies":[{"embeddable":true,"href":"https:\/\/www.koncevisiontv.cl\/web\/wp-json\/wp\/v2\/comments?post=11750"}],"version-history":[{"count":1,"href":"https:\/\/www.koncevisiontv.cl\/web\/wp-json\/wp\/v2\/posts\/11750\/revisions"}],"predecessor-version":[{"id":11756,"href":"https:\/\/www.koncevisiontv.cl\/web\/wp-json\/wp\/v2\/posts\/11750\/revisions\/11756"}],"wp:featuredmedia":[{"embeddable":true,"href":"https:\/\/www.koncevisiontv.cl\/web\/wp-json\/wp\/v2\/media\/11751"}],"wp:attachment":[{"href":"https:\/\/www.koncevisiontv.cl\/web\/wp-json\/wp\/v2\/media?parent=11750"}],"wp:term":[{"taxonomy":"category","embeddable":true,"href":"https:\/\/www.koncevisiontv.cl\/web\/wp-json\/wp\/v2\/categories?post=11750"},{"taxonomy":"post_tag","embeddable":true,"href":"https:\/\/www.koncevisiontv.cl\/web\/wp-json\/wp\/v2\/tags?post=11750"}],"curies":[{"name":"wp","href":"https:\/\/api.w.org\/{rel}","templated":true}]}}