{"id":11757,"date":"2025-10-27T11:27:40","date_gmt":"2025-10-27T14:27:40","guid":{"rendered":"https:\/\/www.koncevisiontv.cl\/web\/?p=11757"},"modified":"2025-10-27T11:27:43","modified_gmt":"2025-10-27T14:27:43","slug":"caso-tomas-bravo-defensoria-regional-del-biobio-cuantifica-gastos-de-la-defensa-de-jorge-escobar-tras-absolucion","status":"publish","type":"post","link":"https:\/\/www.koncevisiontv.cl\/web\/caso-tomas-bravo-defensoria-regional-del-biobio-cuantifica-gastos-de-la-defensa-de-jorge-escobar-tras-absolucion\/","title":{"rendered":"Caso Tom\u00e1s Bravo: Defensor\u00eda Regional del Biob\u00edo cuantifica gastos de la defensa de Jorge Escobar tras absoluci\u00f3n"},"content":{"rendered":"\n<p class=\"wp-block-paragraph\">La Defensor\u00eda Penal P\u00fablica en la Regi\u00f3n del Biob\u00edo se encuentra determinando el costo total de la representaci\u00f3n legal brindada a Jorge Escobar Escobar, quien fue absuelto de la acusaci\u00f3n en el juicio por la desaparici\u00f3n y posterior muerte de su sobrino nieto, Tom\u00e1s Bravo.<\/p>\n\n\n\n<p class=\"wp-block-paragraph\">Este c\u00e1lculo es un factor determinante, ya que incidir\u00e1 directamente en la resoluci\u00f3n del Tribunal Oral de Ca\u00f1ete respecto a las costas procesales que el Ministerio P\u00fablico debe abonar a Escobar, un monto equivalente a los gastos en que incurri\u00f3 el eximputado para su defensa.<\/p>\n\n\n\n<p class=\"wp-block-paragraph\">La gesti\u00f3n de este cobro se activ\u00f3 despu\u00e9s de que Escobar revocara el patrocinio de la Defensor\u00eda \u2014vigente desde el inicio del caso en febrero de 2021\u2014 y designara a un abogado privado para que lo represente espec\u00edficamente en el proceso de cobro de las costas judiciales a las que fue condenada la Fiscal\u00eda.<\/p>\n\n\n\n<p class=\"wp-block-paragraph\">El defensor regional, Osvaldo Pizarro, confirm\u00f3 que la instituci\u00f3n est\u00e1 enfocada en establecer los recursos exactos destinados a la defensa de Escobar, los cuales le ser\u00e1n comunicados oportunamente. El nuevo abogado de Escobar es Pedro Aguilera, un ex defensor penal p\u00fablico que ya conoc\u00eda el caso, pues integr\u00f3 el equipo de defensa hasta hace pocos meses.<\/p>\n\n\n\n<p class=\"wp-block-paragraph\">La audiencia clave en la que el Tribunal Oral de Ca\u00f1ete regular\u00e1 y definir\u00e1 el monto definitivo de las costas del juicio est\u00e1 agendada para el pr\u00f3ximo <strong>5 de noviembre<\/strong>. La Defensor\u00eda prev\u00e9 notificar su c\u00e1lculo de gastos antes de esa fecha.<\/p>\n","protected":false},"excerpt":{"rendered":"<p>La Defensor\u00eda Penal P\u00fablica en la Regi\u00f3n del Biob\u00edo se encuentra determinando el costo total de la representaci\u00f3n<\/p>\n","protected":false},"author":5,"featured_media":11758,"comment_status":"open","ping_status":"open","sticky":false,"template":"","format":"standard","meta":{"_crdt_document":"","_uag_custom_page_level_css":"","_sitemap_exclude":false,"_sitemap_priority":"","_sitemap_frequency":"","_joinchat":[],"footnotes":""},"categories":[1,14],"tags":[63],"class_list":["post-11757","post","type-post","status-publish","format-standard","has-post-thumbnail","hentry","category-bio-bio","category-nacional","tag-regiondelbiobio"],"featured_image_urls":{"full":["https:\/\/www.koncevisiontv.cl\/web\/wp-content\/uploads\/2025\/10\/caso-tomas-bravo-costas-juicio-tio-abuelo.jpg",1200,633,false],"thumbnail":["https:\/\/www.koncevisiontv.cl\/web\/wp-content\/uploads\/2025\/10\/caso-tomas-bravo-costas-juicio-tio-abuelo-150x150.jpg",150,150,true],"medium":["https:\/\/www.koncevisiontv.cl\/web\/wp-content\/uploads\/2025\/10\/caso-tomas-bravo-costas-juicio-tio-abuelo-300x158.jpg",300,158,true],"medium_large":["https:\/\/www.koncevisiontv.cl\/web\/wp-content\/uploads\/2025\/10\/caso-tomas-bravo-costas-juicio-tio-abuelo-768x405.jpg",640,338,true],"large":["https:\/\/www.koncevisiontv.cl\/web\/wp-content\/uploads\/2025\/10\/caso-tomas-bravo-costas-juicio-tio-abuelo-1024x540.jpg",640,338,true],"1536x1536":["https:\/\/www.koncevisiontv.cl\/web\/wp-content\/uploads\/2025\/10\/caso-tomas-bravo-costas-juicio-tio-abuelo.jpg",1200,633,false],"2048x2048":["https:\/\/www.koncevisiontv.cl\/web\/wp-content\/uploads\/2025\/10\/caso-tomas-bravo-costas-juicio-tio-abuelo.jpg",1200,633,false],"darknews-featured":["https:\/\/www.koncevisiontv.cl\/web\/wp-content\/uploads\/2025\/10\/caso-tomas-bravo-costas-juicio-tio-abuelo-1024x540.jpg",1024,540,true],"darknews-large":["https:\/\/www.koncevisiontv.cl\/web\/wp-content\/uploads\/2025\/10\/caso-tomas-bravo-costas-juicio-tio-abuelo-825x575.jpg",825,575,true],"darknews-medium":["https:\/\/www.koncevisiontv.cl\/web\/wp-content\/uploads\/2025\/10\/caso-tomas-bravo-costas-juicio-tio-abuelo-590x410.jpg",590,410,true]},"author_info":{"info":["Web-Master"]},"category_info":"<a href=\"https:\/\/www.koncevisiontv.cl\/web\/category\/bio-bio\/\" rel=\"category tag\">Bio-B\u00edo<\/a> <a href=\"https:\/\/www.koncevisiontv.cl\/web\/category\/nacional\/\" rel=\"category tag\">Nacional<\/a>","tag_info":"Nacional","comment_count":"0","uagb_featured_image_src":{"full":["https:\/\/www.koncevisiontv.cl\/web\/wp-content\/uploads\/2025\/10\/caso-tomas-bravo-costas-juicio-tio-abuelo.jpg",1200,633,false],"thumbnail":["https:\/\/www.koncevisiontv.cl\/web\/wp-content\/uploads\/2025\/10\/caso-tomas-bravo-costas-juicio-tio-abuelo-150x150.jpg",150,150,true],"medium":["https:\/\/www.koncevisiontv.cl\/web\/wp-content\/uploads\/2025\/10\/caso-tomas-bravo-costas-juicio-tio-abuelo-300x158.jpg",300,158,true],"medium_large":["https:\/\/www.koncevisiontv.cl\/web\/wp-content\/uploads\/2025\/10\/caso-tomas-bravo-costas-juicio-tio-abuelo-768x405.jpg",640,338,true],"large":["https:\/\/www.koncevisiontv.cl\/web\/wp-content\/uploads\/2025\/10\/caso-tomas-bravo-costas-juicio-tio-abuelo-1024x540.jpg",640,338,true],"1536x1536":["https:\/\/www.koncevisiontv.cl\/web\/wp-content\/uploads\/2025\/10\/caso-tomas-bravo-costas-juicio-tio-abuelo.jpg",1200,633,false],"2048x2048":["https:\/\/www.koncevisiontv.cl\/web\/wp-content\/uploads\/2025\/10\/caso-tomas-bravo-costas-juicio-tio-abuelo.jpg",1200,633,false],"darknews-featured":["https:\/\/www.koncevisiontv.cl\/web\/wp-content\/uploads\/2025\/10\/caso-tomas-bravo-costas-juicio-tio-abuelo-1024x540.jpg",1024,540,true],"darknews-large":["https:\/\/www.koncevisiontv.cl\/web\/wp-content\/uploads\/2025\/10\/caso-tomas-bravo-costas-juicio-tio-abuelo-825x575.jpg",825,575,true],"darknews-medium":["https:\/\/www.koncevisiontv.cl\/web\/wp-content\/uploads\/2025\/10\/caso-tomas-bravo-costas-juicio-tio-abuelo-590x410.jpg",590,410,true]},"uagb_author_info":{"display_name":"Web-Master","author_link":"https:\/\/www.koncevisiontv.cl\/web\/author\/koncevision\/"},"uagb_comment_info":0,"uagb_excerpt":"La Defensor\u00eda Penal P\u00fablica en la Regi\u00f3n del Biob\u00edo se encuentra determinando el costo total de la representaci\u00f3n","_links":{"self":[{"href":"https:\/\/www.koncevisiontv.cl\/web\/wp-json\/wp\/v2\/posts\/11757","targetHints":{"allow":["GET"]}}],"collection":[{"href":"https:\/\/www.koncevisiontv.cl\/web\/wp-json\/wp\/v2\/posts"}],"about":[{"href":"https:\/\/www.koncevisiontv.cl\/web\/wp-json\/wp\/v2\/types\/post"}],"author":[{"embeddable":true,"href":"https:\/\/www.koncevisiontv.cl\/web\/wp-json\/wp\/v2\/users\/5"}],"replies":[{"embeddable":true,"href":"https:\/\/www.koncevisiontv.cl\/web\/wp-json\/wp\/v2\/comments?post=11757"}],"version-history":[{"count":1,"href":"https:\/\/www.koncevisiontv.cl\/web\/wp-json\/wp\/v2\/posts\/11757\/revisions"}],"predecessor-version":[{"id":11759,"href":"https:\/\/www.koncevisiontv.cl\/web\/wp-json\/wp\/v2\/posts\/11757\/revisions\/11759"}],"wp:featuredmedia":[{"embeddable":true,"href":"https:\/\/www.koncevisiontv.cl\/web\/wp-json\/wp\/v2\/media\/11758"}],"wp:attachment":[{"href":"https:\/\/www.koncevisiontv.cl\/web\/wp-json\/wp\/v2\/media?parent=11757"}],"wp:term":[{"taxonomy":"category","embeddable":true,"href":"https:\/\/www.koncevisiontv.cl\/web\/wp-json\/wp\/v2\/categories?post=11757"},{"taxonomy":"post_tag","embeddable":true,"href":"https:\/\/www.koncevisiontv.cl\/web\/wp-json\/wp\/v2\/tags?post=11757"}],"curies":[{"name":"wp","href":"https:\/\/api.w.org\/{rel}","templated":true}]}}