{"id":11775,"date":"2025-10-27T15:40:49","date_gmt":"2025-10-27T18:40:49","guid":{"rendered":"https:\/\/www.koncevisiontv.cl\/web\/?p=11775"},"modified":"2025-10-27T15:40:52","modified_gmt":"2025-10-27T18:40:52","slug":"veredicto-en-caso-rennatta-rozas-tribunal-condena-a-imputado-pero-desestima-la-acusacion-de-femicidio","status":"publish","type":"post","link":"https:\/\/www.koncevisiontv.cl\/web\/veredicto-en-caso-rennatta-rozas-tribunal-condena-a-imputado-pero-desestima-la-acusacion-de-femicidio\/","title":{"rendered":"Veredicto en Caso Rennatta Rozas: Tribunal condena a imputado, pero desestima la acusaci\u00f3n de femicidio"},"content":{"rendered":"\n<p class=\"wp-block-paragraph\">El <strong>Tribunal Oral en lo Penal de Concepci\u00f3n<\/strong> emiti\u00f3 un veredicto en el medi\u00e1tico caso de <strong>Rennatta Rozas S\u00e1ez<\/strong>, declarando <strong>culpable<\/strong> a <strong>Diego Antic\u00e1n<\/strong> por la muerte de la joven, cuyo cuerpo mutilado fue encontrado en Penco en mayo de 2023.<\/p>\n\n\n\n<p class=\"wp-block-paragraph\">Sin embargo, en un giro significativo, el tribunal decidi\u00f3 <strong>recalificar el delito<\/strong> imputado por la Fiscal\u00eda, desestimando la acusaci\u00f3n inicial de <strong>femicidio \u00edntimo<\/strong> y condenando al acusado \u00fanicamente por <strong>homicidio simple<\/strong>. Esta modificaci\u00f3n se debe a que la justicia consider\u00f3 que no se lograron acreditar los antecedentes necesarios para configurar legalmente la figura del femicidio, que implica una relaci\u00f3n afectiva previa.<\/p>\n\n\n\n<p class=\"wp-block-paragraph\">Debido a esta recalificaci\u00f3n, la Fiscal\u00eda debi\u00f3 ajustar su solicitud de pena, pasando de la petici\u00f3n original de presidio perpetuo simple a una nueva solicitud de <strong>20 a\u00f1os de c\u00e1rcel<\/strong> para Diego Antic\u00e1n.<\/p>\n\n\n\n<p class=\"wp-block-paragraph\">El Tribunal Oral en lo Penal de Concepci\u00f3n debe ahora fijar la fecha para la lectura de la sentencia definitiva, donde se conocer\u00e1 la pena impuesta al condenado.<\/p>\n","protected":false},"excerpt":{"rendered":"<p>El Tribunal Oral en lo Penal de Concepci\u00f3n emiti\u00f3 un veredicto en el medi\u00e1tico caso de Rennatta Rozas<\/p>\n","protected":false},"author":5,"featured_media":11776,"comment_status":"open","ping_status":"open","sticky":false,"template":"","format":"standard","meta":{"_crdt_document":"","_uag_custom_page_level_css":"","_sitemap_exclude":false,"_sitemap_priority":"","_sitemap_frequency":"","_joinchat":[],"footnotes":""},"categories":[209],"tags":[63],"class_list":["post-11775","post","type-post","status-publish","format-standard","has-post-thumbnail","hentry","category-homicidio","tag-regiondelbiobio"],"featured_image_urls":{"full":["https:\/\/www.koncevisiontv.cl\/web\/wp-content\/uploads\/2025\/10\/declaran-culpable-a-asesino-de-rennatta-rozas-pero-recalifican-delito-de-femicidio-a-homicidio-simple-1.png",1200,633,false],"thumbnail":["https:\/\/www.koncevisiontv.cl\/web\/wp-content\/uploads\/2025\/10\/declaran-culpable-a-asesino-de-rennatta-rozas-pero-recalifican-delito-de-femicidio-a-homicidio-simple-1-150x150.png",150,150,true],"medium":["https:\/\/www.koncevisiontv.cl\/web\/wp-content\/uploads\/2025\/10\/declaran-culpable-a-asesino-de-rennatta-rozas-pero-recalifican-delito-de-femicidio-a-homicidio-simple-1-300x158.png",300,158,true],"medium_large":["https:\/\/www.koncevisiontv.cl\/web\/wp-content\/uploads\/2025\/10\/declaran-culpable-a-asesino-de-rennatta-rozas-pero-recalifican-delito-de-femicidio-a-homicidio-simple-1-768x405.png",640,338,true],"large":["https:\/\/www.koncevisiontv.cl\/web\/wp-content\/uploads\/2025\/10\/declaran-culpable-a-asesino-de-rennatta-rozas-pero-recalifican-delito-de-femicidio-a-homicidio-simple-1-1024x540.png",640,338,true],"1536x1536":["https:\/\/www.koncevisiontv.cl\/web\/wp-content\/uploads\/2025\/10\/declaran-culpable-a-asesino-de-rennatta-rozas-pero-recalifican-delito-de-femicidio-a-homicidio-simple-1.png",1200,633,false],"2048x2048":["https:\/\/www.koncevisiontv.cl\/web\/wp-content\/uploads\/2025\/10\/declaran-culpable-a-asesino-de-rennatta-rozas-pero-recalifican-delito-de-femicidio-a-homicidio-simple-1.png",1200,633,false],"darknews-featured":["https:\/\/www.koncevisiontv.cl\/web\/wp-content\/uploads\/2025\/10\/declaran-culpable-a-asesino-de-rennatta-rozas-pero-recalifican-delito-de-femicidio-a-homicidio-simple-1-1024x540.png",1024,540,true],"darknews-large":["https:\/\/www.koncevisiontv.cl\/web\/wp-content\/uploads\/2025\/10\/declaran-culpable-a-asesino-de-rennatta-rozas-pero-recalifican-delito-de-femicidio-a-homicidio-simple-1-825x575.png",825,575,true],"darknews-medium":["https:\/\/www.koncevisiontv.cl\/web\/wp-content\/uploads\/2025\/10\/declaran-culpable-a-asesino-de-rennatta-rozas-pero-recalifican-delito-de-femicidio-a-homicidio-simple-1-590x410.png",590,410,true]},"author_info":{"info":["Web-Master"]},"category_info":"<a href=\"https:\/\/www.koncevisiontv.cl\/web\/category\/homicidio\/\" rel=\"category tag\">Homicidio<\/a>","tag_info":"Homicidio","comment_count":"0","uagb_featured_image_src":{"full":["https:\/\/www.koncevisiontv.cl\/web\/wp-content\/uploads\/2025\/10\/declaran-culpable-a-asesino-de-rennatta-rozas-pero-recalifican-delito-de-femicidio-a-homicidio-simple-1.png",1200,633,false],"thumbnail":["https:\/\/www.koncevisiontv.cl\/web\/wp-content\/uploads\/2025\/10\/declaran-culpable-a-asesino-de-rennatta-rozas-pero-recalifican-delito-de-femicidio-a-homicidio-simple-1-150x150.png",150,150,true],"medium":["https:\/\/www.koncevisiontv.cl\/web\/wp-content\/uploads\/2025\/10\/declaran-culpable-a-asesino-de-rennatta-rozas-pero-recalifican-delito-de-femicidio-a-homicidio-simple-1-300x158.png",300,158,true],"medium_large":["https:\/\/www.koncevisiontv.cl\/web\/wp-content\/uploads\/2025\/10\/declaran-culpable-a-asesino-de-rennatta-rozas-pero-recalifican-delito-de-femicidio-a-homicidio-simple-1-768x405.png",640,338,true],"large":["https:\/\/www.koncevisiontv.cl\/web\/wp-content\/uploads\/2025\/10\/declaran-culpable-a-asesino-de-rennatta-rozas-pero-recalifican-delito-de-femicidio-a-homicidio-simple-1-1024x540.png",640,338,true],"1536x1536":["https:\/\/www.koncevisiontv.cl\/web\/wp-content\/uploads\/2025\/10\/declaran-culpable-a-asesino-de-rennatta-rozas-pero-recalifican-delito-de-femicidio-a-homicidio-simple-1.png",1200,633,false],"2048x2048":["https:\/\/www.koncevisiontv.cl\/web\/wp-content\/uploads\/2025\/10\/declaran-culpable-a-asesino-de-rennatta-rozas-pero-recalifican-delito-de-femicidio-a-homicidio-simple-1.png",1200,633,false],"darknews-featured":["https:\/\/www.koncevisiontv.cl\/web\/wp-content\/uploads\/2025\/10\/declaran-culpable-a-asesino-de-rennatta-rozas-pero-recalifican-delito-de-femicidio-a-homicidio-simple-1-1024x540.png",1024,540,true],"darknews-large":["https:\/\/www.koncevisiontv.cl\/web\/wp-content\/uploads\/2025\/10\/declaran-culpable-a-asesino-de-rennatta-rozas-pero-recalifican-delito-de-femicidio-a-homicidio-simple-1-825x575.png",825,575,true],"darknews-medium":["https:\/\/www.koncevisiontv.cl\/web\/wp-content\/uploads\/2025\/10\/declaran-culpable-a-asesino-de-rennatta-rozas-pero-recalifican-delito-de-femicidio-a-homicidio-simple-1-590x410.png",590,410,true]},"uagb_author_info":{"display_name":"Web-Master","author_link":"https:\/\/www.koncevisiontv.cl\/web\/author\/koncevision\/"},"uagb_comment_info":0,"uagb_excerpt":"El Tribunal Oral en lo Penal de Concepci\u00f3n emiti\u00f3 un veredicto en el medi\u00e1tico caso de Rennatta Rozas","_links":{"self":[{"href":"https:\/\/www.koncevisiontv.cl\/web\/wp-json\/wp\/v2\/posts\/11775","targetHints":{"allow":["GET"]}}],"collection":[{"href":"https:\/\/www.koncevisiontv.cl\/web\/wp-json\/wp\/v2\/posts"}],"about":[{"href":"https:\/\/www.koncevisiontv.cl\/web\/wp-json\/wp\/v2\/types\/post"}],"author":[{"embeddable":true,"href":"https:\/\/www.koncevisiontv.cl\/web\/wp-json\/wp\/v2\/users\/5"}],"replies":[{"embeddable":true,"href":"https:\/\/www.koncevisiontv.cl\/web\/wp-json\/wp\/v2\/comments?post=11775"}],"version-history":[{"count":1,"href":"https:\/\/www.koncevisiontv.cl\/web\/wp-json\/wp\/v2\/posts\/11775\/revisions"}],"predecessor-version":[{"id":11777,"href":"https:\/\/www.koncevisiontv.cl\/web\/wp-json\/wp\/v2\/posts\/11775\/revisions\/11777"}],"wp:featuredmedia":[{"embeddable":true,"href":"https:\/\/www.koncevisiontv.cl\/web\/wp-json\/wp\/v2\/media\/11776"}],"wp:attachment":[{"href":"https:\/\/www.koncevisiontv.cl\/web\/wp-json\/wp\/v2\/media?parent=11775"}],"wp:term":[{"taxonomy":"category","embeddable":true,"href":"https:\/\/www.koncevisiontv.cl\/web\/wp-json\/wp\/v2\/categories?post=11775"},{"taxonomy":"post_tag","embeddable":true,"href":"https:\/\/www.koncevisiontv.cl\/web\/wp-json\/wp\/v2\/tags?post=11775"}],"curies":[{"name":"wp","href":"https:\/\/api.w.org\/{rel}","templated":true}]}}